{"id":14126,"date":"2021-09-20T00:50:55","date_gmt":"2021-09-20T00:50:55","guid":{"rendered":"http:\/\/fmriachuelo.com.ar\/?p=14126"},"modified":"2025-05-07T16:38:10","modified_gmt":"2025-05-07T19:38:10","slug":"el-acceso-a-la-luz-electrica-los-efectos-sobre-nuestro-pueblo-de-un-estado-fallido","status":"publish","type":"post","link":"http:\/\/fmriachuelo.it10.com.ar\/index.php\/2021\/09\/20\/el-acceso-a-la-luz-electrica-los-efectos-sobre-nuestro-pueblo-de-un-estado-fallido\/","title":{"rendered":"EL ACCESO A LA LUZ EL\u00c9CTRICA: LOS EFECTOS SOBRE NUESTRO PUEBLO DE UN ESTADO FALLIDO"},"content":{"rendered":"<p><strong>[FM Riachuelo, 19\/9\/2021]\u00a0Al Gran Pueblo Salud (lunes de 19 a 22 hs. 100.9 FM Riachuelo), visit\u00f3 y entrevist\u00f3 a la Familia Rivero del barrio Miraflores en La Paz, Entre R\u00edos. Nos contaron su realidad: viven all\u00ed hace m\u00e1s de 50 a\u00f1os sin luz el\u00e9ctrica. En esa situaci\u00f3n hay 10 familias con m\u00e1s de 30 ni\u00f1xs viviendo en la precarizaci\u00f3n, entre otras, de no poder refrigerar sus alimentos, no poder estudiar ni siquiera poder circular despu\u00e9s de la ca\u00edda del sol.<\/strong><\/p>\n<p>En esta primera entrega escucharemos las voces de Jes\u00fas y \u00c9rica Rivero quienes nos cuentan todos los reclamos realizados y las falsa promesas de un estado fallido, que no los recibe ni los escucha.<\/p>\n<p>Desde las organizaciones populares de todos los territorios insistiremos y lucharemos para visibilizar, acompa\u00f1ar y transformar la cruda situaci\u00f3n que viven esta y cientos de familias m\u00e1s a lo largo y ancho del pa\u00eds.<\/p>\n<p><strong>No nos detendremos hasta que se haga justicia<\/strong><\/p>\n<div class=\"epyt-video-wrapper\"><iframe loading=\"lazy\"  id=\"_ytid_25290\"  width=\"800\" height=\"450\"  data-origwidth=\"800\" data-origheight=\"450\"  data-relstop=\"1\" src=\"https:\/\/www.youtube.com\/embed\/ZjfMyn7Ssik?enablejsapi=1&#038;autoplay=0&#038;cc_load_policy=0&#038;cc_lang_pref=&#038;iv_load_policy=1&#038;loop=0&#038;modestbranding=0&#038;rel=0&#038;fs=1&#038;playsinline=0&#038;autohide=2&#038;theme=dark&#038;color=red&#038;controls=1&#038;\" class=\"__youtube_prefs__  epyt-is-override  no-lazyload\" title=\"YouTube player\"  allow=\"fullscreen; accelerometer; autoplay; clipboard-write; encrypted-media; gyroscope; picture-in-picture\" allowfullscreen data-no-lazy=\"1\" data-skipgform_ajax_framebjll=\"\"><\/iframe><\/div>\n<p>&nbsp;<\/p>\n","protected":false},"excerpt":{"rendered":"<p>[FM Riachuelo, 19\/9\/2021]\u00a0Al Gran Pueblo Salud (lunes de 19 a 22 hs. 100.9 FM Riachuelo), visit\u00f3 y entrevist\u00f3 a la Familia Rivero del barrio Miraflores en La Paz, Entre R\u00edos. Nos contaron su realidad: viven all\u00ed hace m\u00e1s de 50 a\u00f1os sin luz el\u00e9ctrica. En esa situaci\u00f3n hay 10 familias con m\u00e1s de 30 ni\u00f1xs [&hellip;]<\/p>\n","protected":false},"author":5,"featured_media":14127,"comment_status":"closed","ping_status":"closed","sticky":false,"template":"","format":"standard","meta":{"_monsterinsights_skip_tracking":false,"_monsterinsights_sitenote_active":false,"_monsterinsights_sitenote_note":"","_monsterinsights_sitenote_category":0,"jnews-multi-image_gallery":[],"jnews_single_post":{"format":"standard"},"jnews_primary_category":[],"_joinchat":[],"footnotes":""},"categories":[58],"tags":[147,157,162],"class_list":["post-14126","post","type-post","status-publish","format-standard","has-post-thumbnail","hentry","category-noticiariachuelo","tag-habitat","tag-nadie-se-salva-solo","tag-salud-comunitaria"],"_links":{"self":[{"href":"http:\/\/fmriachuelo.it10.com.ar\/index.php\/wp-json\/wp\/v2\/posts\/14126","targetHints":{"allow":["GET"]}}],"collection":[{"href":"http:\/\/fmriachuelo.it10.com.ar\/index.php\/wp-json\/wp\/v2\/posts"}],"about":[{"href":"http:\/\/fmriachuelo.it10.com.ar\/index.php\/wp-json\/wp\/v2\/types\/post"}],"author":[{"embeddable":true,"href":"http:\/\/fmriachuelo.it10.com.ar\/index.php\/wp-json\/wp\/v2\/users\/5"}],"replies":[{"embeddable":true,"href":"http:\/\/fmriachuelo.it10.com.ar\/index.php\/wp-json\/wp\/v2\/comments?post=14126"}],"version-history":[{"count":1,"href":"http:\/\/fmriachuelo.it10.com.ar\/index.php\/wp-json\/wp\/v2\/posts\/14126\/revisions"}],"predecessor-version":[{"id":22551,"href":"http:\/\/fmriachuelo.it10.com.ar\/index.php\/wp-json\/wp\/v2\/posts\/14126\/revisions\/22551"}],"wp:featuredmedia":[{"embeddable":true,"href":"http:\/\/fmriachuelo.it10.com.ar\/index.php\/wp-json\/"}],"wp:attachment":[{"href":"http:\/\/fmriachuelo.it10.com.ar\/index.php\/wp-json\/wp\/v2\/media?parent=14126"}],"wp:term":[{"taxonomy":"category","embeddable":true,"href":"http:\/\/fmriachuelo.it10.com.ar\/index.php\/wp-json\/wp\/v2\/categories?post=14126"},{"taxonomy":"post_tag","embeddable":true,"href":"http:\/\/fmriachuelo.it10.com.ar\/index.php\/wp-json\/wp\/v2\/tags?post=14126"}],"curies":[{"name":"wp","href":"https:\/\/api.w.org\/{rel}","templated":true}]}}