{"id":14110,"date":"2021-09-17T23:03:51","date_gmt":"2021-09-17T23:03:51","guid":{"rendered":"http:\/\/fmriachuelo.com.ar\/?p=14110"},"modified":"2025-05-07T16:39:17","modified_gmt":"2025-05-07T19:39:17","slug":"pesca-artesanal-el-pueblo-no-espera-se-organiza-y-lucha","status":"publish","type":"post","link":"http:\/\/fmriachuelo.it10.com.ar\/index.php\/2021\/09\/17\/pesca-artesanal-el-pueblo-no-espera-se-organiza-y-lucha\/","title":{"rendered":"PESCA ARTESANAL: EL PUEBLO NO ESPERA, SE ORGANIZA Y LUCHA."},"content":{"rendered":"<p><strong>[FM Riachuelo, 17\/9\/2021]\u00a0 Como dice el Papa Francisco: \u201cLos pobres no s\u00f3lo padecen la injusticia sino que tambi\u00e9n luchan contra ella!. Ya no esperan, quieren ser protagonistas, se organizan, estudian, trabajan, reclaman y, sobre todo, practican esa solidaridad tan especial que existe entre los que sufren\u00bb<i>.\u00a0<\/i>Tal es el caso de los trabajadores y trabajadoras de la pesca artesanal que, hartxs de la persecusi\u00f3n y los infinitos obst\u00e1culos que el poder y la burocracia les imponen a la hora de realizar sus actividades, decidieron salir a la pesca de la unidad del sector organizando el Primer Plenario Interprovincial del Pescador Artesanal del Delta que tuvo lugar en la ciudad de Ramallo los d\u00edas 14 y 15 de septiembre.<\/strong><\/p>\n<p><img loading=\"lazy\" decoding=\"async\" class=\"alignright wp-image-14116\" src=\"http:\/\/fmriachuelo.com.ar\/wp-content\/uploads\/2021\/09\/IMG_20210914_111333818_HDR-300x169.jpg\" alt=\"\" width=\"433\" height=\"244\" \/><\/p>\n<p>A dos d\u00edas de una jornada electoral en la que el pueblo expres\u00f3 con contundencia su descontento con las pol\u00edticas que hasta ahora se vienen llevando adelante ya que est\u00e1n muy alejadas de promover los cambios estructurales que realmente hacen falta, mas de 150 personas se dieron cita a orillas del r\u00edo Paran\u00e1 para debatir, compartir experiencias y desarrollar en conjunto un documento com\u00fan que contuviera todas las demandas y necesidades del sector de la pesca artesanal, dando muestra una vez m\u00e1s, de que es en el pueblo organizado donde est\u00e1 el saber emp\u00edrico para construir las bases de las pol\u00edticas p\u00fablicas que necesitamos.<\/p>\n<p><img loading=\"lazy\" decoding=\"async\" class=\"wp-image-14111 alignleft\" src=\"http:\/\/fmriachuelo.com.ar\/wp-content\/uploads\/2021\/09\/DSC3101baja-300x200.jpg\" alt=\"\" width=\"371\" height=\"247\" \/><\/p>\n<p>Entendi\u00e9ndose como trabajadores y trabajadoras de la Econom\u00eda Popular en un pa\u00eds en el que abunda el hambre y sobran los recursos, plantearon frente a varios funcionarios de diferentes \u00e1reas del Estado que dejen de defender los intereses de las multinacionales pesqueras que depredan el r\u00edo llev\u00e1ndose nuestras riquezas, que manden obedeciendo al pueblo y tomen decisiones urgentes para mejorar las condiciones de trabajo de quienes son los verdaderos actores de una actividad que, adem\u00e1s de generar gran cantidad de puestos de trabajo genuino, promueve y defiende la Soberan\u00eda Alimentaria y por supuesto la Soberan\u00eda Nacional.<\/p>\n<p>Sobre esto Florencio Montero de la Asociaci\u00f3n Civil Solidaridad, Uni\u00f3n y Producci\u00f3n de Victoria, Entre R\u00edos, nos dec\u00eda; <i>\u201cSomos los que le ponemos hombro al pa\u00eds, somos los que vamos con calor, lluvia, frio o tormentas a pescar para que el producto de nuestras islas llegue a las mesas de los argentinos\u201d <\/i>y Vanesa Morales de la Cooperativa La Boya de Punta Indio conclu\u00eda; \u201c <i>Necesitamos soluciones verdaderas que se sostengan en el tiempo y que cuando cambien los funcionarios no tengamos que volver a empezar. Nos vamos a seguir organizando hasta dejar a nuestros hijos, nietos y j\u00f3venes la verdadera herencia que queremos, el trabajo.\u201d<\/i><\/p>\n<p><img loading=\"lazy\" decoding=\"async\" class=\"wp-image-14115 alignright\" src=\"http:\/\/fmriachuelo.com.ar\/wp-content\/uploads\/2021\/09\/DSC_0727baja-300x200.jpg\" alt=\"\" width=\"469\" height=\"312\" \/><\/p>\n<p>Las organizaciones y cooperativas que convocaron a este plenario son: Cooperativa Los Pescadores se han unido (Delta del Paran\u00e1), Cooperativa Pescadores Trabajadores del R\u00edo (Villa Constituci\u00f3n), Cooperativa de Trabajo de Pescadores Siglo XXI (Rosario), Asociaci\u00f3n Civil de Pescadores de Alto Verde, Agrupaci\u00f3n de pescadores artesanal Bajo la Cruz (Victoria), Asociaci\u00f3n Isle\u00f1a Cooperativa Baradero, Asociaci\u00f3n Civil Carlos Orellana (Rosario), Delegados del Barrio Saladillo (Rosario), Asociaci\u00f3n Civil de Pescadores Ramallenses, Asociaci\u00f3n Civil Brazos del Paran\u00e1 (San Nicol\u00e1s), Cooperativa La Boya (Punta Indio), Cooperativa de pescadores El Pir\u00e1 de Tacuarend\u00ed (Rosario), Asociaci\u00f3n Civil La Palometa (Buenos Aires), Cooperativa Derivando (San Pedro), Cooperativa La Colmena (Victoria, Entre R\u00edos), Asociaci\u00f3n Civil Solidaridad, Uni\u00f3n y Producci\u00f3n (Victoria, Entre R\u00edos), Cooperativa Fisherton (Pueblo Ester, Santa Fe), Cooperativa Rivera del Paran\u00e1 (Villa Gobernador G\u00e1lvez, Santa Fe), Cooperativa de Industria y Comercializaci\u00f3n Pesquera (La Paz, Entre R\u00edos), Talavera (Z\u00e1rate), Cooperativa Delta Sustentable (Tigre), Emprendedores de valor agregado de Concordia, Pescadores y pescadoras de Z\u00e1rate, de Campana, de Isla de las Lechiguanas y de San Pedro.<\/p>\n<p><img loading=\"lazy\" decoding=\"async\" class=\"wp-image-14114 alignleft\" src=\"http:\/\/fmriachuelo.com.ar\/wp-content\/uploads\/2021\/09\/DSC4051baja-300x200.jpg\" alt=\"\" width=\"400\" height=\"267\" \/><\/p>\n<p>Tambi\u00e9n fueron parte de la organizaci\u00f3n, la Uni\u00f3n de Trabajadores yTrabajadoras de la Econom\u00eda Popular UTEP, el Movimiento Popular Los Pibes, la Mesa Gremial 19 y 20 Entre R\u00edos, la Fundaci\u00f3n Humedales &#8211; Wetlands Internacional, el Foro de Seguridad Isle\u00f1o del Paran\u00e1, la Uni\u00f3n Latinoamericana de T\u00e9cnicos Rurales ULTERA, el Centro de Estudios Scalabrini Ortiz CESO y el INTA.<\/p>\n<p>Adem\u00e1s se hicieron presentes para acompa\u00f1ar la actividad, Lito Borello, Secretario de DDHH de la UTEP, Carina Maloberti, de ATE SENASA, representantes de Universidad Nacional de Rosario, Movimiento Evita de Ramallo, Movimiento Popular la Dignidad de Baradero y Juan Carlos S\u00e1nchez del Frente Barrial Pocho Lepratti &#8211; UTEP 19 y 20 Entre R\u00edos.<\/p>\n<p><img loading=\"lazy\" decoding=\"async\" class=\"wp-image-14113 alignright\" src=\"http:\/\/fmriachuelo.com.ar\/wp-content\/uploads\/2021\/09\/DSC4038baja-300x200.jpg\" alt=\"\" width=\"398\" height=\"265\" \/>La idea de \u00e9ste Plenario, surgi\u00f3 en una asamblea que se di\u00f3 en el marco de una actividad en la que se conmemoraba la emblem\u00e1tica batalla de \u201cVuelta de Obligado\u201d y as\u00ed, con el legado hist\u00f3rico que nos dejaron aquellos compa\u00f1eros y con la convicci\u00f3n de que con organizaci\u00f3n y lucha todo se puede transformar, decimos que ac\u00e1, no se rinde nadie!!!<\/p>\n<p>Desde FM Riachuelo acompa\u00f1amos las dos jornadas y dentro de la cobertura realizamos una mesa de balance con representantes del sector emitida en el programa programa Cazadoras de Zonceras.<\/p>\n<p><strong>Escuchala completa ac\u00e1:<\/strong><\/p>\n<p><iframe loading=\"lazy\" title=\"MESA DEBATE: PRIMER ENCUENTRO INTERPROVINCIAL DEL PESCADOR ARTESANAL DEL DELTA by FMR\" width=\"500\" height=\"400\" scrolling=\"no\" frameborder=\"no\" src=\"https:\/\/w.soundcloud.com\/player\/?visual=true&#038;url=https%3A%2F%2Fapi.soundcloud.com%2Ftracks%2F1126523416&#038;show_artwork=true&#038;maxheight=750&#038;maxwidth=500\"><\/iframe><\/p>\n<p>&nbsp;<\/p>\n<p>&nbsp;<\/p>\n","protected":false},"excerpt":{"rendered":"<p>[FM Riachuelo, 17\/9\/2021]\u00a0 Como dice el Papa Francisco: \u201cLos pobres no s\u00f3lo padecen la injusticia sino que tambi\u00e9n luchan contra ella!. Ya no esperan, quieren ser protagonistas, se organizan, estudian, trabajan, reclaman y, sobre todo, practican esa solidaridad tan especial que existe entre los que sufren\u00bb.\u00a0Tal es el caso de los trabajadores y trabajadoras de [&hellip;]<\/p>\n","protected":false},"author":5,"featured_media":14112,"comment_status":"closed","ping_status":"closed","sticky":false,"template":"","format":"standard","meta":{"_monsterinsights_skip_tracking":false,"_monsterinsights_sitenote_active":false,"_monsterinsights_sitenote_note":"","_monsterinsights_sitenote_category":0,"jnews-multi-image_gallery":[],"jnews_single_post":{"format":"standard"},"jnews_primary_category":[],"_joinchat":[],"footnotes":""},"categories":[58],"tags":[64,157,94],"class_list":["post-14110","post","type-post","status-publish","format-standard","has-post-thumbnail","hentry","category-noticiariachuelo","tag-economia-popular","tag-nadie-se-salva-solo","tag-soberania-alimentaria"],"_links":{"self":[{"href":"http:\/\/fmriachuelo.it10.com.ar\/index.php\/wp-json\/wp\/v2\/posts\/14110","targetHints":{"allow":["GET"]}}],"collection":[{"href":"http:\/\/fmriachuelo.it10.com.ar\/index.php\/wp-json\/wp\/v2\/posts"}],"about":[{"href":"http:\/\/fmriachuelo.it10.com.ar\/index.php\/wp-json\/wp\/v2\/types\/post"}],"author":[{"embeddable":true,"href":"http:\/\/fmriachuelo.it10.com.ar\/index.php\/wp-json\/wp\/v2\/users\/5"}],"replies":[{"embeddable":true,"href":"http:\/\/fmriachuelo.it10.com.ar\/index.php\/wp-json\/wp\/v2\/comments?post=14110"}],"version-history":[{"count":1,"href":"http:\/\/fmriachuelo.it10.com.ar\/index.php\/wp-json\/wp\/v2\/posts\/14110\/revisions"}],"predecessor-version":[{"id":22552,"href":"http:\/\/fmriachuelo.it10.com.ar\/index.php\/wp-json\/wp\/v2\/posts\/14110\/revisions\/22552"}],"wp:featuredmedia":[{"embeddable":true,"href":"http:\/\/fmriachuelo.it10.com.ar\/index.php\/wp-json\/"}],"wp:attachment":[{"href":"http:\/\/fmriachuelo.it10.com.ar\/index.php\/wp-json\/wp\/v2\/media?parent=14110"}],"wp:term":[{"taxonomy":"category","embeddable":true,"href":"http:\/\/fmriachuelo.it10.com.ar\/index.php\/wp-json\/wp\/v2\/categories?post=14110"},{"taxonomy":"post_tag","embeddable":true,"href":"http:\/\/fmriachuelo.it10.com.ar\/index.php\/wp-json\/wp\/v2\/tags?post=14110"}],"curies":[{"name":"wp","href":"https:\/\/api.w.org\/{rel}","templated":true}]}}