{"id":14106,"date":"2021-09-17T22:12:35","date_gmt":"2021-09-17T22:12:35","guid":{"rendered":"http:\/\/fmriachuelo.com.ar\/?p=14106"},"modified":"2025-05-07T16:40:44","modified_gmt":"2025-05-07T19:40:44","slug":"minga-trabajo-comunitario-en-el-expreso-imaginario-de-la-boca","status":"publish","type":"post","link":"http:\/\/fmriachuelo.it10.com.ar\/index.php\/2021\/09\/17\/minga-trabajo-comunitario-en-el-expreso-imaginario-de-la-boca\/","title":{"rendered":"MINGA: TRABAJO COMUNITARIO EN EL EXPRESO IMAGINARIO DE LA BOCA"},"content":{"rendered":"<p><b>[FM Riachuelo, 17\/9\/2021] <\/b><b>En el Expreso Imaginario de La Boca est\u00e1n realizando refacciones en el edificio junto con los vecinos, trabajando comunitariamente desde mediados de agosto. Desde FM Riachuelo nos comunicamos con Sof\u00eda, Miriam y Germ\u00e1n, quienes contaron que a partir de esta situaci\u00f3n est\u00e1n dando talleres de alba\u00f1iler\u00eda, herrer\u00eda y carpinter\u00eda, dictados por y para la gente del barrio.<\/b><\/p>\n<p><span style=\"font-weight: 400\">Adem\u00e1s, tambi\u00e9n est\u00e1n generando sistemas de reutilizaci\u00f3n, extremadamente importantes para no da\u00f1ar el ambiente en el territorio que habitamos y poder transformar la realidad: \u201c<\/span><i><span style=\"font-weight: 400\">Esto es y pretende ser cada vez un m\u00e1s un espacio autosustentable. Es un objetivo esencial sumar al barrio, y que este sea un espacio para el barrio<\/span><\/i><span style=\"font-weight: 400\">\u201d, expres\u00f3 Miriam.<\/span><\/p>\n<p><span style=\"font-weight: 400\">\u201c<\/span><i><span style=\"font-weight: 400\">Estamos en un contexto en el que si no cambiamos nuestra forma de producir y habitar el planeta, estamos entrando en una extinci\u00f3n masiva. Entonces la b\u00fasqueda es buscar una nueva forma de producci\u00f3n desde las producciones, desde las relaciones, desde qu\u00e9 se construye y c\u00f3mo, y c\u00f3mo se piensa una econom\u00eda<\/span><\/i><span style=\"font-weight: 400\">\u201d, explic\u00f3 Germ\u00e1n sobre la profundidad que representan estas acciones.<\/span><\/p>\n<p><span style=\"font-weight: 400\">Sof\u00eda resalt\u00f3: \u201c<\/span><i><span style=\"font-weight: 400\">Nosotros, experimentando, tambi\u00e9n podemos invitar al barrio a aprender y a transformar los modos de consumir energ\u00eda, que tambi\u00e9n la podemos producir<\/span><\/i><span style=\"font-weight: 400\">\u201d.<\/span><\/p>\n<p><strong><a href=\"https:\/\/ar.radiocut.fm\/audiocut\/minga-trabajo-comunitario-en-expreso-imaginario-boca\/\">Escuch\u00e1 la entrevista completa<\/a><\/strong><\/p>\n<p><img loading=\"lazy\" decoding=\"async\" class=\" wp-image-14108 aligncenter\" src=\"http:\/\/fmriachuelo.com.ar\/wp-content\/uploads\/2021\/09\/242165654_4980654261951266_2014002448670178078_n-300x225.jpg\" alt=\"\" width=\"488\" height=\"366\" \/><\/p>\n","protected":false},"excerpt":{"rendered":"<p>[FM Riachuelo, 17\/9\/2021] En el Expreso Imaginario de La Boca est\u00e1n realizando refacciones en el edificio junto con los vecinos, trabajando comunitariamente desde mediados de agosto. Desde FM Riachuelo nos comunicamos con Sof\u00eda, Miriam y Germ\u00e1n, quienes contaron que a partir de esta situaci\u00f3n est\u00e1n dando talleres de alba\u00f1iler\u00eda, herrer\u00eda y carpinter\u00eda, dictados por y [&hellip;]<\/p>\n","protected":false},"author":5,"featured_media":14107,"comment_status":"closed","ping_status":"closed","sticky":false,"template":"","format":"standard","meta":{"_monsterinsights_skip_tracking":false,"_monsterinsights_sitenote_active":false,"_monsterinsights_sitenote_note":"","_monsterinsights_sitenote_category":0,"jnews-multi-image_gallery":[],"jnews_single_post":{"format":"standard"},"jnews_primary_category":[],"_joinchat":[],"footnotes":""},"categories":[58],"tags":[64,157,148],"class_list":["post-14106","post","type-post","status-publish","format-standard","has-post-thumbnail","hentry","category-noticiariachuelo","tag-economia-popular","tag-nadie-se-salva-solo","tag-trabajo"],"_links":{"self":[{"href":"http:\/\/fmriachuelo.it10.com.ar\/index.php\/wp-json\/wp\/v2\/posts\/14106","targetHints":{"allow":["GET"]}}],"collection":[{"href":"http:\/\/fmriachuelo.it10.com.ar\/index.php\/wp-json\/wp\/v2\/posts"}],"about":[{"href":"http:\/\/fmriachuelo.it10.com.ar\/index.php\/wp-json\/wp\/v2\/types\/post"}],"author":[{"embeddable":true,"href":"http:\/\/fmriachuelo.it10.com.ar\/index.php\/wp-json\/wp\/v2\/users\/5"}],"replies":[{"embeddable":true,"href":"http:\/\/fmriachuelo.it10.com.ar\/index.php\/wp-json\/wp\/v2\/comments?post=14106"}],"version-history":[{"count":1,"href":"http:\/\/fmriachuelo.it10.com.ar\/index.php\/wp-json\/wp\/v2\/posts\/14106\/revisions"}],"predecessor-version":[{"id":22553,"href":"http:\/\/fmriachuelo.it10.com.ar\/index.php\/wp-json\/wp\/v2\/posts\/14106\/revisions\/22553"}],"wp:featuredmedia":[{"embeddable":true,"href":"http:\/\/fmriachuelo.it10.com.ar\/index.php\/wp-json\/"}],"wp:attachment":[{"href":"http:\/\/fmriachuelo.it10.com.ar\/index.php\/wp-json\/wp\/v2\/media?parent=14106"}],"wp:term":[{"taxonomy":"category","embeddable":true,"href":"http:\/\/fmriachuelo.it10.com.ar\/index.php\/wp-json\/wp\/v2\/categories?post=14106"},{"taxonomy":"post_tag","embeddable":true,"href":"http:\/\/fmriachuelo.it10.com.ar\/index.php\/wp-json\/wp\/v2\/tags?post=14106"}],"curies":[{"name":"wp","href":"https:\/\/api.w.org\/{rel}","templated":true}]}}