{"id":14104,"date":"2021-09-17T00:20:45","date_gmt":"2021-09-17T00:20:45","guid":{"rendered":"http:\/\/fmriachuelo.com.ar\/?p=14104"},"modified":"2025-05-07T16:41:27","modified_gmt":"2025-05-07T19:41:27","slug":"lito-borello-nuestro-pueblo-dijo-que-hay-cosas-con-las-que-no-esta-de-acuerdo","status":"publish","type":"post","link":"http:\/\/fmriachuelo.it10.com.ar\/index.php\/2021\/09\/17\/lito-borello-nuestro-pueblo-dijo-que-hay-cosas-con-las-que-no-esta-de-acuerdo\/","title":{"rendered":"LITO BORELLO: \u201cNUESTRO PUEBLO DIJO QUE HAY COSAS CON LAS QUE NO EST\u00c1 DE ACUERDO\u201d"},"content":{"rendered":"<p><b>[FM Riachuelo, 16\/9\/2021] Luego de los resultados desfavorables para el Frente de Todos en las elecciones Primarias Abiertas Simult\u00e1neas y Obligatorias (PASO), y que varios ministros hayan puesto su renuncia a disposici\u00f3n del presidente Alberto Fern\u00e1ndez, Lito Borello, coordinador nacional del Movimiento Popular Los Pibes y secretario de Derechos Humanos de la Uni\u00f3n de Trabajadores y Trabajadoras de la Econom\u00eda Popular, dio una entrevista a Gen\u00e9tica Sindical, un programa conducido por Adolfo Barja que se emite los jueves\u00a0 de 13 a 15hs en Radio Rebelde AM 740, en el que realiz\u00f3 declaraciones sobre la situaci\u00f3n en la que se ve el gobierno nacional y c\u00f3mo afecta al pueblo argentino.<\/b><\/p>\n<p><span style=\"font-weight: 400\">En principio, Borello propuso una mirada distinta de la que se construye en los medios hegem\u00f3nicos: \u201c<\/span><i><span style=\"font-weight: 400\">Hay una clara manifestaci\u00f3n de nuestro pueblo que dice que hay cosas con las que no estamos de acuerdo, esto no es lo que se vot\u00f3 hace dos a\u00f1os. No considero que haya un giro a la derecha, sino que hay una manera de plantear las cosas de los medios hegem\u00f3nicos que hace creer que gan\u00f3 la derecha (&#8230;) Creo que hubo un mensaje de nuestro pueblo en decir: bueno, con esta pol\u00edtica por ac\u00e1 no va<\/span><\/i><span style=\"font-weight: 400\">\u201d.<\/span><\/p>\n<p><span style=\"font-weight: 400\">As\u00ed fue que el dirigente se expres\u00f3 sobre el camino que debe tomar cualquier gobierno popular: \u201c<\/span><i><span style=\"font-weight: 400\">Lo que est\u00e1 claro, que Alberto Fern\u00e1ndez lo dijo en su intervenci\u00f3n donde fue el \u00fanico que habl\u00f3: ac\u00e1 tenemos que escuchar, ac\u00e1 tenemos que prestar atenci\u00f3n. No es que mir\u00f3 para otro lado. \u00bfC\u00f3mo es que esto se hace? No se hace solamente cambiando nombres, no pasa por ah\u00ed. Ac\u00e1 hay que cambiar de pol\u00edticas, y cambiar los que son los sujetos sociales que est\u00e1n en el centro<\/span><\/i><span style=\"font-weight: 400\">\u201d.<\/span><\/p>\n<p><span style=\"font-weight: 400\">Sobre las renuncias, dej\u00f3 en claro que mucho se alejan de buscar este camino de pol\u00edticas en favor del pueblo: \u201c<\/span><i><span style=\"font-weight: 400\">Las renuncias, la interpretaci\u00f3n del com\u00fan, del silvestre de nuestra gente, las lee m\u00e1s como una pelea de facciones que como una demostraci\u00f3n de entrega para facilitarle al presidente la toma de decisiones. Los nuestros muchas veces te dicen: che, yo no s\u00e9 mucho de pol\u00edtica, pero me parece que nos est\u00e1n cagando. La lectura en estas \u00faltimas 36 horas es de que parece m\u00e1s una pelea intestina de facciones internas que responden a la corporaci\u00f3n de la pol\u00edtica profesional, que una voluntad patri\u00f3tica de encontrar respuestas a lo que el pueblo dijo el domingo. Y esto cae mal<\/span><\/i><span style=\"font-weight: 400\">\u201d.<\/span><\/p>\n<p><span style=\"font-weight: 400\">En su conclusi\u00f3n, retom\u00f3 el problema de que la pol\u00edtica institucional est\u00e9 alejada de ser parte de la pol\u00edtica transformadora que lleva adelante el Movimiento de las y los Trabajadores: \u201c<\/span><i><span style=\"font-weight: 400\">Esto ya tuvo alguna expresi\u00f3n en reflexiones en los cierres de las listas: se ve poco a los trabajadores, se ve poco a los luchadores de los Movimientos Populares. Las listas parecen mucho m\u00e1s conformadas por expresiones de la pol\u00edtica profesional, que por el sujeto fundamental, que son los trabajadores. Cada vez que los trabajadores tuvieron la oportunidad de poder ser centro en el armado y en el ejercicio de llevar adelante un proyecto, hubo condiciones de mejoras<\/span><\/i><span style=\"font-weight: 400\">\u201d.<\/span><\/p>\n<p><strong><a href=\"https:\/\/ar.radiocut.fm\/audiocut\/lito-borello-hay-cambiar-politicas-geneticasindical-16-09-2021\/\">Pod\u00e9s escuchar ac\u00e1 la entrevista completa<\/a><\/strong><\/p>\n","protected":false},"excerpt":{"rendered":"<p>[FM Riachuelo, 16\/9\/2021] Luego de los resultados desfavorables para el Frente de Todos en las elecciones Primarias Abiertas Simult\u00e1neas y Obligatorias (PASO), y que varios ministros hayan puesto su renuncia a disposici\u00f3n del presidente Alberto Fern\u00e1ndez, Lito Borello, coordinador nacional del Movimiento Popular Los Pibes y secretario de Derechos Humanos de la Uni\u00f3n de Trabajadores [&hellip;]<\/p>\n","protected":false},"author":5,"featured_media":14136,"comment_status":"closed","ping_status":"closed","sticky":false,"template":"","format":"standard","meta":{"_monsterinsights_skip_tracking":false,"_monsterinsights_sitenote_active":false,"_monsterinsights_sitenote_note":"","_monsterinsights_sitenote_category":0,"jnews-multi-image_gallery":[],"jnews_single_post":{"format":"standard"},"jnews_primary_category":[],"_joinchat":[],"footnotes":""},"categories":[58],"tags":[119],"class_list":["post-14104","post","type-post","status-publish","format-standard","has-post-thumbnail","hentry","category-noticiariachuelo","tag-derechos-humanos"],"_links":{"self":[{"href":"http:\/\/fmriachuelo.it10.com.ar\/index.php\/wp-json\/wp\/v2\/posts\/14104","targetHints":{"allow":["GET"]}}],"collection":[{"href":"http:\/\/fmriachuelo.it10.com.ar\/index.php\/wp-json\/wp\/v2\/posts"}],"about":[{"href":"http:\/\/fmriachuelo.it10.com.ar\/index.php\/wp-json\/wp\/v2\/types\/post"}],"author":[{"embeddable":true,"href":"http:\/\/fmriachuelo.it10.com.ar\/index.php\/wp-json\/wp\/v2\/users\/5"}],"replies":[{"embeddable":true,"href":"http:\/\/fmriachuelo.it10.com.ar\/index.php\/wp-json\/wp\/v2\/comments?post=14104"}],"version-history":[{"count":1,"href":"http:\/\/fmriachuelo.it10.com.ar\/index.php\/wp-json\/wp\/v2\/posts\/14104\/revisions"}],"predecessor-version":[{"id":22555,"href":"http:\/\/fmriachuelo.it10.com.ar\/index.php\/wp-json\/wp\/v2\/posts\/14104\/revisions\/22555"}],"wp:featuredmedia":[{"embeddable":true,"href":"http:\/\/fmriachuelo.it10.com.ar\/index.php\/wp-json\/"}],"wp:attachment":[{"href":"http:\/\/fmriachuelo.it10.com.ar\/index.php\/wp-json\/wp\/v2\/media?parent=14104"}],"wp:term":[{"taxonomy":"category","embeddable":true,"href":"http:\/\/fmriachuelo.it10.com.ar\/index.php\/wp-json\/wp\/v2\/categories?post=14104"},{"taxonomy":"post_tag","embeddable":true,"href":"http:\/\/fmriachuelo.it10.com.ar\/index.php\/wp-json\/wp\/v2\/tags?post=14104"}],"curies":[{"name":"wp","href":"https:\/\/api.w.org\/{rel}","templated":true}]}}