{"id":141,"date":"2015-08-11T12:28:00","date_gmt":"2015-08-11T12:28:00","guid":{"rendered":"http:\/\/fmriachuelo.observatorioess.org.ar\/index.php\/2015\/08\/11\/otro-incendio-en-la-boca-mas-pibes-con-sus-derechos-vulnerados\/"},"modified":"2025-05-09T13:20:54","modified_gmt":"2025-05-09T16:20:54","slug":"otro-incendio-en-la-boca-mas-pibes-con-sus-derechos-vulnerados","status":"publish","type":"post","link":"http:\/\/fmriachuelo.it10.com.ar\/index.php\/2015\/08\/11\/otro-incendio-en-la-boca-mas-pibes-con-sus-derechos-vulnerados\/","title":{"rendered":"OTRO INCENDIO EN LA BOCA, M\u00c1S PIBES CON SUS DERECHOS VULNERADOS"},"content":{"rendered":"<div><a href=\"http:\/\/2.bp.blogspot.com\/-Lj1nkIRYMAw\/VcnpOguzk5I\/AAAAAAAAF6s\/1-hxS1tDrbM\/s1600\/ince.jpg\" style=\"clear: left;float: left;margin-bottom: 1em;margin-right: 1em\"><img loading=\"lazy\" decoding=\"async\" border=\"0\" height=\"200\" src=\"http:\/\/2.bp.blogspot.com\/-Lj1nkIRYMAw\/VcnpOguzk5I\/AAAAAAAAF6s\/1-hxS1tDrbM\/s200\/ince.jpg\" width=\"110\" \/><\/a><span style=\"color: red;font-family: Verdana, sans-serif;font-size: large\"><b><span style=\"font-size: large\">POL\u00cdTICAS<\/span> DE ABANDONO DEL GOBIERNO DE LA CIUDAD: LOS NI\u00d1OS AFECTADOS<\/b><\/span><\/div>\n<div><span style=\"color: red;font-family: Verdana, sans-serif;font-size: large\"><b><\/b><\/span><\/div>\n<div style=\"text-align: justify\"><span style=\"font-family: Verdana, sans-serif\">Los vecinos y organizaciones sociales y pol\u00edticas que conformamos <b>La Boca Resiste y Propone<\/b> denunciamos una nueva situaci\u00f3n de vulneraci\u00f3n de los derechos de nuestros pibes: tras el incendio ocurrido en el conventillo de Olavarr\u00eda 252 durante la madrugada del domingo, m\u00e1s de 30 chicos y chicas se quedaron sin vivienda, sin ropa, sin nada.<\/span><br \/><a name='more'><\/a><span style=\"font-family: Verdana, sans-serif\">Luego del trauma de ver c\u00f3mo se quemaban sus casas, los chicos no recibieron de parte del Estado ning\u00fan tipo de contenci\u00f3n psicol\u00f3gica. La asistencia pr\u00e1cticamente nula del Gobierno porte\u00f1o y sus programas de \u201cemergencias\u201d, s\u00f3lo le ofrecieron a las familias dormir en paradores, o un insignificante subsidio habitacional de 1800 pesos que incluso, durante el d\u00eda lunes, tampoco pudieron cobrar.<\/span><br \/><span style=\"font-family: Verdana, sans-serif\">Adem\u00e1s de quedar en la intemperie, bajo el agua de la tormenta, los pibes perdieron su ropa, su calzado, guardapolvos, \u00fatiles escolares, juguetes. Nada de esto les fue repuesto por la Ciudad. Se vistieron y calzaron con las donaciones solidarias de los propios vecinos.<br \/> Tampoco hay, de parte del Estado porte\u00f1o, un organismo que se acerque a sostener a estos chicos para que no pierdan la escolaridad. No hay funcionarios que hablen con la Direcci\u00f3n de las escuelas, sus inexistentes gabinetes psicol\u00f3gicos, o que asistan a quienes deben cambiar de colegio por encontrar techo en la vivienda de alg\u00fan familiar que no se encuentra en el barrio.<br \/> La Boca Resiste y Propone es un espacio de lucha por un presente con inclusi\u00f3n para un futuro digno de los pibes y pibas boquenses. Queremos un barrio que nos incluya a todos y todas y no nos expulse por condici\u00f3n econ\u00f3mica. No queremos m\u00e1s chicos muertos. Esta vez no ocurri\u00f3, pero los \u00faltimos incendios se llevaron la vida de varios ni\u00f1os y ni\u00f1as del barrio.<br \/> Los incendios y los desalojos son formas de violencias contra los vecinos. M\u00e1s a\u00fan para los chicos y adolescentes con sus derechos vulnerados. Sin embargo, no s\u00f3lo no cesan sino que por acci\u00f3n u omisi\u00f3n son avalados y hasta impulsados por este Gobierno que detr\u00e1s de sus planes de \u201crevalorizaci\u00f3n de La Boca\u201d busca expulsar a los hist\u00f3ricos habitantes del barrio y convertirlo en tierra f\u00e9rtil para la especulaci\u00f3n del mercado inmobiliario.<br \/> Los conventillos no tienen matafuegos. Las bocas de salida de agua no tienen presi\u00f3n o directamente est\u00e1n tapadas con el cemento de la \u201cpuesta en valor\u201d de calles y veredas. Las viviendas son alquiladas sin contratos ni recibos legales por personas que exigen el pago a los vecinos pero no invierten para que est\u00e9n en condiciones habitables. Sin embargo, el Estado hace la vista gorda y permite que esta situaci\u00f3n contin\u00fae.<br \/> Desde La Boca Resiste y Propone exigimos el fin de este abandono sistem\u00e1tico y que el Estado garantice, como lo ordena la Constituci\u00f3n porte\u00f1a, el derecho a la vivienda, la salud, la educaci\u00f3n y la recreaci\u00f3n a todos los chicos y chicas de La Boca.<br \/><span style=\"color: red\"><b> \u00a1\u00a1\u00a1LA BOCA RESISTE Y PROPONE!!!<\/b><\/span><\/span><br \/><span style=\"font-family: Verdana, sans-serif\"><span style=\"color: red\"><b><span style=\"font-size: x-small\"><span style=\"color: #0b5394\">LA BOCA RESISTE Y PROPONE\/PRODUCCI\u00d3N RIACHUELO<\/span><\/span><\/b><\/span><\/span><\/div>\n","protected":false},"excerpt":{"rendered":"<p>POL\u00cdTICAS DE ABANDONO DEL GOBIERNO DE LA CIUDAD: LOS NI\u00d1OS AFECTADOS Los vecinos y organizaciones sociales y pol\u00edticas que conformamos La Boca Resiste y Propone denunciamos una nueva situaci\u00f3n de vulneraci\u00f3n de los derechos de nuestros pibes: tras el incendio ocurrido en el conventillo de Olavarr\u00eda 252 durante la madrugada del domingo, m\u00e1s de 30 [&hellip;]<\/p>\n","protected":false},"author":4,"featured_media":0,"comment_status":"open","ping_status":"open","sticky":false,"template":"","format":"standard","meta":{"_monsterinsights_skip_tracking":false,"_monsterinsights_sitenote_active":false,"_monsterinsights_sitenote_note":"","_monsterinsights_sitenote_category":0,"jnews-multi-image_gallery":[],"jnews_single_post":{"format":"standard"},"jnews_primary_category":[],"_joinchat":[],"footnotes":""},"categories":[58],"tags":[81,119,147],"class_list":["post-141","post","type-post","status-publish","format-standard","hentry","category-noticiariachuelo","tag-aguafuertes-portenas","tag-derechos-humanos","tag-habitat"],"_links":{"self":[{"href":"http:\/\/fmriachuelo.it10.com.ar\/index.php\/wp-json\/wp\/v2\/posts\/141","targetHints":{"allow":["GET"]}}],"collection":[{"href":"http:\/\/fmriachuelo.it10.com.ar\/index.php\/wp-json\/wp\/v2\/posts"}],"about":[{"href":"http:\/\/fmriachuelo.it10.com.ar\/index.php\/wp-json\/wp\/v2\/types\/post"}],"author":[{"embeddable":true,"href":"http:\/\/fmriachuelo.it10.com.ar\/index.php\/wp-json\/wp\/v2\/users\/4"}],"replies":[{"embeddable":true,"href":"http:\/\/fmriachuelo.it10.com.ar\/index.php\/wp-json\/wp\/v2\/comments?post=141"}],"version-history":[{"count":1,"href":"http:\/\/fmriachuelo.it10.com.ar\/index.php\/wp-json\/wp\/v2\/posts\/141\/revisions"}],"predecessor-version":[{"id":23915,"href":"http:\/\/fmriachuelo.it10.com.ar\/index.php\/wp-json\/wp\/v2\/posts\/141\/revisions\/23915"}],"wp:attachment":[{"href":"http:\/\/fmriachuelo.it10.com.ar\/index.php\/wp-json\/wp\/v2\/media?parent=141"}],"wp:term":[{"taxonomy":"category","embeddable":true,"href":"http:\/\/fmriachuelo.it10.com.ar\/index.php\/wp-json\/wp\/v2\/categories?post=141"},{"taxonomy":"post_tag","embeddable":true,"href":"http:\/\/fmriachuelo.it10.com.ar\/index.php\/wp-json\/wp\/v2\/tags?post=141"}],"curies":[{"name":"wp","href":"https:\/\/api.w.org\/{rel}","templated":true}]}}