{"id":1405,"date":"2016-05-11T02:26:00","date_gmt":"2016-05-11T02:26:00","guid":{"rendered":"http:\/\/fmriachuelo.observatorioess.org.ar\/index.php\/2016\/05\/11\/utt-movilizacion-al-ministerio-de-agroindustria-de-la-provincia-de-buenos-aires\/"},"modified":"2016-05-11T02:26:00","modified_gmt":"2016-05-11T02:26:00","slug":"utt-movilizacion-al-ministerio-de-agroindustria-de-la-provincia-de-buenos-aires","status":"publish","type":"post","link":"http:\/\/fmriachuelo.it10.com.ar\/index.php\/2016\/05\/11\/utt-movilizacion-al-ministerio-de-agroindustria-de-la-provincia-de-buenos-aires\/","title":{"rendered":"UTT:  MOVILIZACI\u00d3N AL MINISTERIO DE AGROINDUSTRIA DE LA PROVINCIA DE BUENOS AIRES"},"content":{"rendered":"<div style=\"text-align: justify\"><span style=\"color: red;font-family: Verdana, sans-serif;font-size: large\"><b>\u00a1EMERGENCIA EN LA PRODUCCI\u00d3N HORT\u00cdCOLA!<\/b><\/span><\/div>\n<div style=\"text-align: justify\"><span style=\"font-family: Verdana, sans-serif\"><\/p>\n<div style=\"clear: both;text-align: center\"><a href=\"https:\/\/1.bp.blogspot.com\/-lSvN2KgTlNg\/VzKYDelBMyI\/AAAAAAAAIfU\/IrBCULPSUREfFZl9324XnZ9CNFfujQ3mwCLcB\/s1600\/utt.jpg\" style=\"clear: left;float: left;margin-bottom: 1em;margin-right: 1em\"><img loading=\"lazy\" decoding=\"async\" border=\"0\" height=\"320\" src=\"https:\/\/1.bp.blogspot.com\/-lSvN2KgTlNg\/VzKYDelBMyI\/AAAAAAAAIfU\/IrBCULPSUREfFZl9324XnZ9CNFfujQ3mwCLcB\/s320\/utt.jpg\" width=\"226\" \/><\/a><\/div>\n<p><\/span><\/div>\n<p><span style=\"font-family: Verdana, sans-serif\"><\/p>\n<div style=\"text-align: justify\">Difundimos:&nbsp;<\/div>\n<div style=\"text-align: justify\">Hicimos el paro quintero y el sector sigue sin respuestas del gobierno<\/div>\n<div style=\"text-align: justify\">Mi\u00e9rcoles 11 movilizamos a la Gobernaci\u00f3n y al Ministerio de Agroindustria de la Provincia de Bs.AS<\/div>\n<div style=\"text-align: justify\"><\/div>\n<div style=\"text-align: justify\">Debido a la situaci\u00f3n cr\u00edtica del sector, el 31 de marzo realizamos un PARO QUINTERO, exponiendo la emergencia y exigiendo medidas de apoyo. A un mes de la jornada, el gobierno no ha dado ninguna respuesta y el sector se hunde cada vez m\u00e1s en una crisis terminal.<\/div>\n<div style=\"text-align: justify\">Hace a\u00f1os venimos denunciando la situaci\u00f3n cr\u00edtica de las familias trabajadoras que producimos m\u00e1s del 90% de la verdura que se consume. Campesinos pobres y medios que trabajamos con nuestras familias, en tierras alquiladas, porcentajeros que desde hace a\u00f1os venimos sufriendo un proceso de empobrecimiento, ante la falta de pol\u00edticas p\u00fablicas que den soluciones de fondo a nuestra problem\u00e1tica. El alto precio de los insumos necesarios, sometidos a un modelo productivo en base a agroqu\u00edmicos, abonos, nylon, herramientas etc. todo a precio d\u00f3lar, un mercado interno achicado por la inflaci\u00f3n, una comercializaci\u00f3n llena de intermediarios que hace que nuestros productos lleguen al consumidor con un aumento de hasta a veces el 1.000%, el alza desmesurada de los alquileres (pagamos hasta $5.000 la ha.) son algunas de las causas que hacen que por m\u00e1s que trabajemos de sol a sol apenas sobrevivimos. Hemos resistido y luchado mucho para seguir produciendo.<\/div>\n<div style=\"text-align: justify\">\u00a1\u00a1Hoy, la situaci\u00f3n es a\u00fan m\u00e1s cr\u00edtica!! Las medidas econ\u00f3micas implementadas por el gobierno nacional nos est\u00e1n llevando a una crisis terminal, no damos m\u00e1s, estamos abandonando las quintas. 1) con la devaluaci\u00f3n, los insumos para la producci\u00f3n han aumentado entre un 40 y un 80%, y diariamente suben esos precios; 2) la quita de subsidios para la luz el\u00e9ctrica, fuente indispensable para el riego, nos aumenta costos entre un 100 y un 300%; 3) los valores de la verdura y flores no han aumentado para los productores, por lo que hoy somos mucho m\u00e1s pobres que antes!!!<\/div>\n<div style=\"text-align: justify\"><a name='more'><\/a><\/div>\n<div style=\"text-align: justify\">En estos 5 meses de gobierno, el ejecutivo nacional ha tomado medidas para el campo que solo benefician a los grandes terratenientes y a los monopolios exportadores., la devaluaci\u00f3n y la ca\u00edda de las retenciones les han asegurado ganancias fabulosas (380.000 millones de pesos), mientras que para el peque\u00f1o significa aumento de los insumos, de los arrendamientos, de los alimentos para la cr\u00eda de animales etc y nos dicen que \u00a1No hay Plata!<\/div>\n<div style=\"text-align: justify\">Las organizaciones de peque\u00f1os productores y de la agricultura familiar de la zona y de la Provincia de Buenos Aires, hemos tenido distintas reuniones y promesas incumplidas de los gobiernos nacional y provincial. Luego del gran PARO QUINERO nos prometieron avanzar en una tarifa social de la luz para los peque\u00f1os productores, pero nada ha avanzado.<\/div>\n<div style=\"text-align: justify\">Necesitamos respuestas urgentes para la emergencia. \u00a1No producimos para exportar, no cobramos en d\u00f3lares, producimos la comida que consume el pueblo y las medidas del gobierno nos est\u00e1n fundiendo! Nos obligan a dejar el surco para salir a las rutas, no quisi\u00e9ramos hacerlo, lo nuestro es producir alimentos para la poblaci\u00f3n, pero lamentablemente de otra manera no nos escuchan.<\/div>\n<div style=\"text-align: justify\"><\/div>\n<div style=\"text-align: justify\">Por esto es que este mi\u00e9rcoles 11 de mayo, a las 11hs, nos movilizamos pac\u00edficamente a la Gobernaci\u00f3n y al Ministerio de Agroindustria<\/div>\n<div style=\"text-align: justify\">Exigimos:<\/div>\n<div style=\"text-align: justify\">1. Subsidio al gas-oil y tarifa social para la electricidad, utilizada para producir, para las familias de peque\u00f1os productores.<\/div>\n<div style=\"text-align: justify\">2. Subsidio compensatorio para la producci\u00f3n por seis meses.<\/div>\n<div style=\"text-align: justify\">3. Pago inmediato del subsidio adeudado, en especial a los productores de Berazategui que a\u00fan no cobraron nada.<\/div>\n<div style=\"text-align: justify\">4. Precio m\u00ednimo sost\u00e9n para la verdura para el productor, y precio tope para la venta al consumidor.<\/div>\n<div style=\"text-align: justify\">5. Regulaci\u00f3n de los alquileres hasta tener una ley de arrendamiento que nos tenga en cuenta.<\/div>\n<div style=\"text-align: justify\">6. Aprobaci\u00f3n de la \u201cLey de reparaci\u00f3n hist\u00f3rica para la agricultura familiar\u201d.<\/div>\n<div style=\"text-align: justify\">7. L\u00ednea de cr\u00e9ditos blandos a tasa subsidiada para afrontar la emergencia.<\/div>\n<div style=\"text-align: justify\"><\/div>\n<div style=\"text-align: justify\">No nos quedamos callados ni pasivos. No estamos solos confluimos en las calles con los estatales, los docentes, los profesionales, los trabajadores del Astillero etc. como parte de un pueblo que hoy dice NO AL AJUSTE, NO A LOS TARIFAZOS, NO A LOS DESPIDOS, NO A LA RUINA DE LOS PEQUE\u00d1OS PRODUCTORES.<\/div>\n<div style=\"text-align: justify\"><\/div>\n<div style=\"text-align: justify\">Es necesario que la sociedad sepa que la verdura que come todos los d\u00edas esta manchada con la miseria que sufrimos quienes la producimos.<\/div>\n<div style=\"text-align: justify\">Exigimos al gobierno que atienda nuestros reclamos y nos d\u00e9 respuesta. \u00bfQui\u00e9n producir\u00e1 la verdura si desaparecemos? \u00bfqu\u00e9 comer\u00e1 el pueblo? Por todo esto, el sector se moviliza<\/div>\n<div style=\"text-align: justify\"><\/div>\n<div style=\"text-align: justify\">UTT \u2013 CTEP<\/div>\n<div style=\"text-align: justify\">Uni\u00f3n Trabajadores de la Tierra \u2013 Confederaci\u00f3n de Trabajadores de la Econim\u00eda Popular<\/div>\n<div style=\"text-align: justify\">ASOMA: Asociaci\u00f3n de Medieros y Afines.<\/div>\n<div style=\"text-align: justify\">Asociaci\u00f3n de Productores de la Econom\u00eda Regional<\/div>\n<div style=\"text-align: justify\">Asociaci\u00f3n de Productores Familiares \u00abEl Guadalquivir\u00bb<\/div>\n<div style=\"text-align: justify\">Asociaci\u00f3n Pioneros de mi tierra<\/div>\n<div style=\"text-align: justify\">Asociaci\u00f3n la Primavera<\/div>\n<div style=\"text-align: justify\">Cooperativa 12 de agosto<\/div>\n<div style=\"text-align: justify\">Asociaci\u00f3n 2 de diciembre<\/div>\n<div style=\"text-align: justify\">Cooperativa la Uni\u00f3n Renovada<\/div>\n<div style=\"text-align: justify\">Cooperativa La Uni\u00f3n Limitada<\/div>\n<div style=\"text-align: justify\">Cooperativa San Roque<\/div>\n<div style=\"text-align: justify\">Cooperativa Frutihort\u00edcola \u00abLa Nueva esperanza\u00bb<\/div>\n<div style=\"text-align: justify\">Cooperativa Moto M\u00e9ndez<\/div>\n<div style=\"text-align: justify\">Cooperativa Agr\u00edcola la Uni\u00f3n Limitada<\/div>\n<div style=\"text-align: justify\">Cooperativa Nueva Esperanza<\/div>\n<div style=\"text-align: justify\">Asociacion de Productores Hort\u00edcolas Independientes<\/div>\n<div style=\"text-align: justify\">Ecco Rural<\/div>\n<div style=\"text-align: justify\">Asociaci\u00f3n Tierra Mia<\/div>\n<div style=\"text-align: justify\">Cooperativa las Acacias<\/div>\n<div style=\"text-align: justify\">Asociaci\u00f3n 15 de Abril<\/div>\n<div style=\"text-align: justify\">Asociaci\u00f3n San roque<\/div>\n<div style=\"text-align: justify\">Asociacion Colectividad Boliv<br \/>\niana del Sur<\/div>\n<div style=\"text-align: justify\">Movimiento de Peque\u00f1os Productores<\/div>\n<div style=\"text-align: justify\">Asociaci\u00f3n 1610 la capilla<\/div>\n<div style=\"text-align: justify\">Asociacion Tierra F\u00e9rtil<\/div>\n<div style=\"text-align: justify\">1\u00bade Mayo<\/div>\n<div style=\"text-align: justify\">MNCI \u2013 Via Campesina<\/div>\n<div style=\"text-align: justify\">Frente Agrario Evita<\/div>\n<div style=\"text-align: justify\"><\/div>\n<div style=\"text-align: justify\"><\/div>\n<div style=\"text-align: justify\">Contactos:<\/div>\n<div style=\"text-align: justify\">Virginia Crispin Condori (UTT) 011-15-36337324<\/div>\n<div style=\"text-align: justify\">Lino Colque (UTT) 011-15-60471013<\/div>\n<div style=\"text-align: justify\">Roberto Solano (ASOMA) 0221-15-89634<\/div>\n<div style=\"text-align: justify\">uttppfpds@gmail.com<\/div>\n<p><\/span><\/p>\n","protected":false},"excerpt":{"rendered":"<p>\u00a1EMERGENCIA EN LA PRODUCCI\u00d3N HORT\u00cdCOLA! Difundimos:&nbsp; Hicimos el paro quintero y el sector sigue sin respuestas del gobierno Mi\u00e9rcoles 11 movilizamos a la Gobernaci\u00f3n y al Ministerio de Agroindustria de la Provincia de Bs.AS Debido a la situaci\u00f3n cr\u00edtica del sector, el 31 de marzo realizamos un PARO QUINTERO, exponiendo la emergencia y exigiendo medidas [&hellip;]<\/p>\n","protected":false},"author":4,"featured_media":0,"comment_status":"open","ping_status":"open","sticky":false,"template":"","format":"standard","meta":{"_monsterinsights_skip_tracking":false,"_monsterinsights_sitenote_active":false,"_monsterinsights_sitenote_note":"","_monsterinsights_sitenote_category":0,"jnews-multi-image_gallery":[],"jnews_single_post":[],"jnews_primary_category":[],"_joinchat":[],"footnotes":""},"categories":[75],"tags":[],"class_list":["post-1405","post","type-post","status-publish","format-standard","hentry","category-trabajo"],"_links":{"self":[{"href":"http:\/\/fmriachuelo.it10.com.ar\/index.php\/wp-json\/wp\/v2\/posts\/1405","targetHints":{"allow":["GET"]}}],"collection":[{"href":"http:\/\/fmriachuelo.it10.com.ar\/index.php\/wp-json\/wp\/v2\/posts"}],"about":[{"href":"http:\/\/fmriachuelo.it10.com.ar\/index.php\/wp-json\/wp\/v2\/types\/post"}],"author":[{"embeddable":true,"href":"http:\/\/fmriachuelo.it10.com.ar\/index.php\/wp-json\/wp\/v2\/users\/4"}],"replies":[{"embeddable":true,"href":"http:\/\/fmriachuelo.it10.com.ar\/index.php\/wp-json\/wp\/v2\/comments?post=1405"}],"version-history":[{"count":0,"href":"http:\/\/fmriachuelo.it10.com.ar\/index.php\/wp-json\/wp\/v2\/posts\/1405\/revisions"}],"wp:attachment":[{"href":"http:\/\/fmriachuelo.it10.com.ar\/index.php\/wp-json\/wp\/v2\/media?parent=1405"}],"wp:term":[{"taxonomy":"category","embeddable":true,"href":"http:\/\/fmriachuelo.it10.com.ar\/index.php\/wp-json\/wp\/v2\/categories?post=1405"},{"taxonomy":"post_tag","embeddable":true,"href":"http:\/\/fmriachuelo.it10.com.ar\/index.php\/wp-json\/wp\/v2\/tags?post=1405"}],"curies":[{"name":"wp","href":"https:\/\/api.w.org\/{rel}","templated":true}]}}