{"id":14036,"date":"2021-08-31T21:42:20","date_gmt":"2021-08-31T21:42:20","guid":{"rendered":"http:\/\/fmriachuelo.com.ar\/?p=14036"},"modified":"2025-05-07T16:48:34","modified_gmt":"2025-05-07T19:48:34","slug":"villa-21-24-vecinxs-autoconvocadxs-tomaron-terrenos-baldios-debido-a-la-crisis-habitacional-2","status":"publish","type":"post","link":"http:\/\/fmriachuelo.it10.com.ar\/index.php\/2021\/08\/31\/villa-21-24-vecinxs-autoconvocadxs-tomaron-terrenos-baldios-debido-a-la-crisis-habitacional-2\/","title":{"rendered":"VILLA 21-24: VECINXS AUTOCONVOCADxS TOMARON TERRENOS BALD\u00cdOS DEBIDO A LA CRISIS HABITACIONAL"},"content":{"rendered":"<p><b>[FM Riachuelo, 31\/8\/2021] Hoy se cumple una semana desde que m\u00e1s de 200 vecinos y vecinas autoconvocadas de la Villa 21-24 iniciaron una toma de tierras bald\u00edas que figuran como propiedad de la l\u00ednea Roca del Ferrocarril. Hoy estas familias deben resistir con la toma cercada y la prohibici\u00f3n de ingreso de alimentos y elementos sanitarios.<\/b><\/p>\n<p><span style=\"font-weight: 400\">Cada a\u00f1o, la crisis habitacional se profundiza en la Cuidad de Buenos Aires. Los vecinos y vecinas de la Villa 21-24 se ven forzados a vivir hacinados y los alquileres siempre tienden a sobrepasar sus ingresos. Frente a esta situaci\u00f3n es que, hace una semana, m\u00e1s de 40 familias se organizaron para tomar unos terrenos bald\u00edos que pertenecen a la l\u00ednea Roca.<\/span><\/p>\n<p><span style=\"font-weight: 400\">Seg\u00fan explic\u00f3 Nahuel para FM Riachuelo, vecino autoconvocado de la toma, mientras ellos padecen la crisis de vivienda, a tres cuadras hay departamentos del programa Procrear completamente vac\u00edos, que se construyeron en terrenos cedidos por el Ferrocarril Sur. A su vez, hay terrenos utilizados por empresarios que tambi\u00e9n fueron cedidos por el Ferrocarril. \u00ab<\/span><i><span style=\"font-weight: 400\">Cuando son empresarios, los predios son cedidos, cuando son familias necesitadas, nos mandan la polic\u00eda<\/span><\/i><span style=\"font-weight: 400\">\u00ab, expres\u00f3 Nahuel.<\/span><\/p>\n<p><span style=\"font-weight: 400\">Sucede que por medio de una orden del fiscal Daniel Refecas, del Juzgado Criminal y Correcional Federal Nro 3 de CABA, la toma fue cercada con efectivos de la Polic\u00eda Federal y de la Ciudad, y los comisarios a cargo de cada fuerza, Ponce y Spinelli, prohibieron la entrada de insumos alimenticios y sanitarios.<img loading=\"lazy\" decoding=\"async\" class=\" wp-image-14038 aligncenter\" src=\"http:\/\/fmriachuelo.com.ar\/wp-content\/uploads\/2021\/08\/WhatsApp-Image-2021-08-31-at-18.13.09-300x169.jpeg\" alt=\"\" width=\"441\" height=\"248\" \/><\/span><\/p>\n<p><span style=\"font-weight: 400\">\u201c<\/span><i><span style=\"font-weight: 400\">Ac\u00e1 estamos resistiendo de manera pac\u00edfica, aunque la polic\u00eda nos est\u00e1 violentando cada minuto. A las 4 de la ma\u00f1ana se sacan los nombres de los uniformes, en los cambios de guardia, y quieren avanzar con los carros de asalto atropellando a las carpas y todo lo que est\u00e1 armado ac\u00e1. Lo que hacen ellos es m\u00e1s ilegal que lo que hacemos nosotros<\/span><\/i><span style=\"font-weight: 400\">\u201d, resalt\u00f3 Nahuel, a la vez que hizo referencia a una orden judicial de desalojo, que determina que este debe efectuarse de manera pac\u00edfica y sin el uso de las fuerzas de seguridad. Algo llamativo es que esta orden no tiene fecha.<\/span><\/p>\n<p><span style=\"font-weight: 400\">Algunas de las exigencias de los vecinos y las vecians son el acceso a los predios con un precio acorde a sus ingresos, o la posibilidad de acceder a los departamentos del plan Procrear. Ayer a las 12hs se realiz\u00f3 una conferencia de prensa frente a la toma, y el d\u00eda jueves a partir de las 14hs se realizar\u00e1 un acto en el predio, para exigir una mesa de di\u00e1logo con el <\/span><b>Instituto de Vivienda de la Ciudad, el Ministerio de H\u00e1bitat y la empresa Ferrocarril Sur.<\/b><\/p>\n<p><a href=\"https:\/\/ar.radiocut.fm\/audiocut\/villa-21-24-vecinxs-autoconvocadxs-toman-terrenos-baldios-debido-a-crisis-habitacional\/\"><strong>Escuch\u00e1 la entrevista completa a Nahuel, vecino autoconvocado de la toma<\/strong><\/a><\/p>\n","protected":false},"excerpt":{"rendered":"<p>[FM Riachuelo, 31\/8\/2021] Hoy se cumple una semana desde que m\u00e1s de 200 vecinos y vecinas autoconvocadas de la Villa 21-24 iniciaron una toma de tierras bald\u00edas que figuran como propiedad de la l\u00ednea Roca del Ferrocarril. Hoy estas familias deben resistir con la toma cercada y la prohibici\u00f3n de ingreso de alimentos y elementos [&hellip;]<\/p>\n","protected":false},"author":5,"featured_media":14037,"comment_status":"closed","ping_status":"closed","sticky":false,"template":"","format":"standard","meta":{"_monsterinsights_skip_tracking":false,"_monsterinsights_sitenote_active":false,"_monsterinsights_sitenote_note":"","_monsterinsights_sitenote_category":0,"jnews-multi-image_gallery":[],"jnews_single_post":{"format":"standard"},"jnews_primary_category":[],"_joinchat":[],"footnotes":""},"categories":[58],"tags":[119,64,157],"class_list":["post-14036","post","type-post","status-publish","format-standard","has-post-thumbnail","hentry","category-noticiariachuelo","tag-derechos-humanos","tag-economia-popular","tag-nadie-se-salva-solo"],"_links":{"self":[{"href":"http:\/\/fmriachuelo.it10.com.ar\/index.php\/wp-json\/wp\/v2\/posts\/14036","targetHints":{"allow":["GET"]}}],"collection":[{"href":"http:\/\/fmriachuelo.it10.com.ar\/index.php\/wp-json\/wp\/v2\/posts"}],"about":[{"href":"http:\/\/fmriachuelo.it10.com.ar\/index.php\/wp-json\/wp\/v2\/types\/post"}],"author":[{"embeddable":true,"href":"http:\/\/fmriachuelo.it10.com.ar\/index.php\/wp-json\/wp\/v2\/users\/5"}],"replies":[{"embeddable":true,"href":"http:\/\/fmriachuelo.it10.com.ar\/index.php\/wp-json\/wp\/v2\/comments?post=14036"}],"version-history":[{"count":1,"href":"http:\/\/fmriachuelo.it10.com.ar\/index.php\/wp-json\/wp\/v2\/posts\/14036\/revisions"}],"predecessor-version":[{"id":23909,"href":"http:\/\/fmriachuelo.it10.com.ar\/index.php\/wp-json\/wp\/v2\/posts\/14036\/revisions\/23909"}],"wp:featuredmedia":[{"embeddable":true,"href":"http:\/\/fmriachuelo.it10.com.ar\/index.php\/wp-json\/"}],"wp:attachment":[{"href":"http:\/\/fmriachuelo.it10.com.ar\/index.php\/wp-json\/wp\/v2\/media?parent=14036"}],"wp:term":[{"taxonomy":"category","embeddable":true,"href":"http:\/\/fmriachuelo.it10.com.ar\/index.php\/wp-json\/wp\/v2\/categories?post=14036"},{"taxonomy":"post_tag","embeddable":true,"href":"http:\/\/fmriachuelo.it10.com.ar\/index.php\/wp-json\/wp\/v2\/tags?post=14036"}],"curies":[{"name":"wp","href":"https:\/\/api.w.org\/{rel}","templated":true}]}}