{"id":1403,"date":"2016-05-12T18:22:00","date_gmt":"2016-05-12T18:22:00","guid":{"rendered":"http:\/\/fmriachuelo.observatorioess.org.ar\/index.php\/2016\/05\/12\/brasil-pronunciamiento-del-movimiento-sin-tierra-frente-al-golpe-de-estado\/"},"modified":"2016-05-12T18:22:00","modified_gmt":"2016-05-12T18:22:00","slug":"brasil-pronunciamiento-del-movimiento-sin-tierra-frente-al-golpe-de-estado","status":"publish","type":"post","link":"http:\/\/fmriachuelo.it10.com.ar\/index.php\/2016\/05\/12\/brasil-pronunciamiento-del-movimiento-sin-tierra-frente-al-golpe-de-estado\/","title":{"rendered":"BRASIL: PRONUNCIAMIENTO DEL MOVIMIENTO SIN TIERRA FRENTE AL GOLPE DE ESTADO"},"content":{"rendered":"<div style=\"clear: both;text-align: justify\"><b style=\"color: red;font-family: Verdana, sans-serif;font-size: x-large\">MOVILIZADO EN DEFENSA DE LA DEMOCRACIA<\/b><\/div>\n<div style=\"clear: both;text-align: center\"><b style=\"color: red;font-family: Verdana, sans-serif;font-size: x-large\">\u00a1NO AL GOLPE!<\/b><\/div>\n<div style=\"clear: both;text-align: center\"><\/div>\n<div style=\"clear: both;text-align: center\"><a href=\"https:\/\/4.bp.blogspot.com\/-VPk5Y9mkoJM\/VzTH_FbfuOI\/AAAAAAAAIf8\/_xczshVeN20TFPjomKXBPCvKXOVlymhQgCLcB\/s1600\/mst.png\" style=\"margin-left: 1em;margin-right: 1em\"><img loading=\"lazy\" decoding=\"async\" border=\"0\" height=\"200\" src=\"https:\/\/4.bp.blogspot.com\/-VPk5Y9mkoJM\/VzTH_FbfuOI\/AAAAAAAAIf8\/_xczshVeN20TFPjomKXBPCvKXOVlymhQgCLcB\/s200\/mst.png\" width=\"200\" \/><\/a><\/div>\n<div style=\"clear: both;text-align: center\"><\/div>\n<p><span style=\"font-family: Verdana, sans-serif\"><\/p>\n<div style=\"text-align: justify\">[MST Coordinacion Nacional, Brasilia, 12 de Mayo, el a\u00f1o 2016]&nbsp;<\/div>\n<div style=\"text-align: justify\">Movimiento de los Sin Tierra (MST) expresan p\u00fablicamente su disgusto y malestar por la decisi\u00f3n del Senado, este jueves (12), admitiendo el proceso de juicio pol\u00edtico contra el presidente Dilma Roussef y lejos de colocar temporalmente. Estamos seguros, como texto proceso indicado, el Presidente no ha cometido ning\u00fan delito con el pedaleo de impuestos. Si es as\u00ed, el proceso tambi\u00e9n debe cumplir con el diputado que asume ahora, Michel Temer, y el senador Anastasia, ex gobernador de Minas.<\/div>\n<p><\/span><\/p>\n<div style=\"text-align: justify\"><span style=\"font-family: Verdana, sans-serif\"><br \/><\/span><\/div>\n<div style=\"text-align: justify\"><span style=\"font-family: Verdana, sans-serif\">Se trata de un golpe institucional y anti-democr\u00e1tico que falt\u00f3 el respeto a la voluntad de 54 millones de votantes y fue orquestada por los sectores m\u00e1s conservadores de la sociedad, en particular la comunidad empresarial neoliberal y al servicio de los intereses de las empresas estadounidenses. Un golpe de estado apoyado por una campa\u00f1a permanente de los medios de comunicaci\u00f3n &#8211; sectores de los medios del poder judicial y la acci\u00f3n selectiva y &#8211; sobre todo Globo.<\/span><\/div>\n<div style=\"text-align: justify\"><span style=\"font-family: Verdana, sans-serif\"><br \/><\/span><\/div>\n<div style=\"text-align: justify\"><span style=\"font-family: Verdana, sans-serif\"><a name='more'><\/a><br \/><\/span><\/div>\n<div style=\"text-align: justify\"><span style=\"font-family: Verdana, sans-serif\">El golpe de Estado respaldado por el Senado no s\u00f3lo no respeta la opini\u00f3n de la poblaci\u00f3n que deber\u00eda ser el jefe de Estado, pero, como se hab\u00eda anunciado por el vicepresidente usurpador, se propone aplicar un programa recesivo, neoliberal de tristes recuerdos para el pueblo brasile\u00f1o en los tiempos de los gobiernos Collor- FHC. Es anti-popular y la regresi\u00f3n social que fue rechazado en repetidas ocasiones por la mayor\u00eda en las urnas. No pueden vivir con la democracia y someterse a la voluntad popular, las \u00e9lites de distancia del presidente sin ninguna evidencia de un crimen, s\u00f3lo para sus recortes sociales del proyecto, el desempleo y la privatizaci\u00f3n se lleva a cabo.<\/span><\/div>\n<div style=\"text-align: justify\"><span style=\"font-family: Verdana, sans-serif\"><br \/><\/span><\/div>\n<div style=\"text-align: justify\"><span style=\"font-family: Verdana, sans-serif\">El \u00abPuente a la recesi\u00f3n,\u00bb el golpe Michel Temer, ser\u00e1 s\u00f3lo conducen a la acentuaci\u00f3n de la crisis social y econ\u00f3mica y ampliar la inestabilidad pol\u00edtica del pa\u00eds. El nuevo gobierno se anunci\u00f3, por su historia, ni se rompe con los m\u00e9todos corruptos, todos los denunciados por las calles.<\/span><\/div>\n<div style=\"text-align: justify\"><\/div>\n<div style=\"text-align: justify\"><span style=\"font-family: Verdana, sans-serif\">Esperamos que el Senado canjear cuando se tiene que juzgar el m\u00e9rito. Y si no procede, las fuerzas de los partidos democr\u00e1ticos y contra el golpe deben recurrir al Tribunal Supremo. la sociedad brasile\u00f1a sabe que estamos frente a una crisis econ\u00f3mica, pol\u00edtica, social y ambiental. Esta crisis no se supera con golpes. Se necesita un amplio debate en la sociedad que aglutina las fuerzas m\u00e1s populares y sociales, para tratar de construir un nuevo proyecto de pa\u00eds para hacer frente a la crisis.&nbsp;<\/span><\/div>\n<div style=\"text-align: justify\"><\/div>\n<div style=\"text-align: justify\"><span style=\"font-family: Verdana, sans-serif\">En cuanto a la crisis pol\u00edtica establecida, defendemos con otros movimientos populares que s\u00f3lo una profunda reforma pol\u00edtica que vuelve a las personas el derecho a elegir a sus representantes leg\u00edtimos, puede ser una salida real. El actual Congreso no tiene condiciones o voluntad pol\u00edtica. De ah\u00ed la necesidad de que el Senado apruebe la celebraci\u00f3n del plebiscito para dar a la gente el derecho a convocar una asamblea constituyente, que culminar\u00e1 en una reforma pol\u00edtica con la celebraci\u00f3n de elecciones generales en condiciones democr\u00e1ticas.<\/span><\/div>\n<div style=\"text-align: justify\"><span style=\"font-family: Verdana, sans-serif\"><br \/><\/span><\/div>\n<div style=\"text-align: justify\"><span style=\"font-family: Verdana, sans-serif\"><br \/><\/span><\/div>\n<div style=\"text-align: justify\"><span style=\"font-family: Verdana, sans-serif\">El MST se mantendr\u00e1 movilizado en defensa de la democracia y los derechos sociales, junto a Brasil Frente Popular y los miles de trabajadores que no aceptan el golpe. siga siempre en la lucha contra el latifundio y el agronegocio, la reforma agraria popular y el derecho constitucional de todos los trabajadores rurales tienen la tierra y la vida digna en el campo.&nbsp;<\/span><\/div>\n<div style=\"text-align: justify\"><span style=\"font-family: Verdana, sans-serif\"><br \/><\/span><\/div>\n<div style=\"text-align: justify\"><span style=\"font-family: Verdana, sans-serif\"><br \/><\/span><\/div>\n<div style=\"text-align: justify\"><span style=\"font-family: Verdana, sans-serif\">No al golpe de estado! Temer a cabo! MST Nacional de Coordinaci\u00f3n Brasilia, 12 de Mayo, el a\u00f1o 2016<\/span><\/div>\n","protected":false},"excerpt":{"rendered":"<p>MOVILIZADO EN DEFENSA DE LA DEMOCRACIA \u00a1NO AL GOLPE! [MST Coordinacion Nacional, Brasilia, 12 de Mayo, el a\u00f1o 2016]&nbsp; Movimiento de los Sin Tierra (MST) expresan p\u00fablicamente su disgusto y malestar por la decisi\u00f3n del Senado, este jueves (12), admitiendo el proceso de juicio pol\u00edtico contra el presidente Dilma Roussef y lejos de colocar temporalmente. [&hellip;]<\/p>\n","protected":false},"author":4,"featured_media":0,"comment_status":"open","ping_status":"open","sticky":false,"template":"","format":"standard","meta":{"_monsterinsights_skip_tracking":false,"_monsterinsights_sitenote_active":false,"_monsterinsights_sitenote_note":"","_monsterinsights_sitenote_category":0,"jnews-multi-image_gallery":[],"jnews_single_post":[],"jnews_primary_category":[],"_joinchat":[],"footnotes":""},"categories":[1],"tags":[],"class_list":["post-1403","post","type-post","status-publish","format-standard","hentry","category-habitat"],"_links":{"self":[{"href":"http:\/\/fmriachuelo.it10.com.ar\/index.php\/wp-json\/wp\/v2\/posts\/1403","targetHints":{"allow":["GET"]}}],"collection":[{"href":"http:\/\/fmriachuelo.it10.com.ar\/index.php\/wp-json\/wp\/v2\/posts"}],"about":[{"href":"http:\/\/fmriachuelo.it10.com.ar\/index.php\/wp-json\/wp\/v2\/types\/post"}],"author":[{"embeddable":true,"href":"http:\/\/fmriachuelo.it10.com.ar\/index.php\/wp-json\/wp\/v2\/users\/4"}],"replies":[{"embeddable":true,"href":"http:\/\/fmriachuelo.it10.com.ar\/index.php\/wp-json\/wp\/v2\/comments?post=1403"}],"version-history":[{"count":0,"href":"http:\/\/fmriachuelo.it10.com.ar\/index.php\/wp-json\/wp\/v2\/posts\/1403\/revisions"}],"wp:attachment":[{"href":"http:\/\/fmriachuelo.it10.com.ar\/index.php\/wp-json\/wp\/v2\/media?parent=1403"}],"wp:term":[{"taxonomy":"category","embeddable":true,"href":"http:\/\/fmriachuelo.it10.com.ar\/index.php\/wp-json\/wp\/v2\/categories?post=1403"},{"taxonomy":"post_tag","embeddable":true,"href":"http:\/\/fmriachuelo.it10.com.ar\/index.php\/wp-json\/wp\/v2\/tags?post=1403"}],"curies":[{"name":"wp","href":"https:\/\/api.w.org\/{rel}","templated":true}]}}