{"id":14026,"date":"2021-08-25T18:28:19","date_gmt":"2021-08-25T18:28:19","guid":{"rendered":"http:\/\/fmriachuelo.com.ar\/?p=14026"},"modified":"2021-08-25T18:28:19","modified_gmt":"2021-08-25T18:28:19","slug":"organizaciones-sociales-acompanaron-la-liberacion-de-luis-delia-2","status":"publish","type":"post","link":"http:\/\/fmriachuelo.it10.com.ar\/index.php\/2021\/08\/25\/organizaciones-sociales-acompanaron-la-liberacion-de-luis-delia-2\/","title":{"rendered":"ORGANIZACIONES SOCIALES ACOMPA\u00d1ARON LA LIBERACI\u00d3N DE LUIS D\u2019ELIA"},"content":{"rendered":"<p><b>[FM Riachuelo, 25\/8\/2021] Ayer fue el d\u00eda en que el presidente de la FTV (Federaci\u00f3n Tierra y Vivienda), Luis D\u2019Elia, recuper\u00f3 su libertad luego de estar 1.000 d\u00edas injustamente preso. Diversas organizaciones populares acompa\u00f1aron a Luis en este d\u00eda con una movilizaci\u00f3n desde su casa hasta la sede del FTV Miles de Isidro Casanova, La Matanza. Su caso es otro de los tantos en que referentes del campo popular son atacados por el <\/b><b><i>lawfare<\/i><\/b><b>, una herramienta de un sistema judicial al servicio de los poderosos, que busca debilitar a los Movimientos Sociales, criminalizando la protesta y enjuiciando a sus referentes.<\/b><\/p>\n<p><span style=\"font-weight: 400\">Luis D\u2019Elia fue privado de su libertad por haber acompa\u00f1ado una protesta del, en aquel momento, Comedor Los Pibes, que en el 2004 tom\u00f3 la Comisar\u00eda Nro 24 del barrio de La Boca, exigiendo justicia por el asesinato de su referente Mart\u00edn Oso Cisneros.\u00a0<\/span><\/p>\n<p><span style=\"font-weight: 400\">\u201c<\/span><i><span style=\"font-weight: 400\">Durante el juicio los tres, tanto Luis Bord\u00f3n, como D\u2019Elia, como yo, pudimos sostener que volver\u00edamos a hacer lo mismo. Todos \u00e9ramos muy conscientes de que la importancia no era solamente estar libre o no, sino dejar claro que ese tipo de hechos \u00e9ticos, coherentes, que dejan marcada en la historia de nuestro pueblo su dignidad y su coraje, ten\u00edan que ser defendidos y mantenidos a rajatabla. Luis claramente es el principal con el que hacen el intento de escarmentar a los sectores populares. Nosotros siempre le hemos agradecido la decisi\u00f3n de haber acompa\u00f1ado cada uno de esos minutos a partir de que nos enteramos de que el Oso hab\u00eda sido asesinado. Y Luis, con mucha lealtad de dirigente, fue acompa\u00f1ando lo que desde la Organizaci\u00f3n Los Pibes fuimos decidiendo, y eso jam\u00e1s lo olvidaremos<\/span><\/i><span style=\"font-weight: 400\">\u201d, hab\u00eda expresado esa ma\u00f1ana para Radio Rebelde <\/span><b>Lito Borello<\/b><span style=\"font-weight: 400\">, coordinador nacional del <\/span><b>Movimiento Popular Los Pibes<\/b><span style=\"font-weight: 400\"> y secretario de <\/span><b>Derechos Humanos de la Uni\u00f3n de Trabajadores y Trabajadoras de la Econom\u00eda Popular (UTEP)<\/b><span style=\"font-weight: 400\">, quien junto con D\u2019Elia y el referente de DDHH, Luis Bord\u00f3n, tuvo que enfrentar en 2017 el juicio injusto por la toma de la comisar\u00eda.<\/span><\/p>\n<p><span style=\"font-weight: 400\">Es que en esta movilizaci\u00f3n se demostr\u00f3 una firme conciencia desde el campo popular sobre el funcionamiento de la actual Justicia como un arma contra el pueblo que se organiza, que decant\u00f3 en el apoyo incondicional al referente del Miles y todos los presos por luchar. La FM Riachuelo estuvo realizando la cobertura de este d\u00eda tan importante, y pudo recoger los testimonios de algunos de los referentes y cercanos a Luis que estuvieron participando.<img loading=\"lazy\" decoding=\"async\" class=\" wp-image-14029 aligncenter\" src=\"http:\/\/fmriachuelo.com.ar\/wp-content\/uploads\/2021\/08\/WhatsApp-Image-2021-08-24-at-14.47.58-300x225.jpeg\" alt=\"\" width=\"457\" height=\"343\" \/><\/span><\/p>\n<p><b>Adri\u00e1n Albor<\/b><span style=\"font-weight: 400\">, abogado y amigo de Luis D\u2019Elia, abogado tambi\u00e9n de la causa por el asesinato del Oso, dio un claro ejemplo de lo que sucede con la Justicia en Argentina: \u201c<\/span><i><span style=\"font-weight: 400\">Es un sabor agridulce porque primero tenemos la alegr\u00eda de que Luis est\u00e1 en libertad, y luego la tristeza doble de que por un lado la toma de la comisar\u00eda fue una excusa para condenarlo a Luis, f\u00edjense ustedes que no hay nadie en el pa\u00eds con una condena en cumplimiento efectivo por instigaci\u00f3n la violencia colectiva, que fue en definitiva la condena que recibi\u00f3 Luis; y por otro lado tambi\u00e9n nos hubiera gustado que el poder ejecutivo hubiera hecho algo, alguna especie de desagravio respecto de Luis y de todos los presos pol\u00edticos.<\/span><\/i><span style=\"font-weight: 400\">\u201d<\/span><\/p>\n<p><b>Gildo Onoratto<\/b><span style=\"font-weight: 400\">, secretario gremial de la UTEP, puso en valor que, en tal contexto, el campo popular contin\u00fae de pie, sin permitir que se siga amedrentando a sus referentes: \u201c<\/span><i><span style=\"font-weight: 400\">Muy contento por este acompa\u00f1amiento masivo de las fuerzas populares, de la dirigencia comprometida con las causas justas. Nos parece a nosotros que la dirigencia social es perseguida, es detenida, y los poderosos siempre zafan de la c\u00e1rcel. Por eso era muy importante estar hoy para demostrar nuestra solidaridad, nuestro acompa\u00f1amiento, y sobre todo reconocer a la militancia del Miles, que nunca baj\u00f3 los brazos para lograr liberaci\u00f3n de Luis.<\/span><\/i><span style=\"font-weight: 400\">\u201d<img loading=\"lazy\" decoding=\"async\" class=\" wp-image-14030 aligncenter\" src=\"http:\/\/fmriachuelo.com.ar\/wp-content\/uploads\/2021\/08\/WhatsApp-Image-2021-08-24-at-14.47.59-300x225.jpeg\" alt=\"\" width=\"401\" height=\"301\" \/><\/span><\/p>\n<p><span style=\"font-weight: 400\">Se trat\u00f3 de un d\u00eda significativo, de esos que van reafirmando el camino de lucha en el que andan las organizaciones sociales. As\u00ed lo expres\u00f3 <\/span><b>Mario Gonz\u00e1lez<\/b><span style=\"font-weight: 400\">, militante del Movimiento Popular Los Pibes presente en la movilizaci\u00f3n: \u201c<\/span><i><span style=\"font-weight: 400\">En este momento es donde realmente tenemos que cambiar la historia. Que vengan a ver lo que pas\u00f3 ac\u00e1, que esto fue un encuentro de la verdadera militancia y el poder popular, que realmente lo tenemos que defender como hoy defendimos a Luis y estuvimos al lado de \u00e9l<\/span><\/i><span style=\"font-weight: 400\">\u201d.<\/span><\/p>\n<p><span style=\"font-weight: 400\">En el acto de cierre, D\u2019Elia se expres\u00f3 sobre el lawfare: \u201c<\/span><i><span style=\"font-weight: 400\">Todav\u00eda est\u00e1 el cable 1.222 de Wikileaks, donde la ex embajadora de los Estados Unidos, Vilma Socorro Mart\u00ednez, le pide a Macri mi detenci\u00f3n, y Macri le dice que cuando sea presidente, eso va a suceder. Quer\u00edan prueba del lawfare, ah\u00ed la tienen<\/span><\/i><span style=\"font-weight: 400\">\u201d. Luego, resalt\u00f3 la injerencia yanqui en la regi\u00f3n latinoamericana para debilitar a los pueblos: \u201c<\/span><i><span style=\"font-weight: 400\">Hace 45 a\u00f1os utilizaban a los milicos, los mandaban a estudiar a Estados Unidos. Hoy, utilizan a los periodistas y a los jueces, esos que ahora van a comisi\u00f3n a hacer cursos a Washington<\/span><\/i><span style=\"font-weight: 400\">\u201d.<\/span><\/p>\n<p><span style=\"font-weight: 400\">Frente a esto, Luis dej\u00f3 un mensaje sobre la fortaleza de los Movimientos Populares, dando cierre a una jornada que dio cuenta de ello: \u201c<\/span><i><span style=\"font-weight: 400\">Hay algunos que quieren aniquilar a los Movimientos Sociales, que quieren sacarnos de la cancha, que entienden que somos mercanc\u00eda, y que van a vigilar, en nombre de la ayuda universal, que no podamos luchar y organizarnos en las calles. Les digo: tengan cuidado, porque los Movimientos Sociales llegaron para quedarse, y unidos somos invencibles<\/span><\/i><span style=\"font-weight: 400\">\u201d.<img loading=\"lazy\" decoding=\"async\" class=\" wp-image-14033 aligncenter\" src=\"http:\/\/fmriachuelo.com.ar\/wp-content\/uploads\/2021\/08\/235117406_4309977299057452_4496812156785691379_n-300x200.jpg\" alt=\"\" width=\"504\" height=\"336\" \/><\/span><\/p>\n","protected":false},"excerpt":{"rendered":"<p>[FM Riachuelo, 25\/8\/2021] Ayer fue el d\u00eda en que el presidente de la FTV (Federaci\u00f3n Tierra y Vivienda), Luis D\u2019Elia, recuper\u00f3 su libertad luego de estar 1.000 d\u00edas injustamente preso. Diversas organizaciones populares acompa\u00f1aron a Luis en este d\u00eda con una movilizaci\u00f3n desde su casa hasta la sede del FTV Miles de Isidro Casanova, La [&hellip;]<\/p>\n","protected":false},"author":5,"featured_media":14027,"comment_status":"closed","ping_status":"closed","sticky":false,"template":"","format":"standard","meta":{"_monsterinsights_skip_tracking":false,"_monsterinsights_sitenote_active":false,"_monsterinsights_sitenote_note":"","_monsterinsights_sitenote_category":0,"jnews-multi-image_gallery":[],"jnews_single_post":{"format":"standard"},"jnews_primary_category":[],"_joinchat":[],"footnotes":""},"categories":[82,76],"tags":[],"class_list":["post-14026","post","type-post","status-publish","format-standard","has-post-thumbnail","hentry","category-derechos-humanos","category-salud-comunitaria"],"_links":{"self":[{"href":"http:\/\/fmriachuelo.it10.com.ar\/index.php\/wp-json\/wp\/v2\/posts\/14026","targetHints":{"allow":["GET"]}}],"collection":[{"href":"http:\/\/fmriachuelo.it10.com.ar\/index.php\/wp-json\/wp\/v2\/posts"}],"about":[{"href":"http:\/\/fmriachuelo.it10.com.ar\/index.php\/wp-json\/wp\/v2\/types\/post"}],"author":[{"embeddable":true,"href":"http:\/\/fmriachuelo.it10.com.ar\/index.php\/wp-json\/wp\/v2\/users\/5"}],"replies":[{"embeddable":true,"href":"http:\/\/fmriachuelo.it10.com.ar\/index.php\/wp-json\/wp\/v2\/comments?post=14026"}],"version-history":[{"count":0,"href":"http:\/\/fmriachuelo.it10.com.ar\/index.php\/wp-json\/wp\/v2\/posts\/14026\/revisions"}],"wp:featuredmedia":[{"embeddable":true,"href":"http:\/\/fmriachuelo.it10.com.ar\/index.php\/wp-json\/"}],"wp:attachment":[{"href":"http:\/\/fmriachuelo.it10.com.ar\/index.php\/wp-json\/wp\/v2\/media?parent=14026"}],"wp:term":[{"taxonomy":"category","embeddable":true,"href":"http:\/\/fmriachuelo.it10.com.ar\/index.php\/wp-json\/wp\/v2\/categories?post=14026"},{"taxonomy":"post_tag","embeddable":true,"href":"http:\/\/fmriachuelo.it10.com.ar\/index.php\/wp-json\/wp\/v2\/tags?post=14026"}],"curies":[{"name":"wp","href":"https:\/\/api.w.org\/{rel}","templated":true}]}}