{"id":1402,"date":"2016-05-13T02:11:00","date_gmt":"2016-05-13T02:11:00","guid":{"rendered":"http:\/\/fmriachuelo.observatorioess.org.ar\/index.php\/2016\/05\/13\/antena-negra-tv-entre-el-aire-y-la-carcel\/"},"modified":"2016-05-13T02:11:00","modified_gmt":"2016-05-13T02:11:00","slug":"antena-negra-tv-entre-el-aire-y-la-carcel","status":"publish","type":"post","link":"http:\/\/fmriachuelo.it10.com.ar\/index.php\/2016\/05\/13\/antena-negra-tv-entre-el-aire-y-la-carcel\/","title":{"rendered":"ANTENA NEGRA TV: ENTRE EL AIRE Y LA CARCEL"},"content":{"rendered":"<p><span style=\"color: red;font-family: Verdana, sans-serif;font-size: large\"><b>MALAS NOTICIAS<\/b><\/span><\/p>\n<div><span style=\"font-family: Verdana, sans-serif\"><\/p>\n<div style=\"clear: both;text-align: center\"><a href=\"https:\/\/4.bp.blogspot.com\/-8s6O1P205d8\/VzU3kzZOqrI\/AAAAAAAAIgU\/NyDPhvkO7fQ7M-UXItzjaYnq4UvDrzfLACLcB\/s1600\/antena%2Bnegra.png\" style=\"clear: left;float: left;margin-bottom: 1em;margin-right: 1em\"><img decoding=\"async\" border=\"0\" src=\"https:\/\/4.bp.blogspot.com\/-8s6O1P205d8\/VzU3kzZOqrI\/AAAAAAAAIgU\/NyDPhvkO7fQ7M-UXItzjaYnq4UvDrzfLACLcB\/s1600\/antena%2Bnegra.png\" \/><\/a><\/div>\n<div style=\"text-align: justify\">Tras haber conseguido que el martes 10 de mayo se diera de baja la orden de allanamiento hacia el canal comunitario Antena Negra TV, el Juez Mart\u00ednez De Giorgi emiti\u00f3 una resoluci\u00f3n intimando al mismo a entregar los equipos de trasmisi\u00f3n en las siguientes 48 hs, culminando \u00e9stas el d\u00eda de hoy, jueves 12 a las 13.30 hs.&nbsp;<\/div>\n<div style=\"text-align: justify\"><\/div>\n<div style=\"text-align: justify\">Entendemos esto como un cambio de estrategia de parte del poder Judicial que sigue actuando en favor de la empresa multinacional de seguridad privada Prosegur, evitando usar la Fuerza Policial pero extorsion\u00e1ndonos con elegir entre dejar de estar al aire -entregar los equipos- o tener un preso por comunicar.<\/div>\n<div style=\"text-align: justify\"><\/div>\n<div style=\"text-align: justify\">Dejar de estar al aire implica apagar nuestra herramienta comunicacional, es decir nuestro medio de lucha, censurando las voces del campo popular y profundizando a\u00fan m\u00e1s la desigualdad entre los medios comunitarios y los comerciales, que trabajan en conjunto con empresas telef\u00f3nicas, afianzando el cerco medi\u00e1tico que favorece el discurso hegem\u00f3nico.<\/div>\n<p><a name='more'><\/a><br \/>A partir de esto tomamos, en conjunto con la RNMA, la decisi\u00f3n de no entregar a ninguna persona a la c\u00e1rcel, y por lo tanto salir moment\u00e1neamente del aire. La entrega ser har\u00e1 en las pr\u00f3ximas horas en el edificio de ENACOM Per\u00fa 103 y all\u00ed constatar\u00e1 que se entregan en forma y funcionando para luego labrar una acta. Los equipos quedar\u00e1n entonces nuevamente retenidos por el Estado y la empresa Prosegur utilizando la frecuencia desde su ilegalidad.<\/p>\n<p>Responsabilizamos por esta situaci\u00f3n: <\/p>\n<p>&#8211; A la empresa multinacional Prosegur, que inici\u00f3 esta causa penal e impuls\u00f3 una persecuci\u00f3n juridica y policial, siendo ellos los que usan ileg\u00edtimamente el espectro;<\/p>\n<p>&#8211; Al juez Mart\u00ednez De Giorgi, que llev\u00f3 adelante el primer secuestro de los equipos en 2015 y hoy contin\u00faa respondiendo a las presiones de dicha empresa sacandonos del aire e intentando un segundo allanamiento en el canal.<\/p>\n<p>&#8211; Al ENACOM, por no llevar adelante las pol\u00edticas correspondientes a su funci\u00f3n, para que este conflicto se resuelva en favor de la comunicaci\u00f3n popular.<\/p>\n<p>A pesar de la extensa reuni\u00f3n, no se pudo conseguir que ENACOM actuara para que se detuviera esta nueva instancia de retenci\u00f3n de los equipos ordenada por el juez di Giorgi. El organismo adquiri\u00f3 el compromiso de pedir juntamente con Antena Negra TV y por escrito una audiencia ante el juzgado, para finalizar la causa penal y llevarla al plano administrativo-pol\u00edtico, del que nunca debi\u00f3 haber salido.<\/p>\n<p>Exigimos que se retire de inmedato la causa penal y se resuelva el conflicto por v\u00edas administrativas, dejando as\u00ed de tener el peligro inminente de una persona presa por hacer comunicaci\u00f3n comunitaria, alternativa y popular. Queremos la resoluci\u00f3n de esta disputa, por lo tanto tambi\u00e9n exigimos al ENACOM que encuentre una figura legal que nos permita poder seguir transmitiendo y dejar de estar en un estado de vulnerabilidad permanente y en peligro de allanamiento constante. <\/p>\n<p>Desde Antena Negra TV y la RNMA tomamos esta decisi\u00f3n aunque calificamos de injusta la resoluci\u00f3n de Juez. Deber\u00eda ser PROSEGUR quien apague sus equipos y no nosotros pero ante la eventualidad de que una persona, ya imputada, pueda perder su libertad por desobediencia, hemos resuelto apagar el equipo para esta nueva retenci\u00f3n. <\/p>\n<p>No estamos eligiendo entre dos variantes, nos obligan a hacerlo. Entre la c\u00e1rcel o el aire, elegimos hacer comunicaci\u00f3n comunitaria, alternativa y popular. Y volveremos a hacerlo, definitivamente.<\/p>\n<p>\u00a1Basta de seguir beneficiando a las empresas privadas por sobre el campo popular!<\/p>\n<p>\u00a1Basta de hacer de la comunicaci\u00f3n un negocio y una mercanc\u00eda!<\/p>\n<p>\u00a1ANTENA NEGRA TV NO SE APAGA!<\/span><\/div>\n","protected":false},"excerpt":{"rendered":"<p>MALAS NOTICIAS Tras haber conseguido que el martes 10 de mayo se diera de baja la orden de allanamiento hacia el canal comunitario Antena Negra TV, el Juez Mart\u00ednez De Giorgi emiti\u00f3 una resoluci\u00f3n intimando al mismo a entregar los equipos de trasmisi\u00f3n en las siguientes 48 hs, culminando \u00e9stas el d\u00eda de hoy, jueves [&hellip;]<\/p>\n","protected":false},"author":4,"featured_media":0,"comment_status":"open","ping_status":"open","sticky":false,"template":"","format":"standard","meta":{"_monsterinsights_skip_tracking":false,"_monsterinsights_sitenote_active":false,"_monsterinsights_sitenote_note":"","_monsterinsights_sitenote_category":0,"jnews-multi-image_gallery":[],"jnews_single_post":[],"jnews_primary_category":[],"_joinchat":[],"footnotes":""},"categories":[1],"tags":[],"class_list":["post-1402","post","type-post","status-publish","format-standard","hentry","category-habitat"],"_links":{"self":[{"href":"http:\/\/fmriachuelo.it10.com.ar\/index.php\/wp-json\/wp\/v2\/posts\/1402","targetHints":{"allow":["GET"]}}],"collection":[{"href":"http:\/\/fmriachuelo.it10.com.ar\/index.php\/wp-json\/wp\/v2\/posts"}],"about":[{"href":"http:\/\/fmriachuelo.it10.com.ar\/index.php\/wp-json\/wp\/v2\/types\/post"}],"author":[{"embeddable":true,"href":"http:\/\/fmriachuelo.it10.com.ar\/index.php\/wp-json\/wp\/v2\/users\/4"}],"replies":[{"embeddable":true,"href":"http:\/\/fmriachuelo.it10.com.ar\/index.php\/wp-json\/wp\/v2\/comments?post=1402"}],"version-history":[{"count":0,"href":"http:\/\/fmriachuelo.it10.com.ar\/index.php\/wp-json\/wp\/v2\/posts\/1402\/revisions"}],"wp:attachment":[{"href":"http:\/\/fmriachuelo.it10.com.ar\/index.php\/wp-json\/wp\/v2\/media?parent=1402"}],"wp:term":[{"taxonomy":"category","embeddable":true,"href":"http:\/\/fmriachuelo.it10.com.ar\/index.php\/wp-json\/wp\/v2\/categories?post=1402"},{"taxonomy":"post_tag","embeddable":true,"href":"http:\/\/fmriachuelo.it10.com.ar\/index.php\/wp-json\/wp\/v2\/tags?post=1402"}],"curies":[{"name":"wp","href":"https:\/\/api.w.org\/{rel}","templated":true}]}}