{"id":1401,"date":"2016-05-14T18:28:00","date_gmt":"2016-05-14T18:28:00","guid":{"rendered":"http:\/\/fmriachuelo.observatorioess.org.ar\/index.php\/2016\/05\/14\/el-salvador-desconocen-al-gobierno-golpista-de-brasil\/"},"modified":"2016-05-14T18:28:00","modified_gmt":"2016-05-14T18:28:00","slug":"el-salvador-desconocen-al-gobierno-golpista-de-brasil","status":"publish","type":"post","link":"http:\/\/fmriachuelo.it10.com.ar\/index.php\/2016\/05\/14\/el-salvador-desconocen-al-gobierno-golpista-de-brasil\/","title":{"rendered":"EL SALVADOR: DESCONOCEN AL GOBIERNO GOLPISTA DE BRASIL"},"content":{"rendered":"<p><span style=\"color: red;font-family: Verdana, sans-serif;font-size: large\"><b>EJEMPLO REGIONAL<\/b><\/span><\/p>\n<div style=\"clear: both;text-align: center\"><a style=\"clear: left;float: left;margin-bottom: 1em;margin-right: 1em\" href=\"https:\/\/4.bp.blogspot.com\/-aF0VCCJnWoI\/Vzi_vDa3ZTI\/AAAAAAAAIgw\/o9m_SOCUMkwSFaPlA--2_Z2W_ZKoiIpmACLcB\/s1600\/salvador.jpg\"><img loading=\"lazy\" decoding=\"async\" src=\"https:\/\/4.bp.blogspot.com\/-aF0VCCJnWoI\/Vzi_vDa3ZTI\/AAAAAAAAIgw\/o9m_SOCUMkwSFaPlA--2_Z2W_ZKoiIpmACLcB\/s320\/salvador.jpg\" width=\"320\" height=\"162\" border=\"0\" \/><\/a><\/div>\n<div style=\"text-align: justify\"><span style=\"font-family: Verdana, sans-serif\">[S\u00e1bado 14 de Mayo 2016 | Prensa Latina]\u00a0<\/span><span style=\"text-align: justify\">El presidente de El Salvador, Salvador S\u00e1nchez Cer\u00e9n, afirm\u00f3 hoy que su gobierno desconoce a las autoridades interinas de Brasil ante lo que consider\u00f3 un golpe contra la mandataria Dilma Rousseff.<\/span><\/div>\n<div style=\"text-align: justify\"><\/div>\n<div style=\"text-align: justify\">Al mismo tiempo dijo que instruy\u00f3 a su canciller, Hugo Mart\u00ednez, para que llame a consulta a la embajadora acreditada en la naci\u00f3n suramericana para analizar c\u00f3mo se desenvuelven los acontecimientos.<\/div>\n<div style=\"text-align: justify\"><\/div>\n<div style=\"text-align: justify\">El jefe de Estado recalc\u00f3 que su gobierno es respetuoso de los asuntos internos de cada pa\u00eds y lo es tambi\u00e9n de la democracia, al referirse a la forma en que la presidenta, Dilma Rousseff, elegida por millones de brasile\u00f1os fue apartada de su cargo.<\/div>\n<div style=\"text-align: justify\"><a name=\"more\"><\/a><\/div>\n<div style=\"text-align: justify\">S\u00e1nchez Cer\u00e9n record\u00f3 que en otras \u00e9pocas se utilizaban los golpes de Estado militares, pero ahora se ejecutan otras modalidades como los golpes parlamentarios y judiciales para sacar a gobiernos leg\u00edtimos, como en el caso de Brasil.<\/div>\n<div style=\"text-align: justify\"><\/div>\n<div style=\"text-align: justify\">\u00abNo vamos a reconocer a ese gobierno provisional porque hay una manipulaci\u00f3n pol\u00edtica\u00bb, enfatiz\u00f3.<\/div>\n<div style=\"text-align: justify\"><\/div>\n<div style=\"text-align: justify\">A\u00f1adi\u00f3 que su administraci\u00f3n es respetuosa de la voluntad del pueblo y considera que en Brasil se ha vulnerado esa decisi\u00f3n.<\/div>\n","protected":false},"excerpt":{"rendered":"<p>EJEMPLO REGIONAL [S\u00e1bado 14 de Mayo 2016 | Prensa Latina]\u00a0El presidente de El Salvador, Salvador S\u00e1nchez Cer\u00e9n, afirm\u00f3 hoy que su gobierno desconoce a las autoridades interinas de Brasil ante lo que consider\u00f3 un golpe contra la mandataria Dilma Rousseff. Al mismo tiempo dijo que instruy\u00f3 a su canciller, Hugo Mart\u00ednez, para que llame a [&hellip;]<\/p>\n","protected":false},"author":4,"featured_media":0,"comment_status":"open","ping_status":"open","sticky":false,"template":"","format":"standard","meta":{"_monsterinsights_skip_tracking":false,"_monsterinsights_sitenote_active":false,"_monsterinsights_sitenote_note":"","_monsterinsights_sitenote_category":0,"jnews-multi-image_gallery":[],"jnews_single_post":[],"jnews_primary_category":[],"_joinchat":[],"footnotes":""},"categories":[1],"tags":[],"class_list":["post-1401","post","type-post","status-publish","format-standard","hentry","category-habitat"],"_links":{"self":[{"href":"http:\/\/fmriachuelo.it10.com.ar\/index.php\/wp-json\/wp\/v2\/posts\/1401","targetHints":{"allow":["GET"]}}],"collection":[{"href":"http:\/\/fmriachuelo.it10.com.ar\/index.php\/wp-json\/wp\/v2\/posts"}],"about":[{"href":"http:\/\/fmriachuelo.it10.com.ar\/index.php\/wp-json\/wp\/v2\/types\/post"}],"author":[{"embeddable":true,"href":"http:\/\/fmriachuelo.it10.com.ar\/index.php\/wp-json\/wp\/v2\/users\/4"}],"replies":[{"embeddable":true,"href":"http:\/\/fmriachuelo.it10.com.ar\/index.php\/wp-json\/wp\/v2\/comments?post=1401"}],"version-history":[{"count":0,"href":"http:\/\/fmriachuelo.it10.com.ar\/index.php\/wp-json\/wp\/v2\/posts\/1401\/revisions"}],"wp:attachment":[{"href":"http:\/\/fmriachuelo.it10.com.ar\/index.php\/wp-json\/wp\/v2\/media?parent=1401"}],"wp:term":[{"taxonomy":"category","embeddable":true,"href":"http:\/\/fmriachuelo.it10.com.ar\/index.php\/wp-json\/wp\/v2\/categories?post=1401"},{"taxonomy":"post_tag","embeddable":true,"href":"http:\/\/fmriachuelo.it10.com.ar\/index.php\/wp-json\/wp\/v2\/tags?post=1401"}],"curies":[{"name":"wp","href":"https:\/\/api.w.org\/{rel}","templated":true}]}}