{"id":14006,"date":"2021-08-24T18:11:44","date_gmt":"2021-08-24T18:11:44","guid":{"rendered":"http:\/\/fmriachuelo.com.ar\/?p=14006"},"modified":"2025-02-12T11:12:42","modified_gmt":"2025-02-12T14:12:42","slug":"restauran-el-mural-de-nehuen-rodriguez","status":"publish","type":"post","link":"http:\/\/fmriachuelo.it10.com.ar\/index.php\/2021\/08\/24\/restauran-el-mural-de-nehuen-rodriguez\/","title":{"rendered":"RESTAURAN EL MURAL DE NEHU\u00c9N RODR\u00cdGUEZ"},"content":{"rendered":"<div class=\"\">\n<div class=\"_1mf _1mj\"><strong>[FM Riachuelo 23\/08\/2021]\u00a0El pasado s\u00e1bado 21 de agosto se dio lugar a la restauraci\u00f3n del mural en homenaje a Nehu\u00e9n Rodr\u00edguez, asesinado por la Polic\u00eda Metropolitana en diciembre del 2014 en la intersecci\u00f3n de las calles Brandsen y Ram\u00f3n Carrillo (Barracas).<\/strong><\/div>\n<div><\/div>\n<\/div>\n<div class=\"\"><img loading=\"lazy\" decoding=\"async\" class=\"wp-image-14007 aligncenter\" src=\"http:\/\/fmriachuelo.com.ar\/wp-content\/uploads\/2021\/08\/1-300x200.jpg\" alt=\"\" width=\"584\" height=\"389\" \/><\/div>\n<div><\/div>\n<div class=\"\">En marzo de este a\u00f1o, la familia se encontr\u00f3 con que el mural pintado en memoria de Nehu\u00e9n en el lugar de su asesinato, hab\u00eda sido tapado por una pintada de campa\u00f1a pol\u00edtica. A pesar de la angustia de ver el mural arruinado, se organizaron desde Madres Sembrando Conciencia junto a la comunidad que supieron construir y encararon el proyecto de restauraci\u00f3n de la obra.<\/div>\n<div><\/div>\n<div><\/div>\n<div class=\"\"><img loading=\"lazy\" decoding=\"async\" class=\"wp-image-14010 alignnone\" src=\"http:\/\/fmriachuelo.com.ar\/wp-content\/uploads\/2021\/08\/4-300x200.jpg\" alt=\"\" width=\"330\" height=\"221\" \/>\u00a0<img loading=\"lazy\" decoding=\"async\" class=\"wp-image-14013 alignleft\" src=\"http:\/\/fmriachuelo.com.ar\/wp-content\/uploads\/2021\/08\/2-2-300x200.jpg\" alt=\"\" width=\"330\" height=\"220\" \/><\/div>\n<div><\/div>\n<div class=\"\">Acompa\u00f1ada por su familia, amigxs de Nehu\u00e9n y organizaciones del barrio de La Boca con las que recorre su camino de lucha cotidiana, Roxana Ca\u00ednzos, madre de Nehu\u00e9n, comparti\u00f3 unas palabras de agradecimiento con los presentes, record\u00f3 que este viernes 27 de agosto es la Marcha Nacional Contra el Gatillo F\u00e1cil y resalt\u00f3 la importancia de participar en ella.<\/div>\n<div class=\"\">\n<div><\/div>\n<div class=\"_1mf _1mj\"><span>\u201cMuchas gracias por estar presentes en esta jornada y por ser testigos una vez m\u00e1s de c\u00f3mo se tap\u00f3 la verdad con unas pinceladas creyendo que as\u00ed borrar\u00edan la memoria de la lucha colectiva en busca de justicia por Nehu\u00e9n. Hoy no solo restauramos su mural, si no que reafirmamos nuestro compromiso con la causa para que sepan que no olvidamos ni perdonamos. Que seguimos m\u00e1s fuertes que nunca\u201d, expresaba emocionada.<\/span><\/div>\n<\/div>\n<div><img loading=\"lazy\" decoding=\"async\" class=\" wp-image-14011 aligncenter\" src=\"http:\/\/fmriachuelo.com.ar\/wp-content\/uploads\/2021\/08\/5-300x200.jpg\" alt=\"\" width=\"450\" height=\"301\" \/><\/div>\n<div class=\"\">\n<div class=\"_1mf _1mj\"><span>\u00a0<\/span><\/div>\n<\/div>\n<div class=\"\">\n<div class=\"_1mf _1mj\"><span>Con su admirable fortaleza, parada en esa calle tan simb\u00f3lica para ella, Roxana nos ense\u00f1a de qu\u00e9 se trata esta lucha: cuidar la memoria de nuestrxs pibxs y a partir de ah\u00ed construir conciencia en su comunidad. Entender qu\u00e9 provoca la exclusi\u00f3n en nuestros barrios para poder combatir este sistema de muerte desde la esperanza de construir un mundo m\u00e1s justo, donde lxs pibxs en vez de violencia esperen un futuro de felicidad.<\/span><\/div>\n<\/div>\n","protected":false},"excerpt":{"rendered":"<p>[FM Riachuelo 23\/08\/2021]\u00a0El pasado s\u00e1bado 21 de agosto se dio lugar a la restauraci\u00f3n del mural en homenaje a Nehu\u00e9n Rodr\u00edguez, asesinado por la Polic\u00eda Metropolitana en diciembre del 2014 en la intersecci\u00f3n de las calles Brandsen y Ram\u00f3n Carrillo (Barracas). En marzo de este a\u00f1o, la familia se encontr\u00f3 con que el mural pintado [&hellip;]<\/p>\n","protected":false},"author":5,"featured_media":0,"comment_status":"closed","ping_status":"closed","sticky":false,"template":"","format":"standard","meta":{"_monsterinsights_skip_tracking":false,"_monsterinsights_sitenote_active":false,"_monsterinsights_sitenote_note":"","_monsterinsights_sitenote_category":0,"jnews-multi-image_gallery":[],"jnews_single_post":{"format":"standard"},"jnews_primary_category":[],"_joinchat":[],"footnotes":""},"categories":[82,58,144],"tags":[],"class_list":["post-14006","post","type-post","status-publish","format-standard","hentry","category-derechos-humanos","category-noticiariachuelo","category-violencia-institucional"],"_links":{"self":[{"href":"http:\/\/fmriachuelo.it10.com.ar\/index.php\/wp-json\/wp\/v2\/posts\/14006","targetHints":{"allow":["GET"]}}],"collection":[{"href":"http:\/\/fmriachuelo.it10.com.ar\/index.php\/wp-json\/wp\/v2\/posts"}],"about":[{"href":"http:\/\/fmriachuelo.it10.com.ar\/index.php\/wp-json\/wp\/v2\/types\/post"}],"author":[{"embeddable":true,"href":"http:\/\/fmriachuelo.it10.com.ar\/index.php\/wp-json\/wp\/v2\/users\/5"}],"replies":[{"embeddable":true,"href":"http:\/\/fmriachuelo.it10.com.ar\/index.php\/wp-json\/wp\/v2\/comments?post=14006"}],"version-history":[{"count":1,"href":"http:\/\/fmriachuelo.it10.com.ar\/index.php\/wp-json\/wp\/v2\/posts\/14006\/revisions"}],"predecessor-version":[{"id":22604,"href":"http:\/\/fmriachuelo.it10.com.ar\/index.php\/wp-json\/wp\/v2\/posts\/14006\/revisions\/22604"}],"wp:attachment":[{"href":"http:\/\/fmriachuelo.it10.com.ar\/index.php\/wp-json\/wp\/v2\/media?parent=14006"}],"wp:term":[{"taxonomy":"category","embeddable":true,"href":"http:\/\/fmriachuelo.it10.com.ar\/index.php\/wp-json\/wp\/v2\/categories?post=14006"},{"taxonomy":"post_tag","embeddable":true,"href":"http:\/\/fmriachuelo.it10.com.ar\/index.php\/wp-json\/wp\/v2\/tags?post=14006"}],"curies":[{"name":"wp","href":"https:\/\/api.w.org\/{rel}","templated":true}]}}