{"id":14001,"date":"2021-08-23T17:03:22","date_gmt":"2021-08-23T17:03:22","guid":{"rendered":"http:\/\/fmriachuelo.com.ar\/?p=14001"},"modified":"2021-08-23T17:03:22","modified_gmt":"2021-08-23T17:03:22","slug":"lucas-cabello-mi-reclamo-y-el-de-mi-familia-es-que-justicia-no-queremos-venganza-queremos-justicia-para-poder-vivir-tranquilos-como-viviamos-antes","status":"publish","type":"post","link":"http:\/\/fmriachuelo.it10.com.ar\/index.php\/2021\/08\/23\/lucas-cabello-mi-reclamo-y-el-de-mi-familia-es-que-justicia-no-queremos-venganza-queremos-justicia-para-poder-vivir-tranquilos-como-viviamos-antes\/","title":{"rendered":"LUCAS CABELLO \u201cMI RECLAMO Y EL DE MI FAMILIA ES JUSTICIA, NO QUEREMOS VENGANZA, QUEREMOS JUSTICIA PARA PODER VIVIR TRANQUILOS COMO VIV\u00cdAMOS ANTES\u201d"},"content":{"rendered":"<p><strong>[FM Riachuelo 23\/08\/202]<\/strong> <strong>En el programa Mateando en el Riachuelo (L a V 10 hs), al finalizar la Columna deportiva que realiza todos los lunes, conversamos con Lucas Cabello sobre la situaci\u00f3n que tuvo que atravesar el martes 17 de agosto. A pocas cuadras de su casa se cruz\u00f3 con <\/strong><strong>Ricardo Ayala, el efectivo de la ex Polic\u00eda Metropolitana, que fue condenado a 16 a\u00f1os de prisi\u00f3n por intento de homicidio agravado\u00a0contra nuestro compa\u00f1ero.<\/strong><\/p>\n<p>Lucas comenz\u00f3 relatando lo sucedido ese d\u00eda: <em>\u201cFue un momento muy feo, volv\u00edamos de comprarle zapatillas a mi hija por Avenida Patricios y el polic\u00eda que me dispar\u00f3 me pasa por al lado. Con mi mam\u00e1 nos dimos cuenta que era \u00e9l, yo me apur\u00e9 para sacar el tel\u00e9fono y decirle a mi vieja que lo grabe porque si no es su palabra contra la m\u00eda y sabemos que a los polic\u00edas los ayudan un poco.\u201d<\/em> Luego agreg\u00f3 <em>\u201ccuando llegamos a casa me puse a mirar las fotos con zoom porque con los barbijos es dif\u00edcil reconocer, pero esa mirada, su cara la tenga grabada en mi cabeza\u201d.<\/em><\/p>\n<p><img loading=\"lazy\" decoding=\"async\" class=\"size-medium wp-image-13021 alignleft\" src=\"http:\/\/fmriachuelo.com.ar\/wp-content\/uploads\/2021\/03\/DSC0438-300x200.jpg\" alt=\"\" width=\"300\" height=\"200\" srcset=\"http:\/\/fmriachuelo.it10.com.ar\/wp-content\/uploads\/2021\/03\/DSC0438-300x200.jpg 300w, http:\/\/fmriachuelo.it10.com.ar\/wp-content\/uploads\/2021\/03\/DSC0438-1024x683.jpg 1024w, http:\/\/fmriachuelo.it10.com.ar\/wp-content\/uploads\/2021\/03\/DSC0438-768x512.jpg 768w, http:\/\/fmriachuelo.it10.com.ar\/wp-content\/uploads\/2021\/03\/DSC0438-1536x1024.jpg 1536w, http:\/\/fmriachuelo.it10.com.ar\/wp-content\/uploads\/2021\/03\/DSC0438-750x500.jpg 750w, http:\/\/fmriachuelo.it10.com.ar\/wp-content\/uploads\/2021\/03\/DSC0438-1140x760.jpg 1140w, http:\/\/fmriachuelo.it10.com.ar\/wp-content\/uploads\/2021\/03\/DSC0438.jpg 1620w\" sizes=\"auto, (max-width: 300px) 100vw, 300px\" \/> Hace dos a\u00f1os, el 22 de agosto de 2019 se desarroll\u00f3 el juicio que le impuso a Ayala una condena de 16 a\u00f1os de prisi\u00f3n por el intento de homicidio agravado contra el joven vecino de La Boca. <em>\u201c<\/em><em>Estoy bastante indignado por la situaci\u00f3n, no tiene nada que hacer en el barrio, no entiendo c\u00f3mo me lo tengo que cruzar a \u00e9l. Despu\u00e9s de ese d\u00eda \u00a0no volv\u00ed a salir porque tengo miedo de lo que me pueda pasar y que mi mam\u00e1 y mi hija tengan que lamentar algo\u201d <\/em>sostuvo Lucas.<\/p>\n<p>En otro tramo de la charla expresa que esta situaci\u00f3n le impide disfrutar plenamente los logros por los que se esfuerza mucho: <em>\u201cel mismo d\u00eda que lo cruc\u00e9 me lleg\u00f3 la noticia que aprob\u00e9 todos los ex\u00e1menes para empezar la carrera de Periodista deportivo, es algo muy importante para m\u00ed y no lo pude disfrutar. No estoy tranquilo, la estoy pasando muy mal\u201d.<\/em><\/p>\n<p>Para finalizar dej\u00f3 claro su pedido <em>\u201cel reclamo m\u00edo y de mi familia es que queremos justicia, no queremos venganza, queremos justicia para poder vivir tranquilos como viv\u00edamos antes.\u201d<\/em><\/p>\n<p>&nbsp;<\/p>\n<p><a href=\"https:\/\/ar.radiocut.fm\/audiocut\/reclamo-mio-y-mi-familia-es-justicia-justicia-para-poder-vivir-en-paz-lucas-cabello\/\">ESCUCHA LA ENTREVISTA COMPLETA<\/a><\/p>\n","protected":false},"excerpt":{"rendered":"<p>[FM Riachuelo 23\/08\/202] En el programa Mateando en el Riachuelo (L a V 10 hs), al finalizar la Columna deportiva que realiza todos los lunes, conversamos con Lucas Cabello sobre la situaci\u00f3n que tuvo que atravesar el martes 17 de agosto. A pocas cuadras de su casa se cruz\u00f3 con Ricardo Ayala, el efectivo de [&hellip;]<\/p>\n","protected":false},"author":5,"featured_media":14002,"comment_status":"closed","ping_status":"closed","sticky":false,"template":"","format":"standard","meta":{"_monsterinsights_skip_tracking":false,"_monsterinsights_sitenote_active":false,"_monsterinsights_sitenote_note":"","_monsterinsights_sitenote_category":0,"jnews-multi-image_gallery":[],"jnews_single_post":[],"jnews_primary_category":[],"_joinchat":[],"footnotes":""},"categories":[82,78,76],"tags":[],"class_list":["post-14001","post","type-post","status-publish","format-standard","has-post-thumbnail","hentry","category-derechos-humanos","category-economia-popular","category-salud-comunitaria"],"_links":{"self":[{"href":"http:\/\/fmriachuelo.it10.com.ar\/index.php\/wp-json\/wp\/v2\/posts\/14001","targetHints":{"allow":["GET"]}}],"collection":[{"href":"http:\/\/fmriachuelo.it10.com.ar\/index.php\/wp-json\/wp\/v2\/posts"}],"about":[{"href":"http:\/\/fmriachuelo.it10.com.ar\/index.php\/wp-json\/wp\/v2\/types\/post"}],"author":[{"embeddable":true,"href":"http:\/\/fmriachuelo.it10.com.ar\/index.php\/wp-json\/wp\/v2\/users\/5"}],"replies":[{"embeddable":true,"href":"http:\/\/fmriachuelo.it10.com.ar\/index.php\/wp-json\/wp\/v2\/comments?post=14001"}],"version-history":[{"count":0,"href":"http:\/\/fmriachuelo.it10.com.ar\/index.php\/wp-json\/wp\/v2\/posts\/14001\/revisions"}],"wp:featuredmedia":[{"embeddable":true,"href":"http:\/\/fmriachuelo.it10.com.ar\/index.php\/wp-json\/"}],"wp:attachment":[{"href":"http:\/\/fmriachuelo.it10.com.ar\/index.php\/wp-json\/wp\/v2\/media?parent=14001"}],"wp:term":[{"taxonomy":"category","embeddable":true,"href":"http:\/\/fmriachuelo.it10.com.ar\/index.php\/wp-json\/wp\/v2\/categories?post=14001"},{"taxonomy":"post_tag","embeddable":true,"href":"http:\/\/fmriachuelo.it10.com.ar\/index.php\/wp-json\/wp\/v2\/tags?post=14001"}],"curies":[{"name":"wp","href":"https:\/\/api.w.org\/{rel}","templated":true}]}}