{"id":1399,"date":"2016-05-15T18:51:00","date_gmt":"2016-05-15T18:51:00","guid":{"rendered":"http:\/\/fmriachuelo.observatorioess.org.ar\/index.php\/2016\/05\/15\/la-boca-responde-al-jefe-de-gobierno-de-la-ciudad\/"},"modified":"2016-05-15T18:51:00","modified_gmt":"2016-05-15T18:51:00","slug":"la-boca-responde-al-jefe-de-gobierno-de-la-ciudad","status":"publish","type":"post","link":"http:\/\/fmriachuelo.it10.com.ar\/index.php\/2016\/05\/15\/la-boca-responde-al-jefe-de-gobierno-de-la-ciudad\/","title":{"rendered":"LA BOCA RESPONDE AL JEFE DE GOBIERNO DE LA CIUDAD"},"content":{"rendered":"<div style=\"text-align: justify\"><span style=\"color: red;font-size: large\"><b style=\"font-family: Verdana, sans-serif\">CARTA ABIERTA <\/b>\u00a0<\/span><\/div>\n<div style=\"text-align: justify\">La Boca Resiste y Propone, mesa barrial en donde confluyen una gran cantidad de organizaciones y vecinos del barrio de La Boca, se expres\u00f3 frente a los dichos del jefe de gobierno que intenta esconder su responsabilidad con acusaciones falsas.<\/div>\n<div style=\"text-align: justify\">Los vecinos que fuimos v\u00edctimas de la patota que no permiti\u00f3 la continuidad del Consejo Consultivo de la Comuna 4 el pasado mi\u00e9rcoles 4 de mayo nos sentimos agraviados por las declaraciones del Sr Horacio Rodr\u00edguez Larreta en el programa \u201cLa noticia del d\u00eda\u201d que conduce la periodista Mar\u00eda Bel\u00e9n Aramburu en C5N del d\u00eda jueves 12 de mayo de 2016.<\/div>\n<div style=\"text-align: justify\">A\u00fan consternados por los hechos vividos y con dos compa\u00f1eros heridos, uno todav\u00eda internado, nos vemos en la obligaci\u00f3n de responderle y le exigimos al canal C5N y a la periodista que lea esta carta en el mismo programa garantizando nuestro derecho a r\u00e9plica:<\/div>\n<div style=\"text-align: justify\"><\/div>\n<div style=\"text-align: justify\">Sr Jefe de Gobierno de la Ciudad Aut\u00f3noma de Buenos Aires<\/div>\n<div style=\"text-align: justify\">Horacio Rodr\u00edguez Larreta<\/div>\n<div style=\"text-align: justify\">Escuchamos atentamente su versi\u00f3n de los hechos y estamos profundamente preocupados por lo vertido en sus declaraciones:<\/div>\n<div style=\"text-align: justify\">&#8211; Usted dice que se trat\u00f3 de una simple reuni\u00f3n de vecinos como las tantas que realiza habitualmente, le informamos que fuimos convocados por el comunero Diego Weck de Cambiemos, a concurrir a una reuni\u00f3n del Consejo Consultivo dentro de la sede de la Comuna 4. Para participar debimos inscribirnos previamente y cumplir con todos los requisitos planteados por la comuna. Todos los participantes, incluidos los miembros de la organizaci\u00f3n Boca es Pueblo, cumplieron con esos requisitos .<br \/>\n<a name=\"more\"><\/a><\/div>\n<div style=\"text-align: justify\">&#8211; Usted dice que un grupo entr\u00f3 a agredir, cuando todos, agresores y agredidos, est\u00e1bamos presentes desde el comienzo de la reuni\u00f3n como podr\u00e1 constatar cuando acceda al abundante material fotogr\u00e1fico y f\u00edlmico, incluidas las c\u00e1maras de la propia sede.<\/div>\n<div style=\"text-align: justify\">&#8211; Cuando expresa que ustedes les dan habitualmente terrenos a diferentes clubes y da numerosos ejemplos, no est\u00e1 diciendo que esos terrenos son del Pueblo de la Ciudad de Buenos Aires, y que no son terrenos bald\u00edos sino un pulm\u00f3n verde y un lugar de recreaci\u00f3n de nuestro barrio. Venimos insistiendo en que el mecanismo de traspaso de esas tierras del IVC a la Corporaci\u00f3n Buenos Aires Sur se hizo incumpliendo con la Constituci\u00f3n de la Ciudad sin previo paso por la Legislatura porte\u00f1a.<\/div>\n<div style=\"text-align: justify\">&#8211; Usted dice que podemos discutir sobre el uso de la tierra. Con un cuchillo amenazante es imposible hacerlo. Nosotros lo \u00fanico que quer\u00edamos era que en cumplimiento de la Ley de Comunas esa discusi\u00f3n se diera en el marco del Consejo Consultivo de la Comuna 4. Por tal motivo llevamos la propuesta de convocar a una audiencia p\u00fablica pero no pudimos hacerlo debido a las agresiones de la patota.<\/div>\n<div style=\"text-align: justify\">&#8211; Cuando usted expresa que los vecinos podemos opinar pero el Gobierno decide, le recordamos que usted es nuestro representante en el Ejecutivo de la Ciudad y que las herramientas democr\u00e1ticas de participaci\u00f3n son las \u00fanicas v\u00edas para hacerle llegar nuestras opiniones.<\/div>\n<div style=\"text-align: justify\">&#8211; Tal como usted dijo, \u201clo bueno es que las im\u00e1genes est\u00e1n\u201d, ya que ser\u00e1n esas im\u00e1genes las que dejar\u00e1n en evidencia que se trat\u00f3 de un doble intento de homicidio provocado por empleados de la comuna que preside Jorge Apreda.<\/div>\n<div style=\"text-align: justify\">&#8211; Usted acusa irresponsablemente a integrantes de la organizaci\u00f3n Boca es Pueblo de iniciar las agresiones, sin haber estado presente y, evidentemente, sin haber visto los videos, culpabilizando as\u00ed a las v\u00edctimas. Esto nos remite a la triste y c\u00e9lebre frase \u201cAlgo habr\u00e1n hecho\u201d.<\/div>\n<div style=\"text-align: justify\">&#8211; Nos resistimos a la simplificaci\u00f3n de este hecho y a la naturalizaci\u00f3n de la violencia.<\/div>\n<div style=\"text-align: justify\">&#8211; Nos resistimos a la interrupci\u00f3n de nuestra participaci\u00f3n como ciudadanos de derechos en cada uno de los espacios ciudadanos.<\/div>\n<div style=\"text-align: justify\">&#8211; Nos resistimos a ser amedrentados por patotas llamando a toda la ciudadan\u00eda a hacer uso y ejercicio de sus herramientas de participaci\u00f3n.<\/div>\n<div style=\"text-align: justify\">&#8211; Proponemos una gran marcha de repudio a la Violencia Institucional el mi\u00e9rcoles 18 de mayo a las 17 hs en la subsede Comunal 4, en Su\u00e1rez 2032, Barracas.<\/div>\n<div style=\"text-align: justify\">&#8211; Lo instamos a un ejercicio responsable de sus obligaciones como funcionario p\u00fablico garantizando el derecho a la vida y hacemos responsable de la seguridad e integridad f\u00edsica de cada uno de los participantes de la reuni\u00f3n del Consejo Consultivo de la Comuna 4 al Jefe Comunal Jorge Apreda y a Usted como m\u00e1ximo responsable del Gobierno de la Ciudad Aut\u00f3noma de Buenos Aires.<\/div>\n<div style=\"text-align: justify\">La Boca Resiste y Propone<\/div>\n","protected":false},"excerpt":{"rendered":"<p>CARTA ABIERTA \u00a0 La Boca Resiste y Propone, mesa barrial en donde confluyen una gran cantidad de organizaciones y vecinos del barrio de La Boca, se expres\u00f3 frente a los dichos del jefe de gobierno que intenta esconder su responsabilidad con acusaciones falsas. Los vecinos que fuimos v\u00edctimas de la patota que no permiti\u00f3 la [&hellip;]<\/p>\n","protected":false},"author":4,"featured_media":0,"comment_status":"open","ping_status":"open","sticky":false,"template":"","format":"standard","meta":{"_monsterinsights_skip_tracking":false,"_monsterinsights_sitenote_active":false,"_monsterinsights_sitenote_note":"","_monsterinsights_sitenote_category":0,"jnews-multi-image_gallery":[],"jnews_single_post":[],"jnews_primary_category":[],"_joinchat":[],"footnotes":""},"categories":[1],"tags":[],"class_list":["post-1399","post","type-post","status-publish","format-standard","hentry","category-habitat"],"_links":{"self":[{"href":"http:\/\/fmriachuelo.it10.com.ar\/index.php\/wp-json\/wp\/v2\/posts\/1399","targetHints":{"allow":["GET"]}}],"collection":[{"href":"http:\/\/fmriachuelo.it10.com.ar\/index.php\/wp-json\/wp\/v2\/posts"}],"about":[{"href":"http:\/\/fmriachuelo.it10.com.ar\/index.php\/wp-json\/wp\/v2\/types\/post"}],"author":[{"embeddable":true,"href":"http:\/\/fmriachuelo.it10.com.ar\/index.php\/wp-json\/wp\/v2\/users\/4"}],"replies":[{"embeddable":true,"href":"http:\/\/fmriachuelo.it10.com.ar\/index.php\/wp-json\/wp\/v2\/comments?post=1399"}],"version-history":[{"count":0,"href":"http:\/\/fmriachuelo.it10.com.ar\/index.php\/wp-json\/wp\/v2\/posts\/1399\/revisions"}],"wp:attachment":[{"href":"http:\/\/fmriachuelo.it10.com.ar\/index.php\/wp-json\/wp\/v2\/media?parent=1399"}],"wp:term":[{"taxonomy":"category","embeddable":true,"href":"http:\/\/fmriachuelo.it10.com.ar\/index.php\/wp-json\/wp\/v2\/categories?post=1399"},{"taxonomy":"post_tag","embeddable":true,"href":"http:\/\/fmriachuelo.it10.com.ar\/index.php\/wp-json\/wp\/v2\/tags?post=1399"}],"curies":[{"name":"wp","href":"https:\/\/api.w.org\/{rel}","templated":true}]}}