{"id":13986,"date":"2021-08-20T22:36:47","date_gmt":"2021-08-20T22:36:47","guid":{"rendered":"http:\/\/fmriachuelo.com.ar\/?p=13986"},"modified":"2025-02-12T11:49:32","modified_gmt":"2025-02-12T14:49:32","slug":"un-acto-de-unidad-para-reivindicar-a-los-martires-de-trelew-y-el-renunciamiento-de-evita","status":"publish","type":"post","link":"http:\/\/fmriachuelo.it10.com.ar\/index.php\/2021\/08\/20\/un-acto-de-unidad-para-reivindicar-a-los-martires-de-trelew-y-el-renunciamiento-de-evita\/","title":{"rendered":"UN ACTO DE UNIDAD PARA REIVINDICAR A LOS M\u00c1RTIRES DE TRELEW Y EL RENUNCIAMIENTO DE EVITA"},"content":{"rendered":"<div class=\"\">\n<div class=\"_1mf _1mj\"><strong>[FM Riachuelo 20\/8\/2021] A dos d\u00edas del 22 de agosto, un conjunto de organizaciones populares realiz\u00f3 frente al Cabildo de la Ciudad de Buenos Aires un acto reivindicando el hero\u00edsmo de los m\u00e1rtires de Trelew y el renunciamiento de Evita ante su Pueblo. Bajo la consigna \u201cDE LA RESISTENCIA A LA VICTORIA: UNIDOS VAMOS A VENCER\u201d el Movimiento Evita, el Frente 22 de Agosto, la Organizaci\u00f3n 25 de Mayo, el Movimiento Popular Los Pibes, el MP La Resistencia, la CTD An\u00edbal Ver\u00f3n, la Corriente Pueblo Unido y el Movimiento Argentina Federal retomaron el legado de estas fechas hist\u00f3ricas de la lucha del Pueblo para plantear la necesidad de profundizar los caminos de unidad y la importancia de recobrar el protagonismo de los movimientos populares para producir transformaciones de fondo.<\/strong><\/div>\n<div><\/div>\n<\/div>\n<div><img loading=\"lazy\" decoding=\"async\" class=\"wp-image-13989 alignright\" src=\"http:\/\/fmriachuelo.com.ar\/wp-content\/uploads\/2021\/08\/WhatsApp-Image-2021-08-20-at-19.22.07-300x200.jpeg\" alt=\"\" width=\"591\" height=\"394\" \/>Entre el color y la m\u00edstica que ocup\u00f3 la calle frente al Cabildo, y las intervenciones de las compa\u00f1eras y compa\u00f1eros que tomaron la palabra en el escenario, tom\u00f3 forma un hecho que mostr\u00f3 miradas, propuestas e incluso algunas preocupaciones que se vienen cocinando desde los movimientos populares.<\/div>\n<div class=\"\"><\/div>\n<div class=\"\">\n<div class=\"_1mf _1mj\">Desde el acto de San Mart\u00edn a la jornada de hoy (d\u00edas entre los cuales se sumaron adem\u00e1s m\u00e1s organizaciones a esta propuesta de unidad) resulta valiosa la referencia a una historia de lucha com\u00fan que une a Los Chisperos y la resistencia a las invasiones inglesas, con la lucha de los movimientos piqueteros del Argentinazo que hoy construyen la Econom\u00eda Popular, pasando por la figura de Evita la reivindicaci\u00f3n del esp\u00edritu y la \u00e9tica revolucionaria de los movimientos de los setentas.<\/div>\n<\/div>\n<div class=\"\"><\/div>\n<div class=\"\">\n<div class=\"_1mf _1mj\">Es desde esta perspectiva hist\u00f3rica que el acto expres\u00f3 tambi\u00e9n algunas preocupaciones por el rumbo de un gobierno, que supo ser parido por la resistencia en la calle al macrismo, y que hoy parece retacear el compromiso con las agendas y urgencias que ocupan a los movimientos populares. El planteo ante esto es recuperar y poner en el centro de procesos de transformaci\u00f3n profundos el protagonismo que los movimientos populares demostraron en los \u00faltimos 25 a\u00f1os y tambi\u00e9n en la crisis de la pandemia.<\/div>\n<\/div>\n<div class=\"\"><\/div>\n<div class=\"\">\n<div class=\"_1mf _1mj\">Vale la pena prestar atenci\u00f3n. Es que se trata de un conjunto de organizaciones que hace mucho tiempo luchan y que en el \u00faltimo tiempo conviven en la UTEP, un sindicato de nuevo tipo que agrupa de la mejor manera a los movimientos populares que hace 25 a\u00f1os vienen siendo un actor protag\u00f3nico en las luchas populares en la Argentina.<\/div>\n<\/div>\n<div class=\"\"><\/div>\n<div class=\"\">\n<div class=\"_1mf _1mj\">Hacia adelante, las organizaciones convocantes plantearon unirse, no tan s\u00f3lo para pelear por reivindaciones gremiales, sino tambi\u00e9n para entender que hay una unidad pol\u00edtica y organizativa que es necesaria para construir otra sociedad m\u00e1s justa y fraternal, que viva en armon\u00eda con la naturaleza. Que ante el proyecto del capitalismo que hambrea y que mata, generando guerras y miserabilizando a los Pueblos, es necesario construir otro mundo posible.<\/div>\n<\/div>\n<div class=\"\"><\/div>\n<div class=\"\">\n<div class=\"_1mf _1mj\">Si los valores que animan esta propuesta son la de los abrazos fraternos que se compartieron al final del acto entre compa\u00f1eros y compa\u00f1eras que se conocen desde hace 25 a\u00f1os de lucha en las calles, entonces la propuesta es alentadora. Y esperan, como se dijo en el escenario, que se sumen m\u00e1s organizaciones a profundizar esta unidad.<\/div>\n<\/div>\n<div><\/div>\n<div><img loading=\"lazy\" decoding=\"async\" class=\"aligncenter wp-image-13988 size-large\" src=\"http:\/\/fmriachuelo.com.ar\/wp-content\/uploads\/2021\/08\/WhatsApp-Image-2021-08-20-at-19.22.07-1-1025x683.jpeg\" alt=\"\" width=\"640\" height=\"426\" \/><\/div>\n","protected":false},"excerpt":{"rendered":"<p>[FM Riachuelo 20\/8\/2021] A dos d\u00edas del 22 de agosto, un conjunto de organizaciones populares realiz\u00f3 frente al Cabildo de la Ciudad de Buenos Aires un acto reivindicando el hero\u00edsmo de los m\u00e1rtires de Trelew y el renunciamiento de Evita ante su Pueblo. Bajo la consigna \u201cDE LA RESISTENCIA A LA VICTORIA: UNIDOS VAMOS A [&hellip;]<\/p>\n","protected":false},"author":5,"featured_media":13987,"comment_status":"closed","ping_status":"closed","sticky":false,"template":"","format":"standard","meta":{"_monsterinsights_skip_tracking":false,"_monsterinsights_sitenote_active":false,"_monsterinsights_sitenote_note":"","_monsterinsights_sitenote_category":0,"jnews-multi-image_gallery":[],"jnews_single_post":{"format":"standard"},"jnews_primary_category":[],"_joinchat":[],"footnotes":""},"categories":[82,78,79,58],"tags":[],"class_list":["post-13986","post","type-post","status-publish","format-standard","has-post-thumbnail","hentry","category-derechos-humanos","category-economia-popular","category-nadie-se-salva-solo","category-noticiariachuelo"],"_links":{"self":[{"href":"http:\/\/fmriachuelo.it10.com.ar\/index.php\/wp-json\/wp\/v2\/posts\/13986","targetHints":{"allow":["GET"]}}],"collection":[{"href":"http:\/\/fmriachuelo.it10.com.ar\/index.php\/wp-json\/wp\/v2\/posts"}],"about":[{"href":"http:\/\/fmriachuelo.it10.com.ar\/index.php\/wp-json\/wp\/v2\/types\/post"}],"author":[{"embeddable":true,"href":"http:\/\/fmriachuelo.it10.com.ar\/index.php\/wp-json\/wp\/v2\/users\/5"}],"replies":[{"embeddable":true,"href":"http:\/\/fmriachuelo.it10.com.ar\/index.php\/wp-json\/wp\/v2\/comments?post=13986"}],"version-history":[{"count":1,"href":"http:\/\/fmriachuelo.it10.com.ar\/index.php\/wp-json\/wp\/v2\/posts\/13986\/revisions"}],"predecessor-version":[{"id":22625,"href":"http:\/\/fmriachuelo.it10.com.ar\/index.php\/wp-json\/wp\/v2\/posts\/13986\/revisions\/22625"}],"wp:featuredmedia":[{"embeddable":true,"href":"http:\/\/fmriachuelo.it10.com.ar\/index.php\/wp-json\/"}],"wp:attachment":[{"href":"http:\/\/fmriachuelo.it10.com.ar\/index.php\/wp-json\/wp\/v2\/media?parent=13986"}],"wp:term":[{"taxonomy":"category","embeddable":true,"href":"http:\/\/fmriachuelo.it10.com.ar\/index.php\/wp-json\/wp\/v2\/categories?post=13986"},{"taxonomy":"post_tag","embeddable":true,"href":"http:\/\/fmriachuelo.it10.com.ar\/index.php\/wp-json\/wp\/v2\/tags?post=13986"}],"curies":[{"name":"wp","href":"https:\/\/api.w.org\/{rel}","templated":true}]}}