{"id":13981,"date":"2021-08-19T22:19:01","date_gmt":"2021-08-19T22:19:01","guid":{"rendered":"http:\/\/fmriachuelo.com.ar\/?p=13981"},"modified":"2021-08-19T22:19:01","modified_gmt":"2021-08-19T22:19:01","slug":"libertad-a-delia-la-politica-no-hizo-lo-necesario-para-liberar-a-los-presos-por-luchar","status":"publish","type":"post","link":"http:\/\/fmriachuelo.it10.com.ar\/index.php\/2021\/08\/19\/libertad-a-delia-la-politica-no-hizo-lo-necesario-para-liberar-a-los-presos-por-luchar\/","title":{"rendered":"LIBERTAD A D\u00b4EL\u00cdA: \u201cLA POL\u00cdTICA NO HIZO LO NECESARIO PARA LIBERAR A LOS PRESOS POR LUCHAR\u201d"},"content":{"rendered":"<div class=\"o9v6fnle cxmmr5t8 oygrvhab hcukyx3x c1et5uql ii04i59q\">\n<div dir=\"auto\"><strong>Esta ma\u00f1ana en sus redes sociales Luis D\u00b4El\u00eda dio a conocer que la Jueza de Ejecuci\u00f3n Sabrina Namer le concedi\u00f3 la libertad a partir del martes 24 de agosto por cumplimiento de los dos tercios de la condena. La noticia tuvo gran repercusi\u00f3n por tratarse, junto con Milagro Sala, de importantes referencias de la lucha social que est\u00e1n presas desde la \u00e9poca del macrismo que descoll\u00f3 por sus formas de represi\u00f3n y criminalizaci\u00f3n de la organizaci\u00f3n popular.<\/strong><\/div>\n<\/div>\n<div class=\"o9v6fnle cxmmr5t8 oygrvhab hcukyx3x c1et5uql ii04i59q\">\n<div dir=\"auto\"><\/div>\n<div dir=\"auto\">Para conocer algunas de las repercusiones desde el movimiento popular, FM Riachuelo convers\u00f3 con Lito Borello, Secretario de Derechos Humanos de la Uni\u00f3n de Trabajadores de la Econom\u00eda Popular (UTEP) y Coordinador Nacional del Movimiento Popular Los Pibes: \u201ces una gran alegr\u00eda saber que Luis va a poder estar en libertad. Se van a cumplir 1000 d\u00edas de detenci\u00f3n, aquello a lo que nos tiene acostumbrados una Justicia adicta al poder que lo que encarcela es un \u00edcono de la lucha. Una alegr\u00eda muy grande que Luis vuelva a las calles, a estar en medio de sus compa\u00f1eras y compa\u00f1eros y que desde esa lugar pueda seguir construyendo lo que los movimientos populares queremos: otro mundo posible, una patria libre, justa y soberana\u201d.<\/div>\n<div dir=\"auto\"><\/div>\n<\/div>\n<div class=\"o9v6fnle cxmmr5t8 oygrvhab hcukyx3x c1et5uql ii04i59q\">\n<div dir=\"auto\">M\u00e1s adelante en la entrevista, Borello se explay\u00f3 sobre el rol de la Justicia en el momento hist\u00f3rico actual: \u201cen los \u00faltimos tiempos hemos tenido que entender que la Justicia es un instrumento de los poderosos bajo una l\u00f3gica de las guerras de nuevo tipo que se libran y donde se termina judicializando, criminalizando y estigmatizando la protesta social. En Argentina, esa Justicia hizo todo lo necesario para que Luis y Milagro no estuvieran en libertad\u201d.<\/div>\n<div dir=\"auto\"><\/div>\n<\/div>\n<div class=\"o9v6fnle cxmmr5t8 oygrvhab hcukyx3x c1et5uql ii04i59q\">\n<div dir=\"auto\">El Secretario de DDHH de la UTEP tambi\u00e9n expres\u00f3 una cr\u00edtica al abordaje que se viene haciendo desde el gobierno nacional de la cuesti\u00f3n de los presos por luchar: \u201cLamentablemente, a casi dos a\u00f1os de un gobierno de signo contrario al gobierno de ricos para ricos de Macri, nos queda el sabor de que la pol\u00edtica no hizo lo necesario para ponerlos en libertad. Hubiera sido un buen ejemplo, ante una Justicia adicta al poder, que la pol\u00edtica hubiera resuelto eso\u201d.<\/div>\n<div dir=\"auto\"><\/div>\n<\/div>\n<div class=\"o9v6fnle cxmmr5t8 oygrvhab hcukyx3x c1et5uql ii04i59q\">\n<div dir=\"auto\">D\u00b4El\u00eda est\u00e1 privado de su libertad desde el 25 de febrero del 2019 cuando se ratific\u00f3 la condena de tres a\u00f1os y 9 meses por la toma de la Comisar\u00eda de La Boca ocurrida en el 2004 en el contexto de una protesta por el asesinato del militante popular Mart\u00edn Oso Cisneros. El juicio oral, en el que D\u00b4El\u00eda comparti\u00f3 el banquillo de los acusados justamente con Lito Borello, compa\u00f1ero del Oso en el Comedor Los Pibes, y con Luis Bord\u00f3n, se impuls\u00f3 en el a\u00f1o 2017 en pleno contexto de persecuci\u00f3n a la organizaciones sociales por parte del gobierno de Macri.<\/div>\n<\/div>\n<div dir=\"auto\"><\/div>\n<div dir=\"auto\"><a href=\"http:\/\/https:\/\/ar.radiocut.fm\/audiocut\/politica-no-hizo-lo-necesario-para-liberar-a-presos-por-luchar\/?fbclid=IwAR3wnvgfXVt7pm00NqtpUaVsbqUy-DW6mF-u83Ul5oa3_2cEr7SJmFN4U2k\">ESCUCHA LA ENTREVISTA COMPLETA<\/a><\/div>\n","protected":false},"excerpt":{"rendered":"<p>Esta ma\u00f1ana en sus redes sociales Luis D\u00b4El\u00eda dio a conocer que la Jueza de Ejecuci\u00f3n Sabrina Namer le concedi\u00f3 la libertad a partir del martes 24 de agosto por cumplimiento de los dos tercios de la condena. La noticia tuvo gran repercusi\u00f3n por tratarse, junto con Milagro Sala, de importantes referencias de la lucha [&hellip;]<\/p>\n","protected":false},"author":5,"featured_media":13984,"comment_status":"closed","ping_status":"closed","sticky":false,"template":"","format":"standard","meta":{"_monsterinsights_skip_tracking":false,"_monsterinsights_sitenote_active":false,"_monsterinsights_sitenote_note":"","_monsterinsights_sitenote_category":0,"jnews-multi-image_gallery":[],"jnews_single_post":[],"jnews_primary_category":[],"_joinchat":[],"footnotes":""},"categories":[82,78,76],"tags":[],"class_list":["post-13981","post","type-post","status-publish","format-standard","has-post-thumbnail","hentry","category-derechos-humanos","category-economia-popular","category-salud-comunitaria"],"_links":{"self":[{"href":"http:\/\/fmriachuelo.it10.com.ar\/index.php\/wp-json\/wp\/v2\/posts\/13981","targetHints":{"allow":["GET"]}}],"collection":[{"href":"http:\/\/fmriachuelo.it10.com.ar\/index.php\/wp-json\/wp\/v2\/posts"}],"about":[{"href":"http:\/\/fmriachuelo.it10.com.ar\/index.php\/wp-json\/wp\/v2\/types\/post"}],"author":[{"embeddable":true,"href":"http:\/\/fmriachuelo.it10.com.ar\/index.php\/wp-json\/wp\/v2\/users\/5"}],"replies":[{"embeddable":true,"href":"http:\/\/fmriachuelo.it10.com.ar\/index.php\/wp-json\/wp\/v2\/comments?post=13981"}],"version-history":[{"count":0,"href":"http:\/\/fmriachuelo.it10.com.ar\/index.php\/wp-json\/wp\/v2\/posts\/13981\/revisions"}],"wp:featuredmedia":[{"embeddable":true,"href":"http:\/\/fmriachuelo.it10.com.ar\/index.php\/wp-json\/"}],"wp:attachment":[{"href":"http:\/\/fmriachuelo.it10.com.ar\/index.php\/wp-json\/wp\/v2\/media?parent=13981"}],"wp:term":[{"taxonomy":"category","embeddable":true,"href":"http:\/\/fmriachuelo.it10.com.ar\/index.php\/wp-json\/wp\/v2\/categories?post=13981"},{"taxonomy":"post_tag","embeddable":true,"href":"http:\/\/fmriachuelo.it10.com.ar\/index.php\/wp-json\/wp\/v2\/tags?post=13981"}],"curies":[{"name":"wp","href":"https:\/\/api.w.org\/{rel}","templated":true}]}}