{"id":13978,"date":"2021-08-18T22:59:35","date_gmt":"2021-08-18T22:59:35","guid":{"rendered":"http:\/\/fmriachuelo.com.ar\/?p=13978"},"modified":"2025-02-12T11:50:05","modified_gmt":"2025-02-12T14:50:05","slug":"homenaje-a-san-martin-nuestro-pueblo-mas-postergado-tiene-en-su-seno-una-potencialidad-de-cambio-extraordinaria","status":"publish","type":"post","link":"http:\/\/fmriachuelo.it10.com.ar\/index.php\/2021\/08\/18\/homenaje-a-san-martin-nuestro-pueblo-mas-postergado-tiene-en-su-seno-una-potencialidad-de-cambio-extraordinaria\/","title":{"rendered":"HOMENAJE A SAN MART\u00cdN: \u00abNUESTRO PUEBLO M\u00c1S POSTERGADO TIENE EN SU SENO UNA POTENCIALIDAD DE CAMBIO EXTRAORDINARIA\u00bb"},"content":{"rendered":"<p><b>[FM Riachuelo 18\/08\/202] Con motivo de celebrarse el 171\u00b0 aniversario del paso a la inmortalidad del General Jos\u00e9 de San Mart\u00edn un conjunto de organizaciones que integran la Uni\u00f3n de Trabajadores y Trabajadoras de la Econom\u00eda Popular (UTEP), realizaron un homenaje en la Catedral de Buenos Aires donde reposan los restos del padre de la Patria. Continuamos compartiendo las miradas de distintos referentes de las organizaciones que participaron de la jornada entre las que se cuentan el Frente 22 de Agosto, el Movimiento Evita, la Coordinadora 25 de Mayo, el Movimiento Popular Los Pibes, el Movimiento La Resistencia, y la CTD An\u00edbal Ver\u00f3n. Esta vez conversamos con Carlos \u00abCascote\u00bb B\u00e9rtola, integrante de la CTD An\u00edbal Ver\u00f3n, y con Ivana Rezano, de la 25 de Mayo.<\/b><\/p>\n<p><span style=\"font-weight: 400\">Ivana Rezano comenz\u00f3 realizando un balance del significado de la actividad y expres\u00f3: <\/span><i><span style=\"font-weight: 400\">\u201cesta jornada sirve para visibilizar el ejemplo de lo que fueron las acciones de San Mart\u00edn, especialmente su lucha por la independencia de nuestros pueblos\u201d<\/span><\/i><span style=\"font-weight: 400\">, Carlos B\u00e9rtola, por otro lado, dej\u00f3 claro el significado de la unidad que se viene construyendo en estos momentos donde se lucha contra una nueva embestida imperial: <\/span><i><span style=\"font-weight: 400\">\u201cen este tiempo Nuestroamericano si no construimos una Patria Grande realmente estamos liquidados, la actividad sirvi\u00f3 para eso, para acercar a todas las organizaciones que la construimos\u201d.<\/span><\/i><\/p>\n<p><span style=\"font-weight: 400\">Ayer no solo se expres\u00f3 la unidad sino tambi\u00e9n la necesidad de gobernar con nuestro pueblo, al respecto Ivana dijo: <\/span><i><span style=\"font-weight: 400\">\u201ctodos y todas tenemos un recorrido de siempre mirar de frente a nuestro pueblo e hicimos pol\u00edtica mirando a nuestro pueblo, y creo que los gobiernos populares tienen que asumir ese desaf\u00edo, poder gestionar y transformar la realidad de cara al pueblo, hay que dar respuesta a las necesidades de nuestro pueblo\u201d. \u201cEl desaf\u00edo pol\u00edtico que tenemos es ir juntando cada vez m\u00e1s fuerza para construir una opci\u00f3n pol\u00edtica que tenga que ver con nuestro pueblo m\u00e1s pobre, m\u00e1s postergado, que tiene en su seno una potencialidad de cambio extraordinaria\u201d<\/span><\/i><span style=\"font-weight: 400\"> agreg\u00f3 Carlos.<\/span><\/p>\n<p><span style=\"font-weight: 400\">Ambos entrevistados dejaron claro que nuestro pa\u00eds a\u00fan hoy tiene que luchar para conquistar mejores niveles de vida para nuestro pueblo, Carlos remarc\u00f3<\/span><i><span style=\"font-weight: 400\">: \u201ctenemos que liberarnos del imperialismo, somos un pa\u00eds dependiente. El imperio hoy tiene nombre y apellido, la pelea est\u00e1 ah\u00ed,\u00a0 en poder construir y generar mayores cantidades de poder para que todo el pueblo organizado m\u00e1s el poder del Estado podamos sacarnos de encima ese poder real que hoy nos mete en una dependencia hist\u00f3rica. En ese proceso estamos, en ese proceso andamos <\/span><\/i><span style=\"font-weight: 400\">construyendo<\/span><i><span style=\"font-weight: 400\">, por eso es tan vigente la gesta Sanmartiniana\u201d.<\/span><\/i><\/p>\n<p><span style=\"font-weight: 400\">Para finalizar y destacando la necesidad de esta unidad, Ivana explic\u00f3 por qu\u00e9 se eligi\u00f3 la fecha del 17 de agosto para dar cuenta del proceso de unidad que viene caminando el conjunto de las organizaciones convocantes: <\/span><i><span style=\"font-weight: 400\">\u201cesto es parte de un proceso que se ven\u00eda dando, de poner en com\u00fan las visiones de las organizaciones, hay un atravesamiento generacional, venimos de la militancia del 90, del 2001, estamos buscando el camino para que esa unidad suceda\u201d.<\/span><\/i><span style=\"font-weight: 400\"> Con respecto a la fecha agreg\u00f3: <\/span><i><span style=\"font-weight: 400\">\u201cvenimos buscando hitos hist\u00f3ricos de cada mes y en Agosto est\u00e1 el 17 de agosto donde visibilizamos y recordamos la figura de San Mart\u00edn, y este viernes\u00a0 conmemoramos una fecha como el 22\u00a0 que recoge y sintetiza una serie de hechos hist\u00f3ricos que nos involucran, nos interpelan y que tambi\u00e9n nos han hecho movilizar y estar juntos en la calle, como La Masacre de Trelew, el renunciamiento de Evita y tambi\u00e9n la desaparici\u00f3n de Felipe Vallese\u201d<\/span><\/i><\/p>\n<p><span style=\"font-weight: 400\">Carlos cerr\u00f3 la entrevista remarcando:<\/span><i><span style=\"font-weight: 400\"> \u201cson fechas que simbolizan el punto m\u00e1ximo de la unidad de los revolucionarios, este espacio tiene esa caracter\u00edstica, no nos resignamos a dejar de so\u00f1ar con la revoluci\u00f3n\u201d<\/span><\/i><\/p>\n<p><span style=\"font-weight: 400\">\u00a0<\/span><\/p>\n<p><a href=\"http:\/\/https:\/\/ar.radiocut.fm\/audiocut\/nuestro-pueblo-mas-postergado-tiene-en-su-seno-una-potencialidad-cambio-extraordinaria\/#\">Escucha la entrevista completa<\/a><\/p>\n<p>&nbsp;<\/p>\n","protected":false},"excerpt":{"rendered":"<p>[FM Riachuelo 18\/08\/202] Con motivo de celebrarse el 171\u00b0 aniversario del paso a la inmortalidad del General Jos\u00e9 de San Mart\u00edn un conjunto de organizaciones que integran la Uni\u00f3n de Trabajadores y Trabajadoras de la Econom\u00eda Popular (UTEP), realizaron un homenaje en la Catedral de Buenos Aires donde reposan los restos del padre de la [&hellip;]<\/p>\n","protected":false},"author":5,"featured_media":13956,"comment_status":"closed","ping_status":"closed","sticky":false,"template":"","format":"standard","meta":{"_monsterinsights_skip_tracking":false,"_monsterinsights_sitenote_active":false,"_monsterinsights_sitenote_note":"","_monsterinsights_sitenote_category":0,"jnews-multi-image_gallery":[],"jnews_single_post":{"format":"standard"},"jnews_primary_category":[],"_joinchat":[],"footnotes":""},"categories":[78,79,58],"tags":[],"class_list":["post-13978","post","type-post","status-publish","format-standard","has-post-thumbnail","hentry","category-economia-popular","category-nadie-se-salva-solo","category-noticiariachuelo"],"_links":{"self":[{"href":"http:\/\/fmriachuelo.it10.com.ar\/index.php\/wp-json\/wp\/v2\/posts\/13978","targetHints":{"allow":["GET"]}}],"collection":[{"href":"http:\/\/fmriachuelo.it10.com.ar\/index.php\/wp-json\/wp\/v2\/posts"}],"about":[{"href":"http:\/\/fmriachuelo.it10.com.ar\/index.php\/wp-json\/wp\/v2\/types\/post"}],"author":[{"embeddable":true,"href":"http:\/\/fmriachuelo.it10.com.ar\/index.php\/wp-json\/wp\/v2\/users\/5"}],"replies":[{"embeddable":true,"href":"http:\/\/fmriachuelo.it10.com.ar\/index.php\/wp-json\/wp\/v2\/comments?post=13978"}],"version-history":[{"count":1,"href":"http:\/\/fmriachuelo.it10.com.ar\/index.php\/wp-json\/wp\/v2\/posts\/13978\/revisions"}],"predecessor-version":[{"id":22626,"href":"http:\/\/fmriachuelo.it10.com.ar\/index.php\/wp-json\/wp\/v2\/posts\/13978\/revisions\/22626"}],"wp:featuredmedia":[{"embeddable":true,"href":"http:\/\/fmriachuelo.it10.com.ar\/index.php\/wp-json\/"}],"wp:attachment":[{"href":"http:\/\/fmriachuelo.it10.com.ar\/index.php\/wp-json\/wp\/v2\/media?parent=13978"}],"wp:term":[{"taxonomy":"category","embeddable":true,"href":"http:\/\/fmriachuelo.it10.com.ar\/index.php\/wp-json\/wp\/v2\/categories?post=13978"},{"taxonomy":"post_tag","embeddable":true,"href":"http:\/\/fmriachuelo.it10.com.ar\/index.php\/wp-json\/wp\/v2\/tags?post=13978"}],"curies":[{"name":"wp","href":"https:\/\/api.w.org\/{rel}","templated":true}]}}