{"id":13971,"date":"2021-08-18T20:54:49","date_gmt":"2021-08-18T20:54:49","guid":{"rendered":"http:\/\/fmriachuelo.com.ar\/?p=13971"},"modified":"2021-08-18T20:54:49","modified_gmt":"2021-08-18T20:54:49","slug":"el-policia-condenado-por-intento-de-homicidio-contra-lucas-cabello-violo-la-perimetral","status":"publish","type":"post","link":"http:\/\/fmriachuelo.it10.com.ar\/index.php\/2021\/08\/18\/el-policia-condenado-por-intento-de-homicidio-contra-lucas-cabello-violo-la-perimetral\/","title":{"rendered":"EL POLIC\u00cdA CONDENADO POR INTENTO DE HOMICIDIO CONTRA LUCAS CABELLO VIOL\u00d3 LA PERIMETRAL"},"content":{"rendered":"<div class=\"kvgmc6g5 cxmmr5t8 oygrvhab hcukyx3x c1et5uql ii04i59q\">\n<div dir=\"auto\">[Colectivo de Medios Populares*, 18\/8\/2021] Ricardo Ayala, el efectivo de la ex Polic\u00eda Metropolitana condenado a 16 a\u00f1os de prisi\u00f3n por el intento de homicidio agravado de Lucas Cabello, viol\u00f3 la restricci\u00f3n de acercamiento. El joven se lo cruz\u00f3 y lo film\u00f3.<\/div>\n<\/div>\n<div class=\"o9v6fnle cxmmr5t8 oygrvhab hcukyx3x c1et5uql ii04i59q\"><\/div>\n<div class=\"o9v6fnle cxmmr5t8 oygrvhab hcukyx3x c1et5uql ii04i59q\">\n<div dir=\"auto\">Durante la tarde del martes 17 de agosto, se acerc\u00f3 ilegalmente a unas cuadras del domicilio de Lucas y su familia.<\/div>\n<div dir=\"auto\"><\/div>\n<\/div>\n<div class=\"o9v6fnle cxmmr5t8 oygrvhab hcukyx3x c1et5uql ii04i59q\">\n<div dir=\"auto\">El 9 de noviembre del 2015, Lucas Cabello fue atacado por Ayala en la puerta de su casa frente a su hija de 2 a\u00f1os y su compa\u00f1era. El brutal accionar del efectivo, que dispar\u00f3 tres veces a quemarropa, le dej\u00f3 heridas grav\u00edsimas a Lucas, quien se recupera en silla de ruedas. Durante 2019 se desarroll\u00f3 el juicio que le impuso a Ayala una condena de 16 a\u00f1os de prisi\u00f3n por el intento de homicidio agravado contra el joven vecino de La Boca.<\/div>\n<div dir=\"auto\"><\/div>\n<\/div>\n<div class=\"o9v6fnle cxmmr5t8 oygrvhab hcukyx3x c1et5uql ii04i59q\">\n<div dir=\"auto\">A casi dos a\u00f1os del fallo judicial, Ricardo Ayala est\u00e1 libre porque la C\u00e1mara de Casaci\u00f3n a\u00fan no se expidi\u00f3 sobre el fallo del Tribunal Oral en lo Criminal N\u00b01 de la Ciudad de Buenos Aires, por lo que la condena no est\u00e1 firme. Y no s\u00f3lo est\u00e1 libre, sino que en las \u00faltimas horas viol\u00f3 la restricci\u00f3n que le impide acercarse a Lucas o a su familia, tal como lo relat\u00f3 Cabello en sus redes sociales: \u201cEn el d\u00eda de ayer fui a comprar zapatillas a mi hija Milena, con mi mam\u00e1. \u00cdbamos por Av. Patricios, cuando volv\u00edamos de la zapater\u00eda y casi llegando a la calle Tomas Liberti, cerca de mi casa, \u00bfadivinen a qui\u00e9n me encontr\u00e9?: a Ricardo Ayala, el polic\u00eda que intent\u00f3 matarme en 2015, que todav\u00eda sigue libre y anda caminando a tres o cuatro cuadras de mi casa. Lo grab\u00e9 con el tel\u00e9fono, estaba muy seguro de que era \u00e9l. Se qued\u00f3 en la verduler\u00eda haci\u00e9ndose el boludo como que compraba. Me tuve que ir del lugar asustado porque no quer\u00eda hacerle pasar un momento ingrato a mi hija que es chiquita. Y con mi mam\u00e1, que tampoco pod\u00edamos hacer mucho\u201d.<\/div>\n<div dir=\"auto\"><\/div>\n<\/div>\n<div class=\"o9v6fnle cxmmr5t8 oygrvhab hcukyx3x c1et5uql ii04i59q\">\n<div dir=\"auto\">Lo llamativo de todo es que Ayala no es vecino del barrio de La Boca, lo que podr\u00eda explicar eventualmente su tr\u00e1nsito por las calles de ese barrio. Vive en Florencio Varela, por lo que Lucas y su familia tienen miedo: \u201cdesde ayer no pego un ojo, no puedo dormir, hoy no la mand\u00e9 a mi hija al colegio porque tengo miedo\u201d.<\/div>\n<div dir=\"auto\"><\/div>\n<\/div>\n<div class=\"o9v6fnle cxmmr5t8 oygrvhab hcukyx3x c1et5uql ii04i59q\">\n<div dir=\"auto\">\u00bfQu\u00e9 hac\u00eda Ricardo Ayala a cuatro cuadras de la casa de Lucas Cabello? Es la pregunta que quiz\u00e1 debiera responder la justicia, quit\u00e1ndole el beneficio de la libertad al polic\u00eda.<\/div>\n<\/div>\n<div class=\"o9v6fnle cxmmr5t8 oygrvhab hcukyx3x c1et5uql ii04i59q\">\n<div dir=\"auto\">Cuando en 2019 Ayala fue condenado, Lucas y su familia sintieron un poco de alivio. Pero los tiempos de la justicia generan miedo, incertidumbre y desconcierto en las v\u00edctimas: \u201cno puedo creer c\u00f3mo una persona que le dieron 16 a\u00f1os de prisi\u00f3n est\u00e9 caminando lo m\u00e1s pancho por las calles de mi barrio y me lo tuve que cruzar. Estoy sin palabras. Tengo el alma paralizada. Ojal\u00e1 que no pase nada. Har\u00e9 todo lo posible legalmente para que esta persona vaya presa porque es una injusticia b\u00e1rbara\u2026 yo todav\u00eda me estoy recuperando del ataque, de las lesiones y de todo lo que tengo que \u00e9l me provoc\u00f3 y \u00e9l se pasea a tres cuadras de mi casa. Es una falta de respeto de todos, de la justicia que no existe y de \u00e9l rompiendo la perimetral que tiene\u201d, denunci\u00f3 Lucas en el video que subi\u00f3 a la red social.<\/div>\n<div dir=\"auto\"><\/div>\n<\/div>\n<div class=\"o9v6fnle cxmmr5t8 oygrvhab hcukyx3x c1et5uql ii04i59q\">\n<div dir=\"auto\">Es urgente que la condena sea ratificada por el tribunal de alzada y que el polic\u00eda Ricardo Ayala cumpla la condena en c\u00e1rcel com\u00fan. Este nuevo accionar delictivo del agente no da margen de duda: la vida de Lucas y su familia corren peligro con Ayala en la calle, sobre todo si nadie controla que cumpla con la ley.<\/div>\n<div dir=\"auto\"><\/div>\n<\/div>\n<div class=\"o9v6fnle cxmmr5t8 oygrvhab hcukyx3x c1et5uql ii04i59q\">\n<div dir=\"auto\">(*) FM Riachuelo \/ Revista Resistencias \/ La Retaguardia \/ Revoluciones \/ Sur Capitalino<\/div>\n<\/div>\n","protected":false},"excerpt":{"rendered":"<p>[Colectivo de Medios Populares*, 18\/8\/2021] Ricardo Ayala, el efectivo de la ex Polic\u00eda Metropolitana condenado a 16 a\u00f1os de prisi\u00f3n por el intento de homicidio agravado de Lucas Cabello, viol\u00f3 la restricci\u00f3n de acercamiento. El joven se lo cruz\u00f3 y lo film\u00f3. Durante la tarde del martes 17 de agosto, se acerc\u00f3 ilegalmente a unas [&hellip;]<\/p>\n","protected":false},"author":5,"featured_media":13972,"comment_status":"closed","ping_status":"closed","sticky":false,"template":"","format":"standard","meta":{"_monsterinsights_skip_tracking":false,"_monsterinsights_sitenote_active":false,"_monsterinsights_sitenote_note":"","_monsterinsights_sitenote_category":0,"jnews-multi-image_gallery":[],"jnews_single_post":[],"jnews_primary_category":[],"_joinchat":[],"footnotes":""},"categories":[82,78,76],"tags":[],"class_list":["post-13971","post","type-post","status-publish","format-standard","has-post-thumbnail","hentry","category-derechos-humanos","category-economia-popular","category-salud-comunitaria"],"_links":{"self":[{"href":"http:\/\/fmriachuelo.it10.com.ar\/index.php\/wp-json\/wp\/v2\/posts\/13971","targetHints":{"allow":["GET"]}}],"collection":[{"href":"http:\/\/fmriachuelo.it10.com.ar\/index.php\/wp-json\/wp\/v2\/posts"}],"about":[{"href":"http:\/\/fmriachuelo.it10.com.ar\/index.php\/wp-json\/wp\/v2\/types\/post"}],"author":[{"embeddable":true,"href":"http:\/\/fmriachuelo.it10.com.ar\/index.php\/wp-json\/wp\/v2\/users\/5"}],"replies":[{"embeddable":true,"href":"http:\/\/fmriachuelo.it10.com.ar\/index.php\/wp-json\/wp\/v2\/comments?post=13971"}],"version-history":[{"count":0,"href":"http:\/\/fmriachuelo.it10.com.ar\/index.php\/wp-json\/wp\/v2\/posts\/13971\/revisions"}],"wp:featuredmedia":[{"embeddable":true,"href":"http:\/\/fmriachuelo.it10.com.ar\/index.php\/wp-json\/"}],"wp:attachment":[{"href":"http:\/\/fmriachuelo.it10.com.ar\/index.php\/wp-json\/wp\/v2\/media?parent=13971"}],"wp:term":[{"taxonomy":"category","embeddable":true,"href":"http:\/\/fmriachuelo.it10.com.ar\/index.php\/wp-json\/wp\/v2\/categories?post=13971"},{"taxonomy":"post_tag","embeddable":true,"href":"http:\/\/fmriachuelo.it10.com.ar\/index.php\/wp-json\/wp\/v2\/tags?post=13971"}],"curies":[{"name":"wp","href":"https:\/\/api.w.org\/{rel}","templated":true}]}}