{"id":13934,"date":"2021-08-13T15:49:26","date_gmt":"2021-08-13T15:49:26","guid":{"rendered":"http:\/\/fmriachuelo.com.ar\/?p=13934"},"modified":"2025-02-12T12:23:06","modified_gmt":"2025-02-12T15:23:06","slug":"padre-pedro-se-predica-con-las-obras-con-las-manos-abiertas-2","status":"publish","type":"post","link":"http:\/\/fmriachuelo.it10.com.ar\/index.php\/2021\/08\/13\/padre-pedro-se-predica-con-las-obras-con-las-manos-abiertas-2\/","title":{"rendered":"PADRE PEDRO: \u00abSE PREDICA CON LAS OBRAS, CON LAS MANOS ABIERTAS\u00bb"},"content":{"rendered":"<p><strong>[FM Riachuelo, 13\/8\/2021] <\/strong><strong>En el programa Cazadoras de Zonceras (Jueves 19 hs) conversamos con el Padre Pedro Estupi\u00f1\u00e1n, hist\u00f3rico vecino del barrio de La Boca. P\u00e1rroco de la Casa San Pedro, de 88 a\u00f1os, quien trabaja todos los d\u00edas ayudando a lxs j\u00f3venes del barrio a encontrar un futuro digno. Recordamos c\u00f3mo nos acompa\u00f1\u00f3 bendiciendo la movilizaci\u00f3n popular por San Cayetano del pasado 7 de Agosto, su recorrido compartido con lxs m\u00e1s humildes y la importancia del mensaje del Papa Francisco.<\/strong><\/p>\n<p>El Padre Pedro record\u00f3 c\u00f3mo lo invitaron a participar de la jornada del Santo Patrono y destac\u00f3 \u201c<em>Yo encontr\u00e9 un esp\u00edritu de familia en el Movimiento de ustedes y de la gente que estuvo all\u00ed\u201d.<\/em> Luego cont\u00f3 c\u00f3mo fue la bendici\u00f3n y el sentimiento que le despert\u00f3 el ambiente de reclamo festivo y en paz, un reclamo de dignidad para todo el pueblo trabajador en una fecha tan especial com<\/p>\n<p>o lo es la de San Cayetano: <em>\u201cvamos a hacer este acto de ir, pero con una protesta digna, es lindo que San Cayetano y ustedes vayan con el deseo de pedir esto que hace dignas a las personas humanas, que todos los Argentinos seamos dignos, y llevemos el pedido de pan y trabajo y tambi\u00e9n techo y terreno\u201d<\/em> y agreg\u00f3 <em>\u201cno puede ser que haya personas que vivan en situaciones indignas, que no tengan techo, pan, que no tengan trabajo y en lugar de eso hay l\u00e1grimas, hay tristezas y hay suspiros, eso no puede ser\u201d<\/em><\/p>\n<p><img loading=\"lazy\" decoding=\"async\" class=\" wp-image-13945 alignleft\" src=\"http:\/\/fmriachuelo.com.ar\/wp-content\/uploads\/2021\/08\/cc9572a4-2bc7-4ed0-80d2-2cb29fd0b35f-1-300x200.jpg\" alt=\"\" width=\"400\" height=\"266\" \/>En este 2021 el sacerdote cumpli\u00f3 sesenta a\u00f1os en la Congregaci\u00f3n Salesiana y treinta en el barrio de la Boca, al ser consultado sobre c\u00f3mo ve la situaci\u00f3n social, estos reclamos de Tierra, Techo, Trabajo y el papel de los movimientos populares que marcharon ese d\u00eda expres\u00f3: <em>\u201cque nos pas\u00f3 que hemos retrocedido, ser\u00e1 porque estamos divididos, ser\u00e1 porque no tenemos una bandera celeste y blanca sabiendo que esa bandera nos tiene que cobijar dentro de la diversidad en la unidad nacional\u201d<\/em>.<\/p>\n<p>&nbsp;<\/p>\n<p>Tambi\u00e9n habl\u00f3 sobre el Papa Francisco, a quien conoci\u00f3 cuando curs\u00f3 el magisterio,\u00a0<em>\u201cFrancisco es un hombre coherente con su vida, con un estilo de pobreza de sencillez, de preocupaci\u00f3n por lo m\u00e1s necesitados. Tiene una visi\u00f3n exacta de lo que debe pasar, hasta defender con sus \u00faltimos reclamos el respeto por la gran casa del universo que tenemos que defender y cuidarla porque es nuestra casa. Su pensamiento est\u00e1 de acuerdo al evangelio. Este hombre no pens\u00f3 en ser el Papa del mundo en el sentido de que es una autoridad y por lo tanto con un poder, la autoridad del Papa es de servicio. Y el Papa te lo demuestra con su manera de vestir, de recibir a todos y por preocuparse por los lugares que tienen m\u00e1s pobreza\u201d.<\/em><\/p>\n<p><img loading=\"lazy\" decoding=\"async\" class=\"wp-image-13943 aligncenter\" src=\"http:\/\/fmriachuelo.com.ar\/wp-content\/uploads\/2021\/08\/WhatsApp-Image-2021-08-12-at-13.02.35-1-300x200.jpeg\" alt=\"\" width=\"497\" height=\"331\" \/><\/p>\n<p>Para finalizar expres\u00f3 <em>\u201cse predica con la obras, se predica con las manos abiertas no solamente en una iglesia, en un altar, porque all\u00ed no predic\u00f3 Jes\u00fas, Jes\u00fas fue por las calles y yo lo sigo a \u00e9l. Si esto que est\u00e1n haciendo ustedes se multiplicara en la Argentina estar\u00edamos mucho mejor, donde todos busquemos la sencillez de trabajar codo a codo, tendremos otra Argentina.<\/em>\u201d<\/p>\n<p>&nbsp;<\/p>\n<p>Escucha la entrevista completa siguiendo el link <a href=\"https:\/\/ar.radiocut.fm\/audiocut\/padre-pedro-se-predica-con-obras-con-manos-abiertas\/\">https:\/\/ar.radiocut.fm\/audiocut\/padre-pedro-se-predica-con-obras-con-manos-abiertas\/<\/a><\/p>\n<p>&nbsp;<\/p>\n","protected":false},"excerpt":{"rendered":"<p>[FM Riachuelo, 13\/8\/2021] En el programa Cazadoras de Zonceras (Jueves 19 hs) conversamos con el Padre Pedro Estupi\u00f1\u00e1n, hist\u00f3rico vecino del barrio de La Boca. P\u00e1rroco de la Casa San Pedro, de 88 a\u00f1os, quien trabaja todos los d\u00edas ayudando a lxs j\u00f3venes del barrio a encontrar un futuro digno. Recordamos c\u00f3mo nos acompa\u00f1\u00f3 bendiciendo [&hellip;]<\/p>\n","protected":false},"author":5,"featured_media":13937,"comment_status":"closed","ping_status":"closed","sticky":false,"template":"","format":"standard","meta":{"_monsterinsights_skip_tracking":false,"_monsterinsights_sitenote_active":false,"_monsterinsights_sitenote_note":"","_monsterinsights_sitenote_category":0,"jnews-multi-image_gallery":[],"jnews_single_post":{"format":"standard"},"jnews_primary_category":[],"_joinchat":[],"footnotes":""},"categories":[58,62],"tags":[],"class_list":["post-13934","post","type-post","status-publish","format-standard","has-post-thumbnail","hentry","category-noticiariachuelo","category-religiosidad-popular"],"_links":{"self":[{"href":"http:\/\/fmriachuelo.it10.com.ar\/index.php\/wp-json\/wp\/v2\/posts\/13934","targetHints":{"allow":["GET"]}}],"collection":[{"href":"http:\/\/fmriachuelo.it10.com.ar\/index.php\/wp-json\/wp\/v2\/posts"}],"about":[{"href":"http:\/\/fmriachuelo.it10.com.ar\/index.php\/wp-json\/wp\/v2\/types\/post"}],"author":[{"embeddable":true,"href":"http:\/\/fmriachuelo.it10.com.ar\/index.php\/wp-json\/wp\/v2\/users\/5"}],"replies":[{"embeddable":true,"href":"http:\/\/fmriachuelo.it10.com.ar\/index.php\/wp-json\/wp\/v2\/comments?post=13934"}],"version-history":[{"count":1,"href":"http:\/\/fmriachuelo.it10.com.ar\/index.php\/wp-json\/wp\/v2\/posts\/13934\/revisions"}],"predecessor-version":[{"id":22641,"href":"http:\/\/fmriachuelo.it10.com.ar\/index.php\/wp-json\/wp\/v2\/posts\/13934\/revisions\/22641"}],"wp:featuredmedia":[{"embeddable":true,"href":"http:\/\/fmriachuelo.it10.com.ar\/index.php\/wp-json\/"}],"wp:attachment":[{"href":"http:\/\/fmriachuelo.it10.com.ar\/index.php\/wp-json\/wp\/v2\/media?parent=13934"}],"wp:term":[{"taxonomy":"category","embeddable":true,"href":"http:\/\/fmriachuelo.it10.com.ar\/index.php\/wp-json\/wp\/v2\/categories?post=13934"},{"taxonomy":"post_tag","embeddable":true,"href":"http:\/\/fmriachuelo.it10.com.ar\/index.php\/wp-json\/wp\/v2\/tags?post=13934"}],"curies":[{"name":"wp","href":"https:\/\/api.w.org\/{rel}","templated":true}]}}