{"id":13919,"date":"2021-08-11T21:31:25","date_gmt":"2021-08-11T21:31:25","guid":{"rendered":"http:\/\/fmriachuelo.com.ar\/?p=13919"},"modified":"2025-02-12T12:23:57","modified_gmt":"2025-02-12T15:23:57","slug":"puerto-iguazu-criminalizan-la-protesta-de-vecinos-que-reclaman-por-la-restitucion-del-servicio-de-agua","status":"publish","type":"post","link":"http:\/\/fmriachuelo.it10.com.ar\/index.php\/2021\/08\/11\/puerto-iguazu-criminalizan-la-protesta-de-vecinos-que-reclaman-por-la-restitucion-del-servicio-de-agua\/","title":{"rendered":"PUERTO IGUAZ\u00da: CRIMINALIZAN LA PROTESTA DE VECINOS QUE RECLAMAN POR LA RESTITUCI\u00d3N DEL SERVICIO DE AGUA"},"content":{"rendered":"<p><b>[FM Riachuelo, 11\/8\/2021] Esta ma\u00f1ana, a trav\u00e9s de la Red de Corresponsales Populares, nuestra FM Riachuelo tom\u00f3 conocimiento de que el Juzgado de Instrucci\u00f3n Penal N\u00ba3 de Puerto Iguaz\u00fa, imput\u00f3 a Carlos Zarza por \u201cda\u00f1o contra bienes del Estado\u201d en el contexto de una protesta de vecinos y organizaciones sociales que ingres\u00f3 a una reuni\u00f3n del Concejo Deliberante de esa ciudad para reclamar por la cr\u00edtica situaci\u00f3n del sistema de provisi\u00f3n de agua potable en la localidad misionera.<\/b><\/p>\n<p><span style=\"font-weight: 400\">Zarza es referente de la organizaci\u00f3n <\/span><b>Huellas de Esperanza<\/b><span style=\"font-weight: 400\"> que integra la <\/span><b>Uni\u00f3n de Trabajadores de la Econom\u00eda Popular (UTEP)<\/b><span style=\"font-weight: 400\"> en Misiones. Esta ma\u00f1ana, al presentarse a declarar en el Juzgado que conduce Mart\u00edn Brites, fue acompa\u00f1ado por vecinos autoconvocados y referentes de otras organizaciones sociales de Puerto Iguaz\u00fa que denuncian que se trata de una situaci\u00f3n de criminalizaci\u00f3n de la protesta para intentar amedrentar el reclamo contra la inacci\u00f3n municipal y provincial para solucionar la crisis de abastecimiento de agua potable en la ciudad. \u201c<\/span><i><span style=\"font-weight: 400\">Esta es una embestida de la justicia contra los movimientos sociales y la gente que lucha por el bien com\u00fan para la sociedad. Pero, si tocan a un compa\u00f1ero, tocan a todos los luchadores sociales que tiene este pueblo tan abandonado que es Puerto Iguaz\u00fa<\/span><\/i><span style=\"font-weight: 400\">\u201d, explic\u00f3 <\/span><b>Hugo Armoa<\/b><span style=\"font-weight: 400\">, corresponsal popular de nuestra radio e integrante del <\/span><b>Movimiento Activo y Social (MAS)<\/b><span style=\"font-weight: 400\">, que se encontraba esta ma\u00f1ana solidariz\u00e1ndose con Zarza frente a la puerta del Juzgado.<\/span><\/p>\n<p><span style=\"font-weight: 400\">La cr\u00edtica situaci\u00f3n que est\u00e1n viviendo los habitantes de Puerto Iguaz\u00fa con el tema del acceso al agua potable se debe a la actual sequ\u00eda de los r\u00edos Paran\u00e1 e Iguaz\u00fa, pero tambi\u00e9n denuncian los vecinos que hace m\u00e1s de veinte a\u00f1os que en la ciudad no se invierte para mejorar la infraestructura de una planta potabilizadora que data del siglo XIX. \u201c<\/span><i><span style=\"font-weight: 400\">En Puerto Iguaz\u00fa hubo 60 d\u00edas sin agua. Yo me estuve ba\u00f1ando con agua de lavarropas; hab\u00eda familias enfermas. Es inhumano vivir as\u00ed<\/span><\/i><span style=\"font-weight: 400\">\u201d, denunci\u00f3 <\/span><b>Carlos Zarza<\/b><span style=\"font-weight: 400\"> en comunicaci\u00f3n de esta tarde con la FM Riachuelo.<\/span><\/p>\n<p><span style=\"font-weight: 400\">Fue el 17 de junio de este a\u00f1o que, luego de m\u00faltiples manifestaciones exigiendo el acceso al agua, los vecinos y vecinas irrumpieron en la reuni\u00f3n del Concejo Deliberante al grito de \u201cqueremos agua\u201d. Ese d\u00eda lograron que se firmara un compromiso para el control con participaci\u00f3n vecinal de las obras necesarias para la mejora de la provisi\u00f3n de agua potable. <\/span><span style=\"font-weight: 400\">\u201c<\/span><i><span style=\"font-weight: 400\">No se han cumplido. Nosotros seguimos con agua llegando a los barrios a cuentagotas. Se arman pozos perforados pero no se terminan. Todo es un juego, la verdad no s\u00e9 para qu\u00e9 lado est\u00e1 la Justicia. Porque veo que nos est\u00e1n ajusticiando por exigir agua<\/span><\/i><span style=\"font-weight: 400\">\u201d, asever\u00f3 Zarza.<\/span><\/p>\n<p><span style=\"font-weight: 400\">Los hechos del d\u00eda parecen indicar que, lejos de construir una soluci\u00f3n a favor del pueblo de Puerto Iguaz\u00fa, las autoridades locales buscan ocultar su propia ineficiencia intentando amedrentar a la ciudadan\u00eda recurriendo a la herramienta de la criminalizaci\u00f3n de la protesta social. Debido a que involucra a referentes sociales locales, reclamando por un derecho elemental como el acceso al agua, las noticias del d\u00eda de hoy ya est\u00e1n circulando y preocupando a dirigentes de movimientos populares a nivel nacional que seguramente tomar\u00e1n cartas en este grave asunto.<\/span><\/p>\n","protected":false},"excerpt":{"rendered":"<p>[FM Riachuelo, 11\/8\/2021] Esta ma\u00f1ana, a trav\u00e9s de la Red de Corresponsales Populares, nuestra FM Riachuelo tom\u00f3 conocimiento de que el Juzgado de Instrucci\u00f3n Penal N\u00ba3 de Puerto Iguaz\u00fa, imput\u00f3 a Carlos Zarza por \u201cda\u00f1o contra bienes del Estado\u201d en el contexto de una protesta de vecinos y organizaciones sociales que ingres\u00f3 a una reuni\u00f3n [&hellip;]<\/p>\n","protected":false},"author":5,"featured_media":13922,"comment_status":"closed","ping_status":"closed","sticky":false,"template":"","format":"standard","meta":{"_monsterinsights_skip_tracking":false,"_monsterinsights_sitenote_active":false,"_monsterinsights_sitenote_note":"","_monsterinsights_sitenote_category":0,"jnews-multi-image_gallery":[],"jnews_single_post":{"format":"standard"},"jnews_primary_category":[],"_joinchat":[],"footnotes":""},"categories":[141,82,58,76],"tags":[],"class_list":["post-13919","post","type-post","status-publish","format-standard","has-post-thumbnail","hentry","category-comunicacion-popular","category-derechos-humanos","category-noticiariachuelo","category-salud-comunitaria"],"_links":{"self":[{"href":"http:\/\/fmriachuelo.it10.com.ar\/index.php\/wp-json\/wp\/v2\/posts\/13919","targetHints":{"allow":["GET"]}}],"collection":[{"href":"http:\/\/fmriachuelo.it10.com.ar\/index.php\/wp-json\/wp\/v2\/posts"}],"about":[{"href":"http:\/\/fmriachuelo.it10.com.ar\/index.php\/wp-json\/wp\/v2\/types\/post"}],"author":[{"embeddable":true,"href":"http:\/\/fmriachuelo.it10.com.ar\/index.php\/wp-json\/wp\/v2\/users\/5"}],"replies":[{"embeddable":true,"href":"http:\/\/fmriachuelo.it10.com.ar\/index.php\/wp-json\/wp\/v2\/comments?post=13919"}],"version-history":[{"count":1,"href":"http:\/\/fmriachuelo.it10.com.ar\/index.php\/wp-json\/wp\/v2\/posts\/13919\/revisions"}],"predecessor-version":[{"id":22643,"href":"http:\/\/fmriachuelo.it10.com.ar\/index.php\/wp-json\/wp\/v2\/posts\/13919\/revisions\/22643"}],"wp:featuredmedia":[{"embeddable":true,"href":"http:\/\/fmriachuelo.it10.com.ar\/index.php\/wp-json\/"}],"wp:attachment":[{"href":"http:\/\/fmriachuelo.it10.com.ar\/index.php\/wp-json\/wp\/v2\/media?parent=13919"}],"wp:term":[{"taxonomy":"category","embeddable":true,"href":"http:\/\/fmriachuelo.it10.com.ar\/index.php\/wp-json\/wp\/v2\/categories?post=13919"},{"taxonomy":"post_tag","embeddable":true,"href":"http:\/\/fmriachuelo.it10.com.ar\/index.php\/wp-json\/wp\/v2\/tags?post=13919"}],"curies":[{"name":"wp","href":"https:\/\/api.w.org\/{rel}","templated":true}]}}