{"id":13908,"date":"2021-08-09T21:36:43","date_gmt":"2021-08-09T21:36:43","guid":{"rendered":"http:\/\/fmriachuelo.com.ar\/?p=13908"},"modified":"2025-02-12T13:16:18","modified_gmt":"2025-02-12T16:16:18","slug":"san-cayetano-la-lucha-y-la-fe-a-lo-largo-y-a-lo-ancho-del-pais","status":"publish","type":"post","link":"http:\/\/fmriachuelo.it10.com.ar\/index.php\/2021\/08\/09\/san-cayetano-la-lucha-y-la-fe-a-lo-largo-y-a-lo-ancho-del-pais\/","title":{"rendered":"SAN CAYETANO: LA LUCHA Y LA FE, A LO LARGO Y A LO ANCHO DEL PA\u00cdS"},"content":{"rendered":"<p><b>[FM Riachuelo, 9\/8\/2021] Mientras en la Ciudad de Buenos Aires se llevaba adelante la tradicional marcha desde el Santuario de San Cayetano ubicado en Liniers hasta la Plaza de Mayo, en todo el pa\u00eds se realizaban marchas en los puntos m\u00e1s simb\u00f3licos de cada territorio. As\u00ed, distintos merenderos, organizaciones y cooperativas que integran el Movimiento Popular Los Pibes se hallaron hermanados al resto del pueblo trabajador, a pesar de la distancia. Adem\u00e1s de la cobertura realizada en la Capital Federal, FM Riachuelo fue parte de esta jornada nacional con emisi\u00f3n especial en la que convergieron las voces de los Corresponsales Populares.<\/b><\/p>\n<p><b>\u201cVale la pena luchar por ellos, y que el clamor por los excluidos se escuche en toda la Tierra\u201d<\/b><span style=\"font-weight: 400\">. Con estas palabras se refiri\u00f3 Francisco a los Movimientos Populares en alguna ocasi\u00f3n, y a ellas hizo honor cada uno y cada una de las compa\u00f1eras y compa\u00f1eros que conforman la Econom\u00eda Popular, quienes volvieron a tomar las calles de todo el pa\u00eds pidiendo por <\/span><b>Paz, Pan, Tierra, Techo y Trabajo<\/b><span style=\"font-weight: 400\">.<img loading=\"lazy\" decoding=\"async\" class=\" wp-image-13915 aligncenter\" src=\"http:\/\/fmriachuelo.com.ar\/wp-content\/uploads\/2021\/08\/WhatsApp-Image-2021-08-07-at-11.31.22-300x169.jpeg\" alt=\"\" width=\"673\" height=\"379\" \/><\/span><\/p>\n<p><span style=\"font-weight: 400\">Fue en la <\/span><b>Ciudad de La Paz, Entre R\u00edos<\/b><span style=\"font-weight: 400\">, que el <\/span><b>Frente Barrial Pocho Lepratti Mesa Gremial 19 y 20<\/b><span style=\"font-weight: 400\"> se sum\u00f3 a esta exigencia, enmarcada en una jornada tradicional de nuestro pueblo, que no separa la fe de la lucha. <\/span><b>Juan Carlos S\u00e1nchez<\/b><span style=\"font-weight: 400\">, referente del Frente, resalt\u00f3 el significado que tuvo esta jornada para que el pueblo refuerce y contin\u00fae su lucha por conquistar una vida digna: \u201c<\/span><i><span style=\"font-weight: 400\">Esta marcha de hoy lo que hace es mostrar el desaf\u00edo enorme de redoblar la convicci\u00f3n que unidos podemos modificar la vida de tantos compa\u00f1eros y compa\u00f1eras que hoy est\u00e1n viviendo en los barrios populares con falta de trabajo, de vivienda y de tierra. Por eso estamos en la calle viviendo una jornada hist\u00f3rica junto a muchas organizaciones populares unidas, exigiendo derechos, y organizados, en el d\u00eda del patrono del trabajo. Queremos seguir poniendo de pie al sector de nuestros compa\u00f1eros m\u00e1s necesitados y hoy est\u00e1n ac\u00e1 con mucha alegr\u00eda, porque no queremos fideos, queremos trabajo<\/span><\/i><span style=\"font-weight: 400\">\u201d.<img loading=\"lazy\" decoding=\"async\" class=\" wp-image-13911 aligncenter\" src=\"http:\/\/fmriachuelo.com.ar\/wp-content\/uploads\/2021\/08\/219766546_271922921330094_2538329858260866635_n-300x225.jpg\" alt=\"\" width=\"484\" height=\"363\" \/><\/span><\/p>\n<p><span style=\"font-weight: 400\">En <\/span><b>Concordia<\/b><span style=\"font-weight: 400\">, el <\/span><b>Merendero Los Naranjitos<\/b><span style=\"font-weight: 400\"> y el<\/span><b> Merendero Los Hermanos<\/b><span style=\"font-weight: 400\"> marcharon junto con los pescadores artesanales del <\/span><b>Movimiento de Trabajadores Excluidos (MTE)<\/b><span style=\"font-weight: 400\"> de Entre R\u00edos, Horticultores, Cuidadores de Personas Mayores, Recicladores, Motocarros, y distintos comedores comunitarios. <\/span><b>Gladys Gonz\u00e1lez<\/b><span style=\"font-weight: 400\">, de Los Naranjitos, dio cuenta de las exigencias concretas y de la importancia de esta fecha: \u201c<\/span><i><span style=\"font-weight: 400\">Hoy es una fecha important\u00edsima este d\u00eda donde marchamos hacia el centro de la ciudad, convocados desde el Movimiento Popular Los Pibes para dejar en claro a nuestros gobernantes que no s\u00f3lo hacemos ollas populares, sino que queremos trabajo genuino y que nos tengan en cuenta porque sabemos hacer un mont\u00f3n de cosas, que los pol\u00edticos nos acompa\u00f1en de una vez por todas<\/span><\/i><span style=\"font-weight: 400\">\u201d.<\/span><\/p>\n<p><span style=\"font-weight: 400\">Sobre esta misma l\u00ednea se expres\u00f3 <\/span><b>Celia Albarrac\u00edn<\/b><span style=\"font-weight: 400\">, de Los Hermanos: \u201c<\/span><i><span style=\"font-weight: 400\">Salimos a la calle a pelear por lo nuestro muy contentos por volver a la calle a pelear por Tierra, Techo y Trabajo, porque la \u00fanica soluci\u00f3n es pelearlo y defenderlo en la calle para que los compa\u00f1eros puedan tener un sueldo digno, y una casa, y que podamos sembrar y cosechar nuestra propia comida para sostener a nuestras familias<\/span><\/i><span style=\"font-weight: 400\">\u201d.<\/span><\/p>\n<p><span style=\"font-weight: 400\">Continuando el recorrido a trav\u00e9s de nuestros Corresponsales Populares, entramos en comunicaci\u00f3n con <\/span><b>Puerto Iguaz\u00fa, Misiones<\/b><span style=\"font-weight: 400\">, donde el <\/span><b>Movimiento Social Activo y Pol\u00edtico (MAS Iguaz\u00fa)<\/b><span style=\"font-weight: 400\"> y la <\/span><b>Organizaci\u00f3n Huellas de Esperanza<\/b><span style=\"font-weight: 400\"> participaron de la marcha junto con el <\/span><b>Movimiento Evita <\/b><span style=\"font-weight: 400\">y <\/span><b>Los Pibes de la 2000<\/b><span style=\"font-weight: 400\">. Se trata de una provincia atravesada por la crisis h\u00eddrica y que, con su resistencia, viene dando cuenta de que s\u00f3lo la organizaci\u00f3n popular salva al pueblo.<img loading=\"lazy\" decoding=\"async\" class=\" wp-image-13910 aligncenter\" src=\"http:\/\/fmriachuelo.com.ar\/wp-content\/uploads\/2021\/08\/220283564_4295788123797436_2470115577050017021_n-300x135.jpg\" alt=\"\" width=\"671\" height=\"302\" \/><\/span><\/p>\n<p><span style=\"font-weight: 400\">En <\/span><b>Tucum\u00e1n<\/b><span style=\"font-weight: 400\">, la <\/span><b>Cooperativa Huasi Kuntur<\/b><span style=\"font-weight: 400\"> de <\/span><b>Taf\u00ed del Valle<\/b><span style=\"font-weight: 400\"> particip\u00f3 del acto central de la UTEP, junto con el <\/span><b>Frente 22 de Agosto<\/b><span style=\"font-weight: 400\">. Tambi\u00e9n realizamos un d\u00faplex con nuestra radio hermana <\/span><b>FM La Ranchada 103.9 <\/b><span style=\"font-weight: 400\">de <\/span><b>C\u00f3rdoba<\/b><span style=\"font-weight: 400\">, que transmit\u00edan desde\u00a0 el programa <\/span><b>\u201cLas Tres T\u201d<\/b><span style=\"font-weight: 400\">, e intercambiamos experiencias sobre el desarrollo del acto en Buenos Aires y las distintas asambleas barriales que estaban sucediendo en la Provincia de C\u00f3rdoba.<\/span><\/p>\n<p><span style=\"font-weight: 400\">El <\/span><b>Merendero El \u00c1ngel de la Bicicleta, El Movimiento Evita y La Corriente Clasista y Combativa<\/b><span style=\"font-weight: 400\"> estuvieron presentes en <\/span><b>Salta<\/b><span style=\"font-weight: 400\">, en este d\u00eda hist\u00f3rico en el que los Movimientos Populares volvieron a las calles. <\/span><b>Luciana Ruiz<\/b><span style=\"font-weight: 400\">, integrante del <\/span><b>Merendero El \u00c1ngel de la Bicicleta<\/b><span style=\"font-weight: 400\">, explic\u00f3 c\u00f3mo y por qu\u00e9 estaban expres\u00e1ndose los trabajadores y trabajadoras de la Econom\u00eda Popular: \u201c<\/span><i><span style=\"font-weight: 400\">Marchamos porque la crisis mundial exige que salgamos a luchar, la situaci\u00f3n sanitaria nos pone m\u00e1s que nunca a pedir por pan techo tierra y trabajo, es importante que lo hagamos en la calle porque los gobiernos no nos escuchan y no resuelven, la quietud del poder nos hace pagar las consecuencias de esta situaci\u00f3n<\/span><\/i><span style=\"font-weight: 400\">\u201d.<\/span><\/p>\n<p><span style=\"font-weight: 400\">La vuelta a las calles en San Cayetano fue un hecho hist\u00f3rico que no moviliz\u00f3 s\u00f3lo el cuerpo de quienes marcharon, sino tambi\u00e9n sus esp\u00edritus y sus corazones. En cada territorio la consigna de Pan, Paz, Tierra, Techo y Trabajo fue apropiada e interpretada en relaci\u00f3n a cada problem\u00e1tica espec\u00edfica, hecho que da cuenta de que, a pesar de los matices, hay un solo pueblo que se organiza y construye comunidad cada d\u00eda, en una lucha motorizada por la fe.<\/span><\/p>\n","protected":false},"excerpt":{"rendered":"<p>[FM Riachuelo, 9\/8\/2021] Mientras en la Ciudad de Buenos Aires se llevaba adelante la tradicional marcha desde el Santuario de San Cayetano ubicado en Liniers hasta la Plaza de Mayo, en todo el pa\u00eds se realizaban marchas en los puntos m\u00e1s simb\u00f3licos de cada territorio. As\u00ed, distintos merenderos, organizaciones y cooperativas que integran el Movimiento [&hellip;]<\/p>\n","protected":false},"author":5,"featured_media":13917,"comment_status":"closed","ping_status":"closed","sticky":false,"template":"","format":"standard","meta":{"_monsterinsights_skip_tracking":false,"_monsterinsights_sitenote_active":false,"_monsterinsights_sitenote_note":"","_monsterinsights_sitenote_category":0,"jnews-multi-image_gallery":[],"jnews_single_post":{"format":"standard"},"jnews_primary_category":[],"_joinchat":[],"footnotes":""},"categories":[141,78,58,74],"tags":[],"class_list":["post-13908","post","type-post","status-publish","format-standard","has-post-thumbnail","hentry","category-comunicacion-popular","category-economia-popular","category-noticiariachuelo","category-san-cayetano"],"_links":{"self":[{"href":"http:\/\/fmriachuelo.it10.com.ar\/index.php\/wp-json\/wp\/v2\/posts\/13908","targetHints":{"allow":["GET"]}}],"collection":[{"href":"http:\/\/fmriachuelo.it10.com.ar\/index.php\/wp-json\/wp\/v2\/posts"}],"about":[{"href":"http:\/\/fmriachuelo.it10.com.ar\/index.php\/wp-json\/wp\/v2\/types\/post"}],"author":[{"embeddable":true,"href":"http:\/\/fmriachuelo.it10.com.ar\/index.php\/wp-json\/wp\/v2\/users\/5"}],"replies":[{"embeddable":true,"href":"http:\/\/fmriachuelo.it10.com.ar\/index.php\/wp-json\/wp\/v2\/comments?post=13908"}],"version-history":[{"count":1,"href":"http:\/\/fmriachuelo.it10.com.ar\/index.php\/wp-json\/wp\/v2\/posts\/13908\/revisions"}],"predecessor-version":[{"id":22649,"href":"http:\/\/fmriachuelo.it10.com.ar\/index.php\/wp-json\/wp\/v2\/posts\/13908\/revisions\/22649"}],"wp:featuredmedia":[{"embeddable":true,"href":"http:\/\/fmriachuelo.it10.com.ar\/index.php\/wp-json\/"}],"wp:attachment":[{"href":"http:\/\/fmriachuelo.it10.com.ar\/index.php\/wp-json\/wp\/v2\/media?parent=13908"}],"wp:term":[{"taxonomy":"category","embeddable":true,"href":"http:\/\/fmriachuelo.it10.com.ar\/index.php\/wp-json\/wp\/v2\/categories?post=13908"},{"taxonomy":"post_tag","embeddable":true,"href":"http:\/\/fmriachuelo.it10.com.ar\/index.php\/wp-json\/wp\/v2\/tags?post=13908"}],"curies":[{"name":"wp","href":"https:\/\/api.w.org\/{rel}","templated":true}]}}