{"id":13874,"date":"2021-08-06T22:07:53","date_gmt":"2021-08-06T22:07:53","guid":{"rendered":"http:\/\/fmriachuelo.com.ar\/?p=13874"},"modified":"2025-02-12T13:20:15","modified_gmt":"2025-02-12T16:20:15","slug":"sancayetano-lito-borello-es-tiempo-de-mostrar-fortaleza-vigor-y-solidaridad-en-las-calles","status":"publish","type":"post","link":"http:\/\/fmriachuelo.it10.com.ar\/index.php\/2021\/08\/06\/sancayetano-lito-borello-es-tiempo-de-mostrar-fortaleza-vigor-y-solidaridad-en-las-calles\/","title":{"rendered":"#SanCayetano LITO BORELLO: \u201cES TIEMPO DE MOSTRAR FORTALEZA, VIGOR Y SOLIDARIDAD EN LAS CALLES\u201d"},"content":{"rendered":"<p><b>[FM Riachuelo, 6\/8\/2021] El d\u00eda de ma\u00f1ana tendr\u00e1 lugar una jornada nacional por Paz, Pan, Tierra, Techo y Trabajo impulsada por la Uni\u00f3n de Trabajadores y Trabajadoras de la Econom\u00eda Popular (UTEP), en la que las organizaciones que integran el sindicato marchar\u00e1n desde la iglesia de San Cayetano, ubicada en Liniers, hasta la Plaza de Mayo, as\u00ed como tambi\u00e9n habr\u00e1 actividades descentralizadas en todo el pa\u00eds. En este contexto, FM Riachuelo realiz\u00f3 una entrevista a Lito Borello, secretario de Derechos Humanos de la UTEP y coordinador nacional del Movimiento Popular Los Pibes.<\/b><\/p>\n<p><span style=\"font-weight: 400\">En principio, Borello analiz\u00f3 los aspectos que est\u00e1n en juego en esta movilizaci\u00f3n: \u201c<\/span><i><span style=\"font-weight: 400\">Es muy importante en esta oportunidad, la sexta a partir de aquella primera marcha al comienzo del gobierno de Mauricio Macri hicimos el 7 de agosto en 2016, volver a poner la fuerza y la contundencia de los Movimientos Populares con un s\u00edmbolo tan fuerte y tan hist\u00f3ricamente involucrado en el sentimiento popular, como lo es San Cayetano, el patrono del trabajo<\/span><\/i><span style=\"font-weight: 400\">\u201d. As\u00ed, resalt\u00f3 el valor de que el pueblo vuelva a manifestar su sentir en las calles: \u201c<\/span><i><span style=\"font-weight: 400\">Vemos c\u00f3mo con esa forma de expresi\u00f3n de nuestro pueblo de poner el trabajo por delante, va a ser muy bueno que nuevamente en las calles, despu\u00e9s de esta situaci\u00f3n de pandemia, podamos mostrar toda la fortaleza, el vigor y la solidaridad que son las caracter\u00edsticas de un sujeto emergente que en las \u00faltimas d\u00e9cadas ha tomado un protagonismo fundamental<\/span><\/i><span style=\"font-weight: 400\">\u201d.<\/span><\/p>\n<p><span style=\"font-weight: 400\">Sobre esta misma l\u00ednea, el referente habl\u00f3 no s\u00f3lo de lo que representa simb\u00f3licamente la salida a las calles, sino tambi\u00e9n de las motivaciones concretas que llevan a esta medida: \u201c<\/span><i><span style=\"font-weight: 400\">Se sale por las necesidades urgentes de nuestro pueblo en general, pero fundamentalmente de nuestro sector de la econom\u00eda popular, que lejos de estar igual est\u00e1 peor. Nosotros hemos sido punta de lanza en la resistencia al gobierno del macrismo, y hemos hecho todo en la primera l\u00ednea del combate para que se tuviera que ir cuanto antes<\/span><\/i><span style=\"font-weight: 400\">\u201d.<\/span><\/p>\n<p><span style=\"font-weight: 400\">Respecto del gobierno, dej\u00f3 en claro la postura de apoyo por parte de los Movimientos Populares, sin dejar de lado la insuficiencia de las medidas para resolver la situaci\u00f3n cr\u00edtica que sufre nuestro pueblo: \u201c<\/span><i><span style=\"font-weight: 400\">Salimos a la calle para expresar nuestro total compromiso al proceso que se viene librando desde hace dos a\u00f1os del gobierno nacional, pero tambi\u00e9n para decir que todav\u00eda faltan medidas m\u00e1s profundas, m\u00e1s estructurales que signifiquen realmente ir en contra de ese pu\u00f1ado de poderosos adoradores del Dios Dinero,\u00a0 que imaginan un mundo para muy pocos, a condici\u00f3n de la extensi\u00f3n del sufrimiento de las amplias masas populare<\/span><\/i><span style=\"font-weight: 400\">s\u201d.<\/span><\/p>\n<p><span style=\"font-weight: 400\">Para ir cerrando, Borello se expres\u00f3 sobre la agenda que llevan adelante los Movimientos Populares que movilizar\u00e1n ma\u00f1ana: \u201c<\/span><i><span style=\"font-weight: 400\">Podr\u00eda decir que la agenda es Tierra, Techo y Trabajo, que es una Asignaci\u00f3n que le permita a cada familia no estar bajo la l\u00ednea de la pobreza, o es que seguimos aspirando a cr\u00e9ditos blandos que le permitan a la Econom\u00eda Popular la posibilidad de planificar una estrategia que no sea solo de supervivencia. Habr\u00eda muchas reivindicaciones de tipo gremial y de tipo urgente pero yo creo que en los \u00faltimos a\u00f1os a partir de esa afirmaciones que el papa Francisco hace junto a Evo Morales en el Segundo Encuentro de Movimientos Populares, donde \u00e9l plantea que \u201ceste sistema no da m\u00e1s es necesario construir otro mundo posible\u201d, los Movimientos estamos profundamente entusiasmados con este proceso, porque sabemos que las medidas paliativas y de asistencia no son m\u00e1s que parches<\/span><\/i><span style=\"font-weight: 400\">\u201d.<\/span><\/p>\n<p><span style=\"font-weight: 400\">As\u00ed, concluy\u00f3 que el camino que salvar\u00e1 a los pueblos de la regi\u00f3n es el de la construcci\u00f3n de otro sistema, m\u00e1s justo y solidario, y en el que se realice liberaci\u00f3n de todos los pa\u00edses de la Patria Grande: \u201c<\/span><i><span style=\"font-weight: 400\">Por eso creo que de una vez por todas, al tiempo de trabajar por una Segunda y Definitiva Independencia con nuestros hermanos de Latinoam\u00e9rica, tenemos tambi\u00e9n que construir una sociedad mucho m\u00e1s humana, que pueda vivir en armon\u00eda con el medio ambiente, que nos permitamos otro modelo de producci\u00f3n y no el que nos ofrece este\u00a0 proyecto de muerte del capitalismo salvaje depredador, financiero y extractivista que pone en riesgo a la humanidad y al propio planeta<\/span><\/i><span style=\"font-weight: 400\">\u201d.<\/span><\/p>\n","protected":false},"excerpt":{"rendered":"<p>[FM Riachuelo, 6\/8\/2021] El d\u00eda de ma\u00f1ana tendr\u00e1 lugar una jornada nacional por Paz, Pan, Tierra, Techo y Trabajo impulsada por la Uni\u00f3n de Trabajadores y Trabajadoras de la Econom\u00eda Popular (UTEP), en la que las organizaciones que integran el sindicato marchar\u00e1n desde la iglesia de San Cayetano, ubicada en Liniers, hasta la Plaza de [&hellip;]<\/p>\n","protected":false},"author":5,"featured_media":13741,"comment_status":"closed","ping_status":"closed","sticky":false,"template":"","format":"standard","meta":{"_monsterinsights_skip_tracking":false,"_monsterinsights_sitenote_active":false,"_monsterinsights_sitenote_note":"","_monsterinsights_sitenote_category":0,"jnews-multi-image_gallery":[],"jnews_single_post":{"format":"standard"},"jnews_primary_category":[],"_joinchat":[],"footnotes":""},"categories":[78,79,58,74],"tags":[],"class_list":["post-13874","post","type-post","status-publish","format-standard","has-post-thumbnail","hentry","category-economia-popular","category-nadie-se-salva-solo","category-noticiariachuelo","category-san-cayetano"],"_links":{"self":[{"href":"http:\/\/fmriachuelo.it10.com.ar\/index.php\/wp-json\/wp\/v2\/posts\/13874","targetHints":{"allow":["GET"]}}],"collection":[{"href":"http:\/\/fmriachuelo.it10.com.ar\/index.php\/wp-json\/wp\/v2\/posts"}],"about":[{"href":"http:\/\/fmriachuelo.it10.com.ar\/index.php\/wp-json\/wp\/v2\/types\/post"}],"author":[{"embeddable":true,"href":"http:\/\/fmriachuelo.it10.com.ar\/index.php\/wp-json\/wp\/v2\/users\/5"}],"replies":[{"embeddable":true,"href":"http:\/\/fmriachuelo.it10.com.ar\/index.php\/wp-json\/wp\/v2\/comments?post=13874"}],"version-history":[{"count":1,"href":"http:\/\/fmriachuelo.it10.com.ar\/index.php\/wp-json\/wp\/v2\/posts\/13874\/revisions"}],"predecessor-version":[{"id":22652,"href":"http:\/\/fmriachuelo.it10.com.ar\/index.php\/wp-json\/wp\/v2\/posts\/13874\/revisions\/22652"}],"wp:featuredmedia":[{"embeddable":true,"href":"http:\/\/fmriachuelo.it10.com.ar\/index.php\/wp-json\/wp\/v2\/media\/13741"}],"wp:attachment":[{"href":"http:\/\/fmriachuelo.it10.com.ar\/index.php\/wp-json\/wp\/v2\/media?parent=13874"}],"wp:term":[{"taxonomy":"category","embeddable":true,"href":"http:\/\/fmriachuelo.it10.com.ar\/index.php\/wp-json\/wp\/v2\/categories?post=13874"},{"taxonomy":"post_tag","embeddable":true,"href":"http:\/\/fmriachuelo.it10.com.ar\/index.php\/wp-json\/wp\/v2\/tags?post=13874"}],"curies":[{"name":"wp","href":"https:\/\/api.w.org\/{rel}","templated":true}]}}