{"id":13862,"date":"2021-08-06T16:54:50","date_gmt":"2021-08-06T16:54:50","guid":{"rendered":"http:\/\/fmriachuelo.com.ar\/?p=13862"},"modified":"2025-02-12T13:22:43","modified_gmt":"2025-02-12T16:22:43","slug":"para-nosotros-es-vital-la-movilizacion-es-nuestro-medio-de-comunicacion-para-expresarnos","status":"publish","type":"post","link":"http:\/\/fmriachuelo.it10.com.ar\/index.php\/2021\/08\/06\/para-nosotros-es-vital-la-movilizacion-es-nuestro-medio-de-comunicacion-para-expresarnos\/","title":{"rendered":"\u00abPARA NOSOTROS ES VITAL LA MOVILIZACI\u00d3N, ES NUESTRO MEDIO DE COMUNICACION PARA EXPRESARNOS\u00bb"},"content":{"rendered":"<p><strong>[FM Riachuelo, 06\/08\/2021]\u00a0En el programa Cazadoras de Zonceras (jueves de 19 a 21) entrevistaron a Esteban \u00abGringo\u00bb Castro, Secretario General de la UTEP, sobre la Marcha de San Cayetano a Plaza de Mayo por \u00abTecho Tierra y Trabajo\u00bb del pr\u00f3ximo 7 de agosto.<\/strong><\/p>\n<p>Mientras acompa\u00f1aba una peregrinaci\u00f3n hacia Luj\u00e1n, y compartiendo varias Asambleas previas a la gran movilizaci\u00f3n, Castro cont\u00f3 la buena predisposici\u00f3n y la alegr\u00eda que se nota en los y las compa\u00f1eras que est\u00e1n organizando la marcha de este s\u00e1bado:<strong> \u00abVa a haber mucha gente movilizada, porque hay una gran necesidad de estar en comuni\u00f3n. Juntes. Para sostener las reivindicaciones del pueblo unido, que sostiene los reclamos de Techo Tierra y Trabajo para los m\u00e1s humildes\u00bb<\/strong><\/p>\n<p>\u00ab<strong>Tenemos que discutir un nuevo modelo de pa\u00eds que est\u00e1 dejando afuera a enormes porciones de la sociedad\u00bb, reflexion\u00f3 el Gringo sobre el valor hist\u00f3rico que la movilizaci\u00f3n de San Cayetano viene alcanzando en los \u00faltimos a\u00f1os\u00bb<\/strong><\/p>\n<p>Al cierre de la nota, insisti\u00f3 sobre la necesidad de los movimientos de recuperar la calle tras m\u00e1s de un a\u00f1o de pandemia donde los trabajadores de la econom\u00eda popular padecieron la crudeza del contexto y tambi\u00e9n le pusieron el cuerpo a las necesidades que surg\u00edan en cada comunidad: <strong>\u00abPara nosotros es vital la movilizaci\u00f3n, es nuestro medio de comunicaci\u00f3n para expresarnos. La realidad es muy dura para los nuestros. Por eso vamos con el Pueblo que no para con su Fe en la lucha, y por la dignidad de los y las trabajadoras de Argentina y Latinoam\u00e9rica\u00bb<\/strong><\/p>\n<p>https:\/\/ar.radiocut.fm\/audiocut\/para-nosotros-es-vital-movilizacion-es-nuestro-medio-comunicacion-para-expresarnos\/<\/p>\n","protected":false},"excerpt":{"rendered":"<p>[FM Riachuelo, 06\/08\/2021]\u00a0En el programa Cazadoras de Zonceras (jueves de 19 a 21) entrevistaron a Esteban \u00abGringo\u00bb Castro, Secretario General de la UTEP, sobre la Marcha de San Cayetano a Plaza de Mayo por \u00abTecho Tierra y Trabajo\u00bb del pr\u00f3ximo 7 de agosto. Mientras acompa\u00f1aba una peregrinaci\u00f3n hacia Luj\u00e1n, y compartiendo varias Asambleas previas a [&hellip;]<\/p>\n","protected":false},"author":5,"featured_media":13863,"comment_status":"closed","ping_status":"closed","sticky":false,"template":"","format":"standard","meta":{"_monsterinsights_skip_tracking":false,"_monsterinsights_sitenote_active":false,"_monsterinsights_sitenote_note":"","_monsterinsights_sitenote_category":0,"jnews-multi-image_gallery":[],"jnews_single_post":{"format":"standard"},"jnews_primary_category":[],"_joinchat":[],"footnotes":""},"categories":[78,58,74],"tags":[],"class_list":["post-13862","post","type-post","status-publish","format-standard","has-post-thumbnail","hentry","category-economia-popular","category-noticiariachuelo","category-san-cayetano"],"_links":{"self":[{"href":"http:\/\/fmriachuelo.it10.com.ar\/index.php\/wp-json\/wp\/v2\/posts\/13862","targetHints":{"allow":["GET"]}}],"collection":[{"href":"http:\/\/fmriachuelo.it10.com.ar\/index.php\/wp-json\/wp\/v2\/posts"}],"about":[{"href":"http:\/\/fmriachuelo.it10.com.ar\/index.php\/wp-json\/wp\/v2\/types\/post"}],"author":[{"embeddable":true,"href":"http:\/\/fmriachuelo.it10.com.ar\/index.php\/wp-json\/wp\/v2\/users\/5"}],"replies":[{"embeddable":true,"href":"http:\/\/fmriachuelo.it10.com.ar\/index.php\/wp-json\/wp\/v2\/comments?post=13862"}],"version-history":[{"count":1,"href":"http:\/\/fmriachuelo.it10.com.ar\/index.php\/wp-json\/wp\/v2\/posts\/13862\/revisions"}],"predecessor-version":[{"id":22654,"href":"http:\/\/fmriachuelo.it10.com.ar\/index.php\/wp-json\/wp\/v2\/posts\/13862\/revisions\/22654"}],"wp:featuredmedia":[{"embeddable":true,"href":"http:\/\/fmriachuelo.it10.com.ar\/index.php\/wp-json\/"}],"wp:attachment":[{"href":"http:\/\/fmriachuelo.it10.com.ar\/index.php\/wp-json\/wp\/v2\/media?parent=13862"}],"wp:term":[{"taxonomy":"category","embeddable":true,"href":"http:\/\/fmriachuelo.it10.com.ar\/index.php\/wp-json\/wp\/v2\/categories?post=13862"},{"taxonomy":"post_tag","embeddable":true,"href":"http:\/\/fmriachuelo.it10.com.ar\/index.php\/wp-json\/wp\/v2\/tags?post=13862"}],"curies":[{"name":"wp","href":"https:\/\/api.w.org\/{rel}","templated":true}]}}