{"id":13855,"date":"2021-08-06T15:09:21","date_gmt":"2021-08-06T15:09:21","guid":{"rendered":"http:\/\/fmriachuelo.com.ar\/?p=13855"},"modified":"2025-02-12T13:39:01","modified_gmt":"2025-02-12T16:39:01","slug":"que-pasa-general-trabajadores-de-techint-reclaman-por-sus-salarios-a-la-baja","status":"publish","type":"post","link":"http:\/\/fmriachuelo.it10.com.ar\/index.php\/2021\/08\/06\/que-pasa-general-trabajadores-de-techint-reclaman-por-sus-salarios-a-la-baja\/","title":{"rendered":"\u00bfQU\u00c9 PASA GENERAL&#8230;? TRABAJADORES DE TECHINT RECLAMAN POR SUS SALARIOS A LA BAJA"},"content":{"rendered":"<p><strong>[FM Riachuelo 06\/08\/2021] Por *AGPS (Al gran Pueblo Salud lunes de 19 a 22 hs)<\/strong><\/p>\n<p><strong>En AL GRAN PUEBLO SAL<\/strong><strong>UD\u00a0 entrevistamos a Jos\u00e9 Villa, Delegado Metal\u00fargico<\/strong><\/p>\n<p><strong>Los trabajadores metal\u00fargicos de Tenaris Siat movilizaron para solicitar ser recibidos por las autoridades de la Casa de Gobierno y no lo logran. Tras 16 meses de rebaja salarial arbitraria del Grupo Techint, la Comisi\u00f3n Interna de la UOM marcha a la Plaza de Mayo para entregar un petitorio a Alberto Fern\u00e1ndez. Los trabajadores esperan una respuesta.<\/strong><\/p>\n<p><em>\u00abHemos venido desde Valent\u00edn Alsina. Somos trabajadores metal\u00fargicos que hemos hecho todo lo posible para que no estuviera m\u00e1s el gobierno de Macri y hemos apoyado para que est\u00e9 este gobierno. Nosotros hace un a\u00f1o y medio que estamos sufriendo las consecuencias de no poder trabajar tranquilos, de no tener un salario digno, tenemos un ataque a nuestro convenio colectivo\u00bb (&#8230;)<\/em><\/p>\n<p>Escuch\u00e1 la Entrevista Completa\ud83d\udc47<\/p>\n<p><a href=\"https:\/\/ar.radiocut.fm\/audiocut\/pasa-general-1\/\">https:\/\/ar.radiocut.fm\/audiocut\/pasa-general-1\/<\/a><\/p>\n","protected":false},"excerpt":{"rendered":"<p>[FM Riachuelo 06\/08\/2021] Por *AGPS (Al gran Pueblo Salud lunes de 19 a 22 hs) En AL GRAN PUEBLO SALUD\u00a0 entrevistamos a Jos\u00e9 Villa, Delegado Metal\u00fargico Los trabajadores metal\u00fargicos de Tenaris Siat movilizaron para solicitar ser recibidos por las autoridades de la Casa de Gobierno y no lo logran. Tras 16 meses de rebaja salarial [&hellip;]<\/p>\n","protected":false},"author":5,"featured_media":13856,"comment_status":"closed","ping_status":"closed","sticky":false,"template":"","format":"standard","meta":{"_monsterinsights_skip_tracking":false,"_monsterinsights_sitenote_active":false,"_monsterinsights_sitenote_note":"","_monsterinsights_sitenote_category":0,"jnews-multi-image_gallery":[],"jnews_single_post":{"format":"standard"},"jnews_primary_category":[],"_joinchat":[],"footnotes":""},"categories":[58,75],"tags":[],"class_list":["post-13855","post","type-post","status-publish","format-standard","has-post-thumbnail","hentry","category-noticiariachuelo","category-trabajo"],"_links":{"self":[{"href":"http:\/\/fmriachuelo.it10.com.ar\/index.php\/wp-json\/wp\/v2\/posts\/13855","targetHints":{"allow":["GET"]}}],"collection":[{"href":"http:\/\/fmriachuelo.it10.com.ar\/index.php\/wp-json\/wp\/v2\/posts"}],"about":[{"href":"http:\/\/fmriachuelo.it10.com.ar\/index.php\/wp-json\/wp\/v2\/types\/post"}],"author":[{"embeddable":true,"href":"http:\/\/fmriachuelo.it10.com.ar\/index.php\/wp-json\/wp\/v2\/users\/5"}],"replies":[{"embeddable":true,"href":"http:\/\/fmriachuelo.it10.com.ar\/index.php\/wp-json\/wp\/v2\/comments?post=13855"}],"version-history":[{"count":1,"href":"http:\/\/fmriachuelo.it10.com.ar\/index.php\/wp-json\/wp\/v2\/posts\/13855\/revisions"}],"predecessor-version":[{"id":22656,"href":"http:\/\/fmriachuelo.it10.com.ar\/index.php\/wp-json\/wp\/v2\/posts\/13855\/revisions\/22656"}],"wp:featuredmedia":[{"embeddable":true,"href":"http:\/\/fmriachuelo.it10.com.ar\/index.php\/wp-json\/"}],"wp:attachment":[{"href":"http:\/\/fmriachuelo.it10.com.ar\/index.php\/wp-json\/wp\/v2\/media?parent=13855"}],"wp:term":[{"taxonomy":"category","embeddable":true,"href":"http:\/\/fmriachuelo.it10.com.ar\/index.php\/wp-json\/wp\/v2\/categories?post=13855"},{"taxonomy":"post_tag","embeddable":true,"href":"http:\/\/fmriachuelo.it10.com.ar\/index.php\/wp-json\/wp\/v2\/tags?post=13855"}],"curies":[{"name":"wp","href":"https:\/\/api.w.org\/{rel}","templated":true}]}}