{"id":13837,"date":"2021-08-03T21:54:35","date_gmt":"2021-08-03T21:54:35","guid":{"rendered":"http:\/\/fmriachuelo.com.ar\/?p=13837"},"modified":"2025-02-12T13:53:08","modified_gmt":"2025-02-12T16:53:08","slug":"marcha-por-san-cayetano-este-sabado-sera-una-jornada-de-fiesta-de-fe-y-de-lucha","status":"publish","type":"post","link":"http:\/\/fmriachuelo.it10.com.ar\/index.php\/2021\/08\/03\/marcha-por-san-cayetano-este-sabado-sera-una-jornada-de-fiesta-de-fe-y-de-lucha\/","title":{"rendered":"MARCHA POR SAN CAYETANO: \u00abESTE S\u00c1BADO SER\u00c1 UNA JORNADA DE FIESTA, DE FE Y DE LUCHA\u00bb"},"content":{"rendered":"<p><b>[FM Riachuelo, 3\/8\/2021] El s\u00e1bado 7 de Agosto, d\u00eda de San Cayetano, fecha emblem\u00e1tica del movimiento de trabajadores en la Argentina, se realizar\u00e1 una jornada nacional de movilizaci\u00f3n que tendr\u00e1 como actividad central una multitudinaria marcha desde Liniers hasta Plaza de Mayo. En un dif\u00edcil contexto econ\u00f3mico y social que dej\u00f3 el macrismo y luego profundizado por la llegada del COVID, los y las trabajadoras de la Econom\u00eda Popular nucleados en la Uni\u00f3n de Trabajadores de la Econom\u00eda Popular retoman las calles para empujar la agenda de \u201cTierra, Techo y Trabajo\u201d como salida para la pandemia desde abajo.<\/b><\/p>\n<p><span style=\"font-weight: 400\">Mateando en el Riachuelo (L a V 10 hs) convers\u00f3 con Lucas Pedr\u00f3, Secretario de Culto de la Uni\u00f3n de Trabajadores y Trabajadoras de la Econom\u00eda Popular e integrante del Movimiento Misioneros de Francisco para que realice un recorrido hist\u00f3rico del significado para la Fe y la cultura popular de la peregrinaci\u00f3n del 7 de Agosto \u201cD\u00eda de San Cayetano\u201d.<\/span><\/p>\n<p><span style=\"font-weight: 400\">Pedr\u00f3 explic\u00f3 que esta fecha es de gran importancia para el pueblo argentino<\/span><i><span style=\"font-weight: 400\">: \u201ces una fecha donde la cultura popular, la fe popular va a agradecer y a pedir por trabajo al santuario de Liniers\u201d<\/span><\/i><span style=\"font-weight: 400\">. El simbolismo del Patrono del Trabajo est\u00e1 adem\u00e1s asociado a una rica historia de lucha del movimiento popular. El Secretario de Culto de la UTEP rememor\u00f3 la primer movilizaci\u00f3n convocada por Sa\u00fal Ubaldini en 1981, plena dictadura militar, bajo la consigna Paz, Pan y Trabajo: <\/span><i><span style=\"font-weight: 400\">\u201ces una de las primeras marchas que se le hace a la dictadura militar y es muy simb\u00f3lica para la historia del movimiento obrero y las organizaciones sociales\u201d<\/span><\/i><\/p>\n<p><span style=\"font-weight: 400\"><img loading=\"lazy\" decoding=\"async\" class=\"size-medium wp-image-13839 alignleft\" src=\"http:\/\/fmriachuelo.com.ar\/wp-content\/uploads\/2021\/08\/LUCAS-PEIDR\u00d3-300x200.jpeg\" alt=\"\" width=\"300\" height=\"200\" \/>Ya m\u00e1s cerca en nuestra historia, en el a\u00f1o 2016, primer a\u00f1o de un gobierno que nuevamente plantea pol\u00edticas neoliberales y un modelo de exclusi\u00f3n, organizaciones sociales y gremiales en unidad realizaron una hist\u00f3rica movilizaci\u00f3n de fe y lucha: <\/span><i><span style=\"font-weight: 400\">\u201cfue una movilizaci\u00f3n muy exitosa, hist\u00f3rica por la gran cantidad de compa\u00f1eros que se acercaron a peregrinar, a pesar de ser domingo fue una jornada multitudinaria de mucha fe y lucha\u201d.<\/span><\/i><\/p>\n<p><span style=\"font-weight: 400\">Pedr\u00f3 tambi\u00e9n hizo alusi\u00f3n al pensamiento de Francisco y sus referencias a los movimientos populares: <\/span><i><span style=\"font-weight: 400\">\u201c<\/span><\/i><b><i>organ\u00edcense, construyan tierra, construyan trabajo, sean poetas sociales, sean artesanos de la unidad<\/i><\/b><i><span style=\"font-weight: 400\">, y creo que esta artesan\u00eda de la unidad se construye de a poco, y a partir de esa unidad de los movimientos populares durante los 7 de agosto en la calle se fue solidificando hasta que a fines del a\u00f1o 2019 se construye la UTEP, ya Francisco nos dijo <\/span><\/i><b><i>sean artesanos de la unidad, poetas sociales, construyan Techo, Tierra y Trabajo y t\u00f3menlos como derechos sagrados<\/i><\/b><i><span style=\"font-weight: 400\">\u201d.<\/span><\/i><\/p>\n<p><span style=\"font-weight: 400\">Al momento de cerrar la nota, el referente del Misioneros de Francisco dio cuenta de c\u00f3mo se prepara este Movimiento para participar de la movilizaci\u00f3n: <\/span><i><span style=\"font-weight: 400\">\u201cmarcharemos con mucha alegr\u00eda y con muchos cuidados, nos estamos preparando con el esp\u00edritu festivo, con los bombos, con las banderas, la Virgencita de Luj\u00e1n y San Cayetano, sacando las pecheras, los estandartes y los flameadores, para que realmente sea una jornada de fiesta, de fe y de lucha\u201d<\/span><\/i><\/p>\n<p><span style=\"font-weight: 400\">\u00a0<\/span><\/p>\n<p><span style=\"font-weight: 400\">Escucha la entrevista completa siguiendo el link:<\/span><a href=\"https:\/\/ar.radiocut.fm\/audiocut\/marcha-por-san-cayetano-este-sabado-sera-una-jornada-fiesta-fe-y-lucha-lucas-peidro\/\"> <span style=\"font-weight: 400\">https:\/\/ar.radiocut.fm\/audiocut\/marcha-por-san-cayetano-este-sabado-sera-una-jornada-fiesta-fe-y-lucha-lucas-peidro\/<\/span><\/a><\/p>\n","protected":false},"excerpt":{"rendered":"<p>[FM Riachuelo, 3\/8\/2021] El s\u00e1bado 7 de Agosto, d\u00eda de San Cayetano, fecha emblem\u00e1tica del movimiento de trabajadores en la Argentina, se realizar\u00e1 una jornada nacional de movilizaci\u00f3n que tendr\u00e1 como actividad central una multitudinaria marcha desde Liniers hasta Plaza de Mayo. En un dif\u00edcil contexto econ\u00f3mico y social que dej\u00f3 el macrismo y luego [&hellip;]<\/p>\n","protected":false},"author":5,"featured_media":13838,"comment_status":"closed","ping_status":"closed","sticky":false,"template":"","format":"standard","meta":{"_monsterinsights_skip_tracking":false,"_monsterinsights_sitenote_active":false,"_monsterinsights_sitenote_note":"","_monsterinsights_sitenote_category":0,"jnews-multi-image_gallery":[],"jnews_single_post":{"format":"standard"},"jnews_primary_category":[],"_joinchat":[],"footnotes":""},"categories":[78,62,74,139],"tags":[],"class_list":["post-13837","post","type-post","status-publish","format-standard","has-post-thumbnail","hentry","category-economia-popular","category-religiosidad-popular","category-san-cayetano","category-tierra-techo-y-trabajo"],"_links":{"self":[{"href":"http:\/\/fmriachuelo.it10.com.ar\/index.php\/wp-json\/wp\/v2\/posts\/13837","targetHints":{"allow":["GET"]}}],"collection":[{"href":"http:\/\/fmriachuelo.it10.com.ar\/index.php\/wp-json\/wp\/v2\/posts"}],"about":[{"href":"http:\/\/fmriachuelo.it10.com.ar\/index.php\/wp-json\/wp\/v2\/types\/post"}],"author":[{"embeddable":true,"href":"http:\/\/fmriachuelo.it10.com.ar\/index.php\/wp-json\/wp\/v2\/users\/5"}],"replies":[{"embeddable":true,"href":"http:\/\/fmriachuelo.it10.com.ar\/index.php\/wp-json\/wp\/v2\/comments?post=13837"}],"version-history":[{"count":1,"href":"http:\/\/fmriachuelo.it10.com.ar\/index.php\/wp-json\/wp\/v2\/posts\/13837\/revisions"}],"predecessor-version":[{"id":22661,"href":"http:\/\/fmriachuelo.it10.com.ar\/index.php\/wp-json\/wp\/v2\/posts\/13837\/revisions\/22661"}],"wp:featuredmedia":[{"embeddable":true,"href":"http:\/\/fmriachuelo.it10.com.ar\/index.php\/wp-json\/"}],"wp:attachment":[{"href":"http:\/\/fmriachuelo.it10.com.ar\/index.php\/wp-json\/wp\/v2\/media?parent=13837"}],"wp:term":[{"taxonomy":"category","embeddable":true,"href":"http:\/\/fmriachuelo.it10.com.ar\/index.php\/wp-json\/wp\/v2\/categories?post=13837"},{"taxonomy":"post_tag","embeddable":true,"href":"http:\/\/fmriachuelo.it10.com.ar\/index.php\/wp-json\/wp\/v2\/tags?post=13837"}],"curies":[{"name":"wp","href":"https:\/\/api.w.org\/{rel}","templated":true}]}}