{"id":13825,"date":"2021-08-03T15:33:44","date_gmt":"2021-08-03T15:33:44","guid":{"rendered":"http:\/\/fmriachuelo.com.ar\/?p=13825"},"modified":"2025-02-12T13:55:20","modified_gmt":"2025-02-12T16:55:20","slug":"1-de-agosto-dia-de-la-pachamama-2","status":"publish","type":"post","link":"http:\/\/fmriachuelo.it10.com.ar\/index.php\/2021\/08\/03\/1-de-agosto-dia-de-la-pachamama-2\/","title":{"rendered":"1 DE AGOSTO: DIA DE LA PACHAMAMA"},"content":{"rendered":"<div class=\"o9v6fnle cxmmr5t8 oygrvhab hcukyx3x c1et5uql ii04i59q\">\n<div dir=\"auto\"><strong>[FM Riachuelo, 3\/8\/2021] Este domingo primero de agosto tuvo lugar en diversas comunidades de la regi\u00f3n, la ancestral reivindicaci\u00f3n a la Pachamama. All\u00ed agradecemos y valoramos lo que la tierra nos brinda cada a\u00f1o de nuestras vidas<\/strong>.<\/div>\n<div dir=\"auto\"><\/div>\n<\/div>\n<div class=\"o9v6fnle cxmmr5t8 oygrvhab hcukyx3x c1et5uql ii04i59q\">\n<div dir=\"auto\">Miles de personas se re\u00fanen en sus barrios y comunidades en distintos puntos de la Patria, desde la Regi\u00f3n Andina hasta el conurbano bonaerense. FM Riachuelo se acerc\u00f3 a una de estas actividades en nuestro conurbano sur para dar cuenta de este rito que busca templar el esp\u00edritu de los Pueblos, reconociendo y homenajeando a la tan lastimada Madre Tierra.<\/div>\n<div dir=\"auto\"><\/div>\n<div dir=\"auto\"><img loading=\"lazy\" decoding=\"async\" class=\"wp-image-13826 aligncenter\" src=\"http:\/\/fmriachuelo.com.ar\/wp-content\/uploads\/2021\/08\/WhatsApp-Image-2021-08-02-at-19.06.13-300x132.jpeg\" alt=\"\" width=\"698\" height=\"307\" \/><\/div>\n<\/div>\n<div class=\"o9v6fnle cxmmr5t8 oygrvhab hcukyx3x c1et5uql ii04i59q\">\n<div dir=\"auto\">En la actividad que contamos en esta nota, fue la organizaci\u00f3n Convocatoria Segunda Independencia, acompa\u00f1ada por el Movimiento Popular Los Pibes, la que llev\u00f3 adelante su homenaje y agradecimiento a la Pacha desde Villa Dominico. En un ambiente fraterno y compa\u00f1ero, se inaugur\u00f3 el horno de barro que construyeron los compa\u00f1eros y compa\u00f1eras del espacio, compartiendo unas empanadas para comenzar el ritual.<\/div>\n<div dir=\"auto\"><\/div>\n<div dir=\"auto\"><img loading=\"lazy\" decoding=\"async\" class=\"wp-image-13828 aligncenter\" src=\"http:\/\/fmriachuelo.com.ar\/wp-content\/uploads\/2021\/08\/WhatsApp-Image-2021-08-02-at-17.04.15-300x169.jpeg\" alt=\"\" width=\"586\" height=\"330\" \/><\/div>\n<\/div>\n<div class=\"o9v6fnle cxmmr5t8 oygrvhab hcukyx3x c1et5uql ii04i59q\">\n<div dir=\"auto\">La tradici\u00f3n del sahumado, la ca\u00f1a con ruda y las ofrendas nos lleva directo a nuestros valores de lo comunitario y humano. \u00ab<em>Estas liturgias que nuestro pueblo hace todos los a\u00f1os dan fuerza. Estamos en tiempos de mucha pelea, de batallas muy importantes. Este hecho se resignifica en funci\u00f3n del momento pol\u00edtico que vivimos. Es importante renovar la fe y sembrar esperanza, porque m\u00e1s que nunca es necesario otro mundo posibl<\/em>e\u00bb, expres\u00f3 Lito Borello, secretario de DD.HH de la UTEP.<\/div>\n<\/div>\n<div dir=\"auto\"><\/div>\n<div class=\"o9v6fnle cxmmr5t8 oygrvhab hcukyx3x c1et5uql ii04i59q\">\n<div dir=\"auto\"><img loading=\"lazy\" decoding=\"async\" class=\" wp-image-13827 aligncenter\" src=\"http:\/\/fmriachuelo.com.ar\/wp-content\/uploads\/2021\/08\/WhatsApp-Image-2021-08-02-at-17.00.35-300x200.jpeg\" alt=\"\" width=\"537\" height=\"358\" \/><\/div>\n<\/div>\n<div class=\"o9v6fnle cxmmr5t8 oygrvhab hcukyx3x c1et5uql ii04i59q\">\n<div dir=\"auto\">Los Pueblos del mundo vemos como cada d\u00eda se profundiza m\u00e1s y m\u00e1s el saqueo de nuestra tierra. Vivimos en un sistema que se sostiene en un extractivismo voraz que le arranca a la Pacha m\u00e1s de lo que ella puede dar.<\/div>\n<\/div>\n<div class=\"o9v6fnle cxmmr5t8 oygrvhab hcukyx3x c1et5uql ii04i59q\">\n<div dir=\"auto\">Somos testigos del impacto ambiental en nuestros territorios: bajas hist\u00f3ricas en el R\u00edo Paran\u00e1, costas del R\u00edo de la Plata cubiertas de basura, incendios en el Amazonas y en la Patagonia, destrucci\u00f3n de humedales y sigue la lista.<\/div>\n<div dir=\"auto\"><\/div>\n<\/div>\n<div class=\"o9v6fnle cxmmr5t8 oygrvhab hcukyx3x c1et5uql ii04i59q\">\n<div dir=\"auto\">Adem\u00e1s, cada vez queda m\u00e1s claro que los principales responsables de este ecocidio son los que menos sufren las consecuencias ambientales, sociales y econ\u00f3micas que existen a causa de sus pol\u00edticas de producci\u00f3n. El Papa Francisco, as\u00ed como los Movimientos Populares de Latinoam\u00e9rica, denuncia esto frecuentemente: \u00ab<em>solo si nos damos cuenta de que nuestra verdadera riqueza son las relaciones y no los meros bienes materiales, encontramos formas alternativas de vivir en una sociedad que no est\u00e9 gobernada por el Dios del dinero, \u00eddolo que la enga\u00f1a y luego la deja m\u00e1s inhumana e injusta\u00bb<\/em>, expres\u00f3 Francisco en el a\u00f1o 2019 durante una audiencia con cooperativas en Italia.<\/div>\n<div dir=\"auto\"><\/div>\n<\/div>\n<div class=\"o9v6fnle cxmmr5t8 oygrvhab hcukyx3x c1et5uql ii04i59q\">\n<div dir=\"auto\">Debemos recordar los valores de los pueblos que nos antecedieron para lograr una armon\u00eda entre las personas y con la naturaleza. Volver a lo comunitario, a la convivencia con otros. Carina Maloberti, referente de Convocatoria Segunda Independencia, presente en la actividad en Dominico, dec\u00eda emocionada: \u00ab<em>se queman bosques y sigue naciendo un peque\u00f1o brote, se contaminan aguas y queda un peque\u00f1o lago para decirnos que es posible\u00bb<\/em>.<\/div>\n<div dir=\"auto\"><\/div>\n<div dir=\"auto\"><img loading=\"lazy\" decoding=\"async\" class=\"wp-image-13829 aligncenter\" src=\"http:\/\/fmriachuelo.com.ar\/wp-content\/uploads\/2021\/08\/WhatsApp-Image-2021-08-02-at-17.00.35-1-300x200.jpeg\" alt=\"\" width=\"509\" height=\"339\" \/><\/div>\n<\/div>\n<div class=\"o9v6fnle cxmmr5t8 oygrvhab hcukyx3x c1et5uql ii04i59q\">\n<div dir=\"auto\">Tanto en el conurbano bonaerense como en la Regi\u00f3n Andina se reafirman las rebeld\u00edas a este sistema de muerte y exclusi\u00f3n, en un momento de oportunidad de los Pueblos para lograr su soberan\u00eda. Se trata de poder aprender lo necesario para gozar de la dignidad y un buen vivir que nos proteja a todos. Respetar a la Madre Tierra es la condici\u00f3n para construir un mundo donde la humanidad y la naturaleza no corran peligro.<\/div>\n<\/div>\n","protected":false},"excerpt":{"rendered":"<p>[FM Riachuelo, 3\/8\/2021] Este domingo primero de agosto tuvo lugar en diversas comunidades de la regi\u00f3n, la ancestral reivindicaci\u00f3n a la Pachamama. All\u00ed agradecemos y valoramos lo que la tierra nos brinda cada a\u00f1o de nuestras vidas. Miles de personas se re\u00fanen en sus barrios y comunidades en distintos puntos de la Patria, desde la [&hellip;]<\/p>\n","protected":false},"author":5,"featured_media":13832,"comment_status":"closed","ping_status":"closed","sticky":false,"template":"","format":"standard","meta":{"_monsterinsights_skip_tracking":false,"_monsterinsights_sitenote_active":false,"_monsterinsights_sitenote_note":"","_monsterinsights_sitenote_category":0,"jnews-multi-image_gallery":[],"jnews_single_post":{"format":"standard"},"jnews_primary_category":[],"_joinchat":[],"footnotes":""},"categories":[58,62],"tags":[],"class_list":["post-13825","post","type-post","status-publish","format-standard","has-post-thumbnail","hentry","category-noticiariachuelo","category-religiosidad-popular"],"_links":{"self":[{"href":"http:\/\/fmriachuelo.it10.com.ar\/index.php\/wp-json\/wp\/v2\/posts\/13825","targetHints":{"allow":["GET"]}}],"collection":[{"href":"http:\/\/fmriachuelo.it10.com.ar\/index.php\/wp-json\/wp\/v2\/posts"}],"about":[{"href":"http:\/\/fmriachuelo.it10.com.ar\/index.php\/wp-json\/wp\/v2\/types\/post"}],"author":[{"embeddable":true,"href":"http:\/\/fmriachuelo.it10.com.ar\/index.php\/wp-json\/wp\/v2\/users\/5"}],"replies":[{"embeddable":true,"href":"http:\/\/fmriachuelo.it10.com.ar\/index.php\/wp-json\/wp\/v2\/comments?post=13825"}],"version-history":[{"count":1,"href":"http:\/\/fmriachuelo.it10.com.ar\/index.php\/wp-json\/wp\/v2\/posts\/13825\/revisions"}],"predecessor-version":[{"id":22662,"href":"http:\/\/fmriachuelo.it10.com.ar\/index.php\/wp-json\/wp\/v2\/posts\/13825\/revisions\/22662"}],"wp:featuredmedia":[{"embeddable":true,"href":"http:\/\/fmriachuelo.it10.com.ar\/index.php\/wp-json\/"}],"wp:attachment":[{"href":"http:\/\/fmriachuelo.it10.com.ar\/index.php\/wp-json\/wp\/v2\/media?parent=13825"}],"wp:term":[{"taxonomy":"category","embeddable":true,"href":"http:\/\/fmriachuelo.it10.com.ar\/index.php\/wp-json\/wp\/v2\/categories?post=13825"},{"taxonomy":"post_tag","embeddable":true,"href":"http:\/\/fmriachuelo.it10.com.ar\/index.php\/wp-json\/wp\/v2\/tags?post=13825"}],"curies":[{"name":"wp","href":"https:\/\/api.w.org\/{rel}","templated":true}]}}