{"id":13819,"date":"2021-08-02T23:55:51","date_gmt":"2021-08-02T23:55:51","guid":{"rendered":"http:\/\/fmriachuelo.com.ar\/?p=13819"},"modified":"2025-02-12T13:56:33","modified_gmt":"2025-02-12T16:56:33","slug":"lito-borello-el-gobierno-argentino-deberia-adoptar-una-gestualidad-concreta-con-cuba-2","status":"publish","type":"post","link":"http:\/\/fmriachuelo.it10.com.ar\/index.php\/2021\/08\/02\/lito-borello-el-gobierno-argentino-deberia-adoptar-una-gestualidad-concreta-con-cuba-2\/","title":{"rendered":"LITO BORELLO: \u201cEL GOBIERNO ARGENTINO DEBER\u00cdA ADOPTAR UNA GESTUALIDAD CONCRETA CON CUBA\u201d"},"content":{"rendered":"<p><b>[FM Riachuelo, 2\/8\/2021] En un contexto en el que se han recrudecido las pol\u00edticas imperiales que ejerce Estados Unidos sobre un pa\u00eds hermano como Cuba, Lito Borello, desde su perspectiva como secretario de Derechos Humanos de la Uni\u00f3n de Trabajadores y Trabajadoras de la Econom\u00eda Popular (UTEP), realiz\u00f3 declaraciones para la FM Riachuelo, en repudio a la injerencia norteamericana en los pa\u00edses de la regi\u00f3n, y en apoyo a la ayuda humanitaria que la isla recibe de varios pa\u00edses hermanos de la Patria Grande, como M\u00e9xico y Bolivia.<\/b><\/p>\n<p><span style=\"font-weight: 400\">As\u00ed, rescat\u00f3 el valor de esta ayuda entre pa\u00edses hermanos, que resulta auspiciosa a la hora de pensar fortalecer los lazos dentro de la regi\u00f3n latinoamericana y caribe\u00f1a: <\/span><i><span style=\"font-weight: 400\">\u201cSon hechos que indican la posibilidad que en Am\u00e9rica Latina se reestablezca una mirada con mucho m\u00e1s sentido nacional y popular, despu\u00e9s de a\u00f1os de gobiernos neoliberales que significaron un gran perjuicio para la soberan\u00eda de nuestros pa\u00edses. Hoy est\u00e1n por medio de las elecciones llegando gobiernos con una mirada de mayor autonom\u00eda, soberana y emp\u00e1tica con los intereses nacionales y populares. Es claramente una se\u00f1al a celebrar que gobiernos como el de M\u00e9xico, Bolivia o Nicaragua tengan una mirada m\u00e1s cercana a Cuba\u201d.<\/span><\/i><\/p>\n<p><span style=\"font-weight: 400\">Fue sobre esta misma l\u00ednea que se expres\u00f3 sobre la postura que deber\u00eda tomarse desde Argentina frente a esta situaci\u00f3n: <\/span><i><span style=\"font-weight: 400\">\u201cdeber\u00eda tomar ejemplo de esa mirada y ser\u00eda bueno que el gobierno, en sinton\u00eda con estas medidas regionales, adoptara una gestualidad concreta con Cuba, y a la vez se contrapusiera al bloqueo de Estados Unidos que ya es anacr\u00f3nico. Esto queda en claro porque con respecto a este hecho de bloquear a una naci\u00f3n soberana por m\u00e1s de 60 a\u00f1os s\u00f3lo tiene el apoyo de Israel\u201d.<\/span><\/i><\/p>\n<p><span style=\"font-weight: 400\">Al poner el ojo en el otro lado de la vereda, Borello brind\u00f3 una mirada sobre el rol que est\u00e1 jugando el imperio yanqui con sus medidas hostiles hacia nuestra regi\u00f3n: <\/span><i><span style=\"font-weight: 400\">\u201cEstados Unidos est\u00e1 en una batalla para retomar la hegemon\u00eda de su patio trasero, como nos llaman, por eso est\u00e1 siendo agresivo en lo econ\u00f3mico, en lo militar con una presencia abusiva e imperial. Creo que en ese sentido viene mostrando un proceso de recolonizaci\u00f3n en toda Nuestra Am\u00e9rica\u201d. <\/span><\/i><span style=\"font-weight: 400\">Por esto mismo, llam\u00f3 a los gobiernos de la regi\u00f3n a profundizar las medidas frente a esta embestida: <\/span><i><span style=\"font-weight: 400\">\u201cEs de gran importancia que nuestros gobiernos se corran de esa presi\u00f3n imperial y adopten medidas, adem\u00e1s de\u00a0 la solidaridad, y le digan al imperio que queremos ser soberanos y no vamos a tolerar intromisiones ni injerencias en las pol\u00edticas de nuestros pa\u00edses\u201d.<\/span><\/i><\/p>\n<p><span style=\"font-weight: 400\">Por \u00faltimo, reflexion\u00f3 sobre el rol que cumplen los Movimientos Populares en cuanto a estas avanzadas imperialistas, y sobre c\u00f3mo debemos expresarnos y posicionarnos: <\/span><i><span style=\"font-weight: 400\">\u201cNosotros reivindicamos lo que dice el Papa Francisco:\u00a0 los movimientos populares somos sujetos de transformaci\u00f3n. Est\u00e1 claro que la pol\u00edtica no est\u00e1 a la altura de los cambios que se necesitan hacer para modificar un paradigma de hambre, miseria y muerte; por eso debemos caminar hacia la construcci\u00f3n de proyectos de vida. En ese sentido los Movimientos Populares expresan la solidaridad en tiempos tan dif\u00edciles,\u00a0 como lo es la pandemia, pero no solamente eso, sino que marchan hacia la Econom\u00eda Popular como una alternativa al sistema extractivista y de muerte, de ese modelo que representa el imperialismo\u201d.<\/span><\/i><\/p>\n","protected":false},"excerpt":{"rendered":"<p>[FM Riachuelo, 2\/8\/2021] En un contexto en el que se han recrudecido las pol\u00edticas imperiales que ejerce Estados Unidos sobre un pa\u00eds hermano como Cuba, Lito Borello, desde su perspectiva como secretario de Derechos Humanos de la Uni\u00f3n de Trabajadores y Trabajadoras de la Econom\u00eda Popular (UTEP), realiz\u00f3 declaraciones para la FM Riachuelo, en repudio [&hellip;]<\/p>\n","protected":false},"author":5,"featured_media":13820,"comment_status":"closed","ping_status":"closed","sticky":false,"template":"","format":"standard","meta":{"_monsterinsights_skip_tracking":false,"_monsterinsights_sitenote_active":false,"_monsterinsights_sitenote_note":"","_monsterinsights_sitenote_category":0,"jnews-multi-image_gallery":[],"jnews_single_post":{"format":"standard"},"jnews_primary_category":[],"_joinchat":[],"footnotes":""},"categories":[82,58,130],"tags":[],"class_list":["post-13819","post","type-post","status-publish","format-standard","has-post-thumbnail","hentry","category-derechos-humanos","category-noticiariachuelo","category-patria-grande"],"_links":{"self":[{"href":"http:\/\/fmriachuelo.it10.com.ar\/index.php\/wp-json\/wp\/v2\/posts\/13819","targetHints":{"allow":["GET"]}}],"collection":[{"href":"http:\/\/fmriachuelo.it10.com.ar\/index.php\/wp-json\/wp\/v2\/posts"}],"about":[{"href":"http:\/\/fmriachuelo.it10.com.ar\/index.php\/wp-json\/wp\/v2\/types\/post"}],"author":[{"embeddable":true,"href":"http:\/\/fmriachuelo.it10.com.ar\/index.php\/wp-json\/wp\/v2\/users\/5"}],"replies":[{"embeddable":true,"href":"http:\/\/fmriachuelo.it10.com.ar\/index.php\/wp-json\/wp\/v2\/comments?post=13819"}],"version-history":[{"count":1,"href":"http:\/\/fmriachuelo.it10.com.ar\/index.php\/wp-json\/wp\/v2\/posts\/13819\/revisions"}],"predecessor-version":[{"id":22663,"href":"http:\/\/fmriachuelo.it10.com.ar\/index.php\/wp-json\/wp\/v2\/posts\/13819\/revisions\/22663"}],"wp:featuredmedia":[{"embeddable":true,"href":"http:\/\/fmriachuelo.it10.com.ar\/index.php\/wp-json\/"}],"wp:attachment":[{"href":"http:\/\/fmriachuelo.it10.com.ar\/index.php\/wp-json\/wp\/v2\/media?parent=13819"}],"wp:term":[{"taxonomy":"category","embeddable":true,"href":"http:\/\/fmriachuelo.it10.com.ar\/index.php\/wp-json\/wp\/v2\/categories?post=13819"},{"taxonomy":"post_tag","embeddable":true,"href":"http:\/\/fmriachuelo.it10.com.ar\/index.php\/wp-json\/wp\/v2\/tags?post=13819"}],"curies":[{"name":"wp","href":"https:\/\/api.w.org\/{rel}","templated":true}]}}