{"id":13816,"date":"2021-07-29T18:00:41","date_gmt":"2021-07-29T18:00:41","guid":{"rendered":"http:\/\/fmriachuelo.com.ar\/?p=13816"},"modified":"2025-02-12T13:58:15","modified_gmt":"2025-02-12T16:58:15","slug":"san-cayetano-la-utep-movilizara-a-plaza-de-mayo-por-tierra-techo-y-trabajo-2","status":"publish","type":"post","link":"http:\/\/fmriachuelo.it10.com.ar\/index.php\/2021\/07\/29\/san-cayetano-la-utep-movilizara-a-plaza-de-mayo-por-tierra-techo-y-trabajo-2\/","title":{"rendered":"SAN CAYETANO: LA UTEP MOVILIZAR\u00c1 A PLAZA DE MAYO POR TIERRA, TECHO Y TRABAJO"},"content":{"rendered":"<p><b>[FM Riachuelo, 29\/07\/2021]\u00a0<\/b><strong>Esta ma\u00f1ana se reuni\u00f3 la conducci\u00f3n nacional de la Uni\u00f3n de Trabajadores de la Econom\u00eda Popular (UTEP) y defini\u00f3 para el 7 de agosto, d\u00eda de San Cayetano y fecha simb\u00f3lica del movimiento de trabajadores en la Argentina, una jornada nacional de movilizaci\u00f3n que tendr\u00e1 como actividad central una multitudinaria marcha desde Liniers hasta Plaza de Mayo.<\/strong><\/p>\n<p>Al finalizar la reuni\u00f3n, Lito Borello, Secretario de Derechos Humanos de la UTEP realiz\u00f3 declaraciones a la FM Riachuelo: \u201cEs de gran importancia que est\u00e1 reuni\u00f3n de la conducci\u00f3n nacional de la UTEP haya ratificado la medida de movilizar este 7 de agosto, desde Liniers hasta Plaza de Mayo. Ser\u00e1 adem\u00e1s una jornada de car\u00e1cter nacional: quienes no puedan participar de la movilizaci\u00f3n realizar\u00e1n actividades en sus barrios y sus localidades\u201d.<\/p>\n<p>Adem\u00e1s, Borello evalu\u00f3 la importancia de la movilizaci\u00f3n desde el contexto de urgencia que atraviesan los sectores m\u00e1s humildes en el pa\u00eds: \u201cVa a ser importante que nuevamente en las calles los movimientos populares expresen el sentimiento y la necesidad de cambios urgentes y necesarios. De poner en los \u00faltimos la atenci\u00f3n y el centro de las pol\u00edticas. Seguramente nos va a acompa\u00f1ar el movimiento obrero, como tantas veces lo ha hecho, para conformar una gran jornada de lucha\u201d.<\/p>\n<p>Desde el 2015, el d\u00eda de San Cayetano moviliza cientos de miles de trabajadores de la Econom\u00eda Popular que han tomado esa fecha como puntal para motorizar la agenda de Techo, Tierra y Trabajo que el Papa Francisco nombr\u00f3 como \u201cderechos sagrados\u201d de los \u201cpoetas sociales\u201d que en el \u201csistema de descarte\u201d se inventan su propio trabajo.<\/p>\n<p><a class=\"oajrlxb2 g5ia77u1 qu0x051f esr5mh6w e9989ue4 r7d6kgcz rq0escxv nhd2j8a9 nc684nl6 p7hjln8o kvgmc6g5 cxmmr5t8 oygrvhab hcukyx3x jb3vyjys rz4wbd8a qt6c0cv9 a8nywdso i1ao9s8h esuyzwwr f1sip0of lzcic4wl q66pz984 gpro0wi8 b1v8xokw\" role=\"link\" href=\"https:\/\/www.facebook.com\/hashtag\/7deagosto?__eep__=6&amp;__cft__[0]=AZUQ7VF-zxZ2UD6HtR4Uv_yoeKAchYPnexFZ07HO3EBYS-JMGw0pqbqA1HUPMGol4Vt9M0TJZdb9TgWHPk-dUcXS8aFcn-d-wpnd4tI1JrkvjnPG6QS_5ZPwSajVB7ADXjByibkb_IX4htsEBIqynl7JHegPc9Q5OYnt7UzOIPiTpA&amp;__tn__=*NK-y-R\">#7deAgosto<\/a> <a class=\"oajrlxb2 g5ia77u1 qu0x051f esr5mh6w e9989ue4 r7d6kgcz rq0escxv nhd2j8a9 nc684nl6 p7hjln8o kvgmc6g5 cxmmr5t8 oygrvhab hcukyx3x jb3vyjys rz4wbd8a qt6c0cv9 a8nywdso i1ao9s8h esuyzwwr f1sip0of lzcic4wl q66pz984 gpro0wi8 b1v8xokw\" role=\"link\" href=\"https:\/\/www.facebook.com\/hashtag\/sancayetano?__eep__=6&amp;__cft__[0]=AZUQ7VF-zxZ2UD6HtR4Uv_yoeKAchYPnexFZ07HO3EBYS-JMGw0pqbqA1HUPMGol4Vt9M0TJZdb9TgWHPk-dUcXS8aFcn-d-wpnd4tI1JrkvjnPG6QS_5ZPwSajVB7ADXjByibkb_IX4htsEBIqynl7JHegPc9Q5OYnt7UzOIPiTpA&amp;__tn__=*NK-y-R\">#SanCayetano<\/a> <a class=\"oajrlxb2 g5ia77u1 qu0x051f esr5mh6w e9989ue4 r7d6kgcz rq0escxv nhd2j8a9 nc684nl6 p7hjln8o kvgmc6g5 cxmmr5t8 oygrvhab hcukyx3x jb3vyjys rz4wbd8a qt6c0cv9 a8nywdso i1ao9s8h esuyzwwr f1sip0of lzcic4wl q66pz984 gpro0wi8 b1v8xokw\" role=\"link\" href=\"https:\/\/www.facebook.com\/hashtag\/tierratechotrabajo?__eep__=6&amp;__cft__[0]=AZUQ7VF-zxZ2UD6HtR4Uv_yoeKAchYPnexFZ07HO3EBYS-JMGw0pqbqA1HUPMGol4Vt9M0TJZdb9TgWHPk-dUcXS8aFcn-d-wpnd4tI1JrkvjnPG6QS_5ZPwSajVB7ADXjByibkb_IX4htsEBIqynl7JHegPc9Q5OYnt7UzOIPiTpA&amp;__tn__=*NK-y-R\">#TierraTechoTrabajo<\/a><\/p>\n","protected":false},"excerpt":{"rendered":"<p>[FM Riachuelo, 29\/07\/2021]\u00a0Esta ma\u00f1ana se reuni\u00f3 la conducci\u00f3n nacional de la Uni\u00f3n de Trabajadores de la Econom\u00eda Popular (UTEP) y defini\u00f3 para el 7 de agosto, d\u00eda de San Cayetano y fecha simb\u00f3lica del movimiento de trabajadores en la Argentina, una jornada nacional de movilizaci\u00f3n que tendr\u00e1 como actividad central una multitudinaria marcha desde Liniers [&hellip;]<\/p>\n","protected":false},"author":5,"featured_media":13817,"comment_status":"closed","ping_status":"closed","sticky":false,"template":"","format":"standard","meta":{"_monsterinsights_skip_tracking":false,"_monsterinsights_sitenote_active":false,"_monsterinsights_sitenote_note":"","_monsterinsights_sitenote_category":0,"jnews-multi-image_gallery":[],"jnews_single_post":{"format":"standard"},"jnews_primary_category":[],"_joinchat":[],"footnotes":""},"categories":[78,58,74,139],"tags":[],"class_list":["post-13816","post","type-post","status-publish","format-standard","has-post-thumbnail","hentry","category-economia-popular","category-noticiariachuelo","category-san-cayetano","category-tierra-techo-y-trabajo"],"_links":{"self":[{"href":"http:\/\/fmriachuelo.it10.com.ar\/index.php\/wp-json\/wp\/v2\/posts\/13816","targetHints":{"allow":["GET"]}}],"collection":[{"href":"http:\/\/fmriachuelo.it10.com.ar\/index.php\/wp-json\/wp\/v2\/posts"}],"about":[{"href":"http:\/\/fmriachuelo.it10.com.ar\/index.php\/wp-json\/wp\/v2\/types\/post"}],"author":[{"embeddable":true,"href":"http:\/\/fmriachuelo.it10.com.ar\/index.php\/wp-json\/wp\/v2\/users\/5"}],"replies":[{"embeddable":true,"href":"http:\/\/fmriachuelo.it10.com.ar\/index.php\/wp-json\/wp\/v2\/comments?post=13816"}],"version-history":[{"count":1,"href":"http:\/\/fmriachuelo.it10.com.ar\/index.php\/wp-json\/wp\/v2\/posts\/13816\/revisions"}],"predecessor-version":[{"id":22665,"href":"http:\/\/fmriachuelo.it10.com.ar\/index.php\/wp-json\/wp\/v2\/posts\/13816\/revisions\/22665"}],"wp:featuredmedia":[{"embeddable":true,"href":"http:\/\/fmriachuelo.it10.com.ar\/index.php\/wp-json\/"}],"wp:attachment":[{"href":"http:\/\/fmriachuelo.it10.com.ar\/index.php\/wp-json\/wp\/v2\/media?parent=13816"}],"wp:term":[{"taxonomy":"category","embeddable":true,"href":"http:\/\/fmriachuelo.it10.com.ar\/index.php\/wp-json\/wp\/v2\/categories?post=13816"},{"taxonomy":"post_tag","embeddable":true,"href":"http:\/\/fmriachuelo.it10.com.ar\/index.php\/wp-json\/wp\/v2\/tags?post=13816"}],"curies":[{"name":"wp","href":"https:\/\/api.w.org\/{rel}","templated":true}]}}