{"id":13805,"date":"2021-07-28T18:04:50","date_gmt":"2021-07-28T18:04:50","guid":{"rendered":"http:\/\/fmriachuelo.com.ar\/?p=13805"},"modified":"2025-02-12T14:00:18","modified_gmt":"2025-02-12T17:00:18","slug":"encuentro-regional-migrante","status":"publish","type":"post","link":"http:\/\/fmriachuelo.it10.com.ar\/index.php\/2021\/07\/28\/encuentro-regional-migrante\/","title":{"rendered":"ENCUENTRO REGIONAL MIGRANTE"},"content":{"rendered":"<p><b>[FM Riachuelo, 28\/07\/2021] Este lunes 26 de julio se llev\u00f3 a cabo de manera virtual el \u201cEncuentro Migrante: Realidades, Desaf\u00edos y Horizontes\u201d, un espacio regional latinoamericano en donde diversas organizaciones que acompa\u00f1an y trabajan con las comunidades migrantes debatieron sobre experiencias y generaron propuestas de trabajo para el futuro.<\/b><\/p>\n<p><span style=\"font-weight: 400\">La actividad estuvo compuesta por dos momentos distintos. En el primero se expusieron algunos documentos estad\u00edsticos y se problematizaron en paneles con distintos ejes de debate. Hacia la tarde se realizaron talleres para intercambiar experiencias de trabajo con poblaciones migrantes para presentar propuestas hacia adelante. Entre los expositores destac\u00f3 la intervenci\u00f3n de Monse\u00f1or Gustavo Rodr\u00edguez Vega, Arzobispo de Yucat\u00e1n y Presidente de la Red Clamor, quien celebr\u00f3 el encuentro y expuso la necesidad de reflexionar de manera colectiva sobre esta tem\u00e1tica: <\/span><i><span style=\"font-weight: 400\">\u201cYa sabemos que aunque esta realidad ha acompa\u00f1ado siempre a la humanidad, nunca hab\u00eda tomados las enorme proporciones que hoy tiene. Sobre todo por lo que se refiere a las migraciones forzadas por la miseria, por la guerra, por la violencia e inseguridad que privan en algunas naciones de nuestro continente o a causa de fen\u00f3menos clim\u00e1ticos.\u201d<\/span><\/i><\/p>\n<p><img loading=\"lazy\" decoding=\"async\" class=\"alignright size-medium wp-image-13811\" src=\"http:\/\/fmriachuelo.com.ar\/wp-content\/uploads\/2021\/07\/lito-300x200.jpg\" alt=\"\" width=\"300\" height=\"200\" \/><\/p>\n<p><span style=\"font-weight: 400\">Lito Borello, Secretario de DD.HH. de la UTEP, fue parte de los paneles expresando a las organizaciones de la Econom\u00eda Popular, fuertemente atravesadas por la realidad y problem\u00e1ticas de los migrantes. En su intervenci\u00f3n analiz\u00f3 el contexto global y los problemas que este trae aparejado: <\/span><i><span style=\"font-weight: 400\">\u201cCreo que no se puede dividir a esta problem\u00e1tica tan fuerte de un contexto al que Francisco define como crisis integral. Una crisis que afecta no solamente a la humanidad y que la pone en peligro, sino que tambi\u00e9n pone en peligro al propio medioambiente, al planeta, a la Pachamama. Y todo esto no es ni casualidad ni mala suerte. Todo esto tiene que ver con un modelo de un capitalismo depredador, financiero, extractivista que impulsa un pu\u00f1ado de poderosos adoradores del dios dinero; y que hace imposible imaginar un futuro de paz y de democracia con estos niveles de injusticia en donde llevan adelante pol\u00edticas de descarte.\u201d<\/span><\/i><span style=\"font-weight: 400\"> Adem\u00e1s, destac\u00f3 el rol de las organizaciones populares en la construcci\u00f3n de una alternativa a esta realidad: <\/span><i><span style=\"font-weight: 400\">\u201cLa solidaridad que es la ternura de los Pueblos, es la que ha sido permanentemente un rasgo distintivo. Por eso que queda claro que la Econom\u00eda Popular que llevan adelante y promueven los Movimientos Populares no es tan solo una econom\u00eda de supervivencia. Esa vitalidad que muestran hombres y\u00a0 mujeres que ante un modelo de muerte intentamos construir la alternativa de modelos de vida.\u201d<\/span><\/i><\/p>\n<p><img loading=\"lazy\" decoding=\"async\" class=\"size-medium wp-image-13812 alignleft\" src=\"http:\/\/fmriachuelo.com.ar\/wp-content\/uploads\/2021\/07\/Dina-Sa\u0301nchez-300x200.jpeg\" alt=\"\" width=\"300\" height=\"200\" \/><\/p>\n<p><span style=\"font-weight: 400\">Por la UTEP tambi\u00e9n estuvo presente Dina S\u00e1nchez, Secretaria General Adjunta, quien concordando con el an\u00e1lisis de la coyuntura global que se ven\u00eda exponiendo denunci\u00f3 el flagelo del racismo como parte de una cultura dominante fogoneada por los aparatos medi\u00e1ticos del poder: <\/span><i><span style=\"font-weight: 400\">\u201cY esto ser\u00e1 en un mundo cada vez m\u00e1s individualista donde hay un creciente deseo de levantar muros en lugar de tender puentes entre los Pueblos. Donde las declaraciones racistas y xen\u00f3fobas son multiplicadas por los medios masivos de comunicaci\u00f3n y donde, como dice el Papa Francisco, se levantan juicios negativos para apuntar a la migraci\u00f3n como causa de todos los males.\u201d<\/span><\/i><\/p>\n<p><span style=\"font-weight: 400\">Por otro lado, se debati\u00f3 sobre los aportes de los migrantes hacia la comunidad en la que se integran. En esa l\u00ednea, la Hermana Leticia Guti\u00e9rrez Balderrama, misionera escalabriniana y especialista en temas migratorios, destac\u00f3: <\/span><i><span style=\"font-weight: 400\">\u201cPara construir esta humanidad integral, intercultural hay que tener como base que la persona sea respetada en todos sus derechos. No vale que nosotros seamos la voz de los otros, porque los otros tienen voz. Hay que dejar que ellos nos cuenten, nos narren, nos hablen. Les escuchemos, nos escuchemos.\u201d<\/span><\/i><\/p>\n<p><span style=\"font-weight: 400\">La convocatoria de este encuentro fue organizada por Red CLAMOR, Consejo Episcopal Latinoamericano (CELAM), Uni\u00f3n de Trabajadores de la Econom\u00eda Popular (UTEP), Universidad Nacional de C\u00f3rdoba (UNC), Universidad Nacional de Tres de Febrero (UNTREF), Red de Intercambio T\u00e9cnico con la Econom\u00eda Popular (RITEP), Ministerio P\u00fablico de la Defensa (CABA).<\/span><\/p>\n<p>&nbsp;<\/p>\n<p><strong><em><a href=\"https:\/\/soundcloud.com\/prensa-fm-riachuelo\/encuentro-migrante-2672021\">Pod\u00e9s escuchar el informe riachuelo ac\u00e1<\/a><\/em><\/strong><\/p>\n<p>&nbsp;<\/p>\n<p><a href=\"https:\/\/www.youtube.com\/watch?v=PqnUF1HTMUI&amp;ab_channel=BoliviaAlaireTV\"><em><strong>Pod\u00e9s ver el encuentro completo ac\u00e1<\/strong><\/em><\/a><\/p>\n<p>&nbsp;<\/p>\n","protected":false},"excerpt":{"rendered":"<p>[FM Riachuelo, 28\/07\/2021] Este lunes 26 de julio se llev\u00f3 a cabo de manera virtual el \u201cEncuentro Migrante: Realidades, Desaf\u00edos y Horizontes\u201d, un espacio regional latinoamericano en donde diversas organizaciones que acompa\u00f1an y trabajan con las comunidades migrantes debatieron sobre experiencias y generaron propuestas de trabajo para el futuro. La actividad estuvo compuesta por dos [&hellip;]<\/p>\n","protected":false},"author":5,"featured_media":13815,"comment_status":"closed","ping_status":"closed","sticky":false,"template":"","format":"standard","meta":{"_monsterinsights_skip_tracking":false,"_monsterinsights_sitenote_active":false,"_monsterinsights_sitenote_note":"","_monsterinsights_sitenote_category":0,"jnews-multi-image_gallery":[],"jnews_single_post":{"format":"standard"},"jnews_primary_category":[],"_joinchat":[],"footnotes":""},"categories":[82,58,130],"tags":[],"class_list":["post-13805","post","type-post","status-publish","format-standard","has-post-thumbnail","hentry","category-derechos-humanos","category-noticiariachuelo","category-patria-grande"],"_links":{"self":[{"href":"http:\/\/fmriachuelo.it10.com.ar\/index.php\/wp-json\/wp\/v2\/posts\/13805","targetHints":{"allow":["GET"]}}],"collection":[{"href":"http:\/\/fmriachuelo.it10.com.ar\/index.php\/wp-json\/wp\/v2\/posts"}],"about":[{"href":"http:\/\/fmriachuelo.it10.com.ar\/index.php\/wp-json\/wp\/v2\/types\/post"}],"author":[{"embeddable":true,"href":"http:\/\/fmriachuelo.it10.com.ar\/index.php\/wp-json\/wp\/v2\/users\/5"}],"replies":[{"embeddable":true,"href":"http:\/\/fmriachuelo.it10.com.ar\/index.php\/wp-json\/wp\/v2\/comments?post=13805"}],"version-history":[{"count":1,"href":"http:\/\/fmriachuelo.it10.com.ar\/index.php\/wp-json\/wp\/v2\/posts\/13805\/revisions"}],"predecessor-version":[{"id":22667,"href":"http:\/\/fmriachuelo.it10.com.ar\/index.php\/wp-json\/wp\/v2\/posts\/13805\/revisions\/22667"}],"wp:featuredmedia":[{"embeddable":true,"href":"http:\/\/fmriachuelo.it10.com.ar\/index.php\/wp-json\/"}],"wp:attachment":[{"href":"http:\/\/fmriachuelo.it10.com.ar\/index.php\/wp-json\/wp\/v2\/media?parent=13805"}],"wp:term":[{"taxonomy":"category","embeddable":true,"href":"http:\/\/fmriachuelo.it10.com.ar\/index.php\/wp-json\/wp\/v2\/categories?post=13805"},{"taxonomy":"post_tag","embeddable":true,"href":"http:\/\/fmriachuelo.it10.com.ar\/index.php\/wp-json\/wp\/v2\/tags?post=13805"}],"curies":[{"name":"wp","href":"https:\/\/api.w.org\/{rel}","templated":true}]}}