{"id":13790,"date":"2021-07-19T23:08:00","date_gmt":"2021-07-19T23:08:00","guid":{"rendered":"http:\/\/fmriachuelo.com.ar\/?p=13790"},"modified":"2025-02-12T14:54:32","modified_gmt":"2025-02-12T17:54:32","slug":"lito-borello-nicaragua-sigue-siendo-una-inspiracion-2","status":"publish","type":"post","link":"http:\/\/fmriachuelo.it10.com.ar\/index.php\/2021\/07\/19\/lito-borello-nicaragua-sigue-siendo-una-inspiracion-2\/","title":{"rendered":"LITO BORELLO: \u201cNICARAGUA SIGUE SIENDO UNA INSPIRACI\u00d3N\u201d"},"content":{"rendered":"<div class=\"I_52qC D_FY W_6D6F\">\n<div class=\"msg-body P_wpofO mq_AS\">\n<p><b><strong>[FM Riachuelo, 19\/7\/2021] <\/strong>Este 19 de julio se conmemoran 42 a\u00f1os del triunfo de la Revoluci\u00f3n Sandinista en Nicaragua. En un contexto donde el imperialismo yankee redobla sus embestidas contra los territorios del continente que reafirman una perspectiva emancipadora, FM Riachuelo convers\u00f3 con Lito Borello, Coordinador Nacional del Movimiento Popular Los Pibes de Argentina.<\/b><\/p>\n<p><b>En 1986, Borello integr\u00f3 una de las tantas Brigadas Internacionales que en los a\u00f1os 80 se movilizaron desde diversos rincones de la Patria Grande para solidarizarse de cuerpo presente con la perspectiva revolucionaria que abr\u00eda el triunfo sandinista.<\/b><\/p>\n<p><b>FMR &#8211; \u00bfA 42 a\u00f1os de la Revoluci\u00f3n Sandinista que se cumplen hoy, cu\u00e1l es el significado de esa Revoluci\u00f3n?<\/b><\/p>\n<p><b>Lito Borello<\/b><span style=\"font-weight: 400;\">: Nicaragua sigue siendo un faro en Am\u00e9rica Latina que muestra, mal que le pese al imperialismo, que sigue siendo un proceso heroico a pesar del asedio que sufre hace tantos a\u00f1os. Que construye una alternativa de sociedad frente al capitalismo salvaje, depredador, financiero y extractivista. No podemos entender la dignidad del ejemplo nicarag\u00fcense sin tomar dimensi\u00f3n de la magnitud del hostigamiento del imperialismo.<\/span><\/p>\n<p><span style=\"font-weight: 400;\">A Nicaragua le pasa como a Cuba: 60 a\u00f1os de bloqueo y a pesar de eso el pueblo cubano nuevamente se pone firme para defender esa revoluci\u00f3n. No es que no existan elementos a solucionar o para corregir, pero lo primero que hay que pensar es que es una isla y que otro pa\u00eds dif\u00edcilmente hubiese soportado este bloqueo de 60 a\u00f1os. Lo soportan por esa coherencia y dignidad rebelde que tiene el pueblo cubano.<\/span><\/p>\n<p><span style=\"font-weight: 400;\">El ejemplo de Nicaragua est\u00e1 m\u00e1s invisibilizado pero tambi\u00e9n recibe ese asedio que intenta quebrar otra \u201cantorcha\u201d revolucionaria. Que hoy reivindica 42 a\u00f1os de su hist\u00f3rico triunfo y que se sostiene construyendo una sociedad mucho m\u00e1s fraterna e igualitaria que le permite tener soberan\u00eda en su Patria.<\/span><\/p>\n<p><span style=\"font-weight: 400;\">Hoy recuerdo con emoci\u00f3n, despu\u00e9s de tantos a\u00f1os, la experiencia brigadista en Nicaragua. Tambi\u00e9n estuvo ah\u00ed nuestro compa\u00f1ero el Oso Cisneros. No es casualidad que la coherencia revolucionaria haya juntado esas historias: el Oso y Nicaragua. Y por los mismos motivos reivindicamos tambi\u00e9n la lucha que lleva adelante la Revoluci\u00f3n Bolivariana en Venezuela y todos aquellos pa\u00edses que luchan, resisten y combaten contra el hostigamiento del imperialismo. Es por esto mismo sigue teniendo total vigencia aquel clamor del Sandinismo hace 42 a\u00f1os: es necesario construir otra sociedad.<\/span><\/p>\n<p><img loading=\"lazy\" decoding=\"async\" class=\"aligncenter wp-image-13791 size-full\" src=\"http:\/\/fmriachuelo.com.ar\/wp-content\/uploads\/2021\/07\/WhatsApp-Image-2021-07-19-at-19.44.19.jpeg\" alt=\"\" width=\"700\" height=\"473\" \/><\/p>\n<p><b>FMR &#8211; \u00bfQu\u00e9 enfrentaban los revolucionarios en Nicaragua en aquel entonces y que enfrentan los Pueblos del continente hoy en d\u00eda?<\/b><\/p>\n<p><b>LB &#8211; <\/b><span style=\"font-weight: 400;\">El enemigo sigue siendo el mismo: es el imperialismo con esa garra asesina, con su apetencia de seguir teni\u00e9ndonos como su patio trasero. Ahora contin\u00faa con modos de injerencia mucho m\u00e1s sofisticados. Hay m\u00e1s perversidad y un formato de guerra integral: el discurso de la \u201cayuda humanitaria\u201d por la crisis global es un mascar\u00f3n de proa de invasiones destinadas a ocupar nuestros territorios y llevarse nuestras riquezas mientras empobrecen nuestros pueblos.<\/span><\/p>\n<p><span style=\"font-weight: 400;\">Pero la situaci\u00f3n no debe desanimarnos. As\u00ed como Ch\u00e1vez dec\u00eda que nuestra primera etapa independentista nos cost\u00f3 300 a\u00f1os de luchas, nosotros decimos que despu\u00e9s de 200 a\u00f1os Am\u00e9rica Latina recorre una segunda etapa de un nuevo tiempo emancipador. Insisto: esto se ve en la resistencia de los pueblos.<\/span><\/p>\n<p><b>FMR &#8211; \u00bfC\u00f3mo interpret\u00e1s en estos \u00faltimos meses la profundizaci\u00f3n de ese hostigamiento que sufren estas experiencias hist\u00f3ricas como las de Nicaragua o Cuba? \u00bfC\u00f3mo se responde a eso desde el movimiento popular?<\/b><\/p>\n<p><b>LB &#8211;<\/b><span style=\"font-weight: 400;\"> Como venimos diciendo, a partir de lo que el Papa Francisco planteaba junto a Evo Morales en Santa Cruz de la Sierra en el Segundo Encuentro de Movimientos Populares: este sistema no da m\u00e1s y es necesario construir otro mundo posible. Y como dicen los zapatistas un mundo donde quepan todos los mundos.<\/span><\/p>\n<p><span style=\"font-weight: 400;\">Ante tanto asedio y tanta presi\u00f3n del imperialismo contra cada uno de los pa\u00edses que intenta resistir es importante dar el presente a la hora de ser solidarios y consecuentes. Dar el saludo y plantear que esa lucha es la misma lucha en toda Am\u00e9rica Latina. Es necesario continentalizar la resistencia a esta embestida imperialista y construir la alternativa retomando banderas hist\u00f3ricas de<\/span><b> unidad continental que levantaron los patriotas como San Mart\u00edn, Artigas, Bol\u00edvar<\/b><span style=\"font-weight: 400;\"> y todos aquellos que construyeron esa primer etapa independentista. Sobre esa base debemos caminar hacia un nuevo tiempo emancipador y hacia una segunda y definitiva independencia.<\/span><\/p>\n<p><b>FMR &#8211; Volviendo a lo puntual de Nicaragua \u00bfQu\u00e9 pod\u00e9s comentar sobre la posici\u00f3n del gobierno argentino respecto de la denuncia internacional impulsada por EEUU sobre Nicaragua?<\/b><\/p>\n<p><span style=\"font-weight: 400;\"><strong>LB &#8211;<\/strong> Nosotros aspiramos a que el gobierno de Argentina no caiga en esa presi\u00f3n que a veces organizan los poderosos para que nuestros gobiernos se hinquen ante los designios imperialistas. Creemos que tanto en el caso de Cuba, como el de Venezuela y el de Nicaragua, como de cualquier pa\u00eds que intente dignamente mantener su soberan\u00eda, el gobierno argentino debe sostener una posici\u00f3n clara de la no intervenci\u00f3n. Cuando se cede a la presi\u00f3n de los imperialismos se terminan adoptando posiciones tibias o contradictorias, que en definitiva no ayudan a la lucha de nuestros pueblos.<\/span><\/p>\n<\/div>\n<\/div>\n","protected":false},"excerpt":{"rendered":"<p>[FM Riachuelo, 19\/7\/2021] Este 19 de julio se conmemoran 42 a\u00f1os del triunfo de la Revoluci\u00f3n Sandinista en Nicaragua. En un contexto donde el imperialismo yankee redobla sus embestidas contra los territorios del continente que reafirman una perspectiva emancipadora, FM Riachuelo convers\u00f3 con Lito Borello, Coordinador Nacional del Movimiento Popular Los Pibes de Argentina. En [&hellip;]<\/p>\n","protected":false},"author":5,"featured_media":13792,"comment_status":"closed","ping_status":"closed","sticky":false,"template":"","format":"standard","meta":{"_monsterinsights_skip_tracking":false,"_monsterinsights_sitenote_active":false,"_monsterinsights_sitenote_note":"","_monsterinsights_sitenote_category":0,"jnews-multi-image_gallery":[],"jnews_single_post":{"format":"standard"},"jnews_primary_category":[],"_joinchat":[],"footnotes":""},"categories":[82,63,130],"tags":[],"class_list":["post-13790","post","type-post","status-publish","format-standard","has-post-thumbnail","hentry","category-derechos-humanos","category-entrevista-riachuelo","category-patria-grande"],"_links":{"self":[{"href":"http:\/\/fmriachuelo.it10.com.ar\/index.php\/wp-json\/wp\/v2\/posts\/13790","targetHints":{"allow":["GET"]}}],"collection":[{"href":"http:\/\/fmriachuelo.it10.com.ar\/index.php\/wp-json\/wp\/v2\/posts"}],"about":[{"href":"http:\/\/fmriachuelo.it10.com.ar\/index.php\/wp-json\/wp\/v2\/types\/post"}],"author":[{"embeddable":true,"href":"http:\/\/fmriachuelo.it10.com.ar\/index.php\/wp-json\/wp\/v2\/users\/5"}],"replies":[{"embeddable":true,"href":"http:\/\/fmriachuelo.it10.com.ar\/index.php\/wp-json\/wp\/v2\/comments?post=13790"}],"version-history":[{"count":2,"href":"http:\/\/fmriachuelo.it10.com.ar\/index.php\/wp-json\/wp\/v2\/posts\/13790\/revisions"}],"predecessor-version":[{"id":22676,"href":"http:\/\/fmriachuelo.it10.com.ar\/index.php\/wp-json\/wp\/v2\/posts\/13790\/revisions\/22676"}],"wp:featuredmedia":[{"embeddable":true,"href":"http:\/\/fmriachuelo.it10.com.ar\/index.php\/wp-json\/"}],"wp:attachment":[{"href":"http:\/\/fmriachuelo.it10.com.ar\/index.php\/wp-json\/wp\/v2\/media?parent=13790"}],"wp:term":[{"taxonomy":"category","embeddable":true,"href":"http:\/\/fmriachuelo.it10.com.ar\/index.php\/wp-json\/wp\/v2\/categories?post=13790"},{"taxonomy":"post_tag","embeddable":true,"href":"http:\/\/fmriachuelo.it10.com.ar\/index.php\/wp-json\/wp\/v2\/tags?post=13790"}],"curies":[{"name":"wp","href":"https:\/\/api.w.org\/{rel}","templated":true}]}}