{"id":13775,"date":"2021-07-14T19:22:12","date_gmt":"2021-07-14T19:22:12","guid":{"rendered":"http:\/\/fmriachuelo.com.ar\/?p=13775"},"modified":"2025-02-12T14:55:57","modified_gmt":"2025-02-12T17:55:57","slug":"lito-borello-es-una-acertada-decision-que-un-companero-como-juan-contreras-llegue-a-alcalde-en-caracas","status":"publish","type":"post","link":"http:\/\/fmriachuelo.it10.com.ar\/index.php\/2021\/07\/14\/lito-borello-es-una-acertada-decision-que-un-companero-como-juan-contreras-llegue-a-alcalde-en-caracas\/","title":{"rendered":"LITO BORELLO: \u201cES UNA ACERTADA DECISI\u00d3N QUE UN COMPA\u00d1ERO COMO JUAN CONTRERAS LLEGUE A ALCALDE EN CARACAS\u201d"},"content":{"rendered":"<p><strong>[FM Riachuelo, 14\/7\/2021] En la programaci\u00f3n especial del 9 de Julio conocimos el lanzamiento de la pre-candidatura de Juan Conteras para alcalde de Caracas por el Partido Socialista Unido de Venezuela (PSUV), el partido de la Revoluci\u00f3n Bolivariana. Contreras es un militante hist\u00f3rico del combativo barrio 23 de Enero, y su organizaci\u00f3n, la Coordinadora Sim\u00f3n Bolivar, mantiene una hist\u00f3rica relaci\u00f3n de valoraciones mutuas con el Movimiento Popular Los Pibes (MPLP) de Argentina.<\/strong><\/p>\n<p>Desde ese recorrido de lucha compartido durante casi 20 a\u00f1os, Lito Borello, el Coordinador Nacional del MPLP, manifest\u00f3 su apoyo a la candidatura de Juan Contreras para las elecciones primarias del PSUV este 8 de agosto en Venezuela y reflexion\u00f3 sobre su importancia desde la perspectiva del hostigamiento creciente que el imperialismo ejerce sobre los pueblos de la Patria Grande y la necesidad de alcanzar definitivamente la liberaci\u00f3n de nuestra regi\u00f3n.<\/p>\n<p><strong><a href=\"https:\/\/ar.radiocut.fm\/audiocut\/lito-borello-es-una-acertada-decision-juan-contreras-llegue-a-alcande-en-caracas\/\">Escucha la entrevista completa<\/a><\/strong><\/p>\n","protected":false},"excerpt":{"rendered":"<p>[FM Riachuelo, 14\/7\/2021] En la programaci\u00f3n especial del 9 de Julio conocimos el lanzamiento de la pre-candidatura de Juan Conteras para alcalde de Caracas por el Partido Socialista Unido de Venezuela (PSUV), el partido de la Revoluci\u00f3n Bolivariana. Contreras es un militante hist\u00f3rico del combativo barrio 23 de Enero, y su organizaci\u00f3n, la Coordinadora Sim\u00f3n [&hellip;]<\/p>\n","protected":false},"author":5,"featured_media":13780,"comment_status":"closed","ping_status":"closed","sticky":false,"template":"","format":"standard","meta":{"_monsterinsights_skip_tracking":false,"_monsterinsights_sitenote_active":false,"_monsterinsights_sitenote_note":"","_monsterinsights_sitenote_category":0,"jnews-multi-image_gallery":[],"jnews_single_post":{"format":"standard"},"jnews_primary_category":[],"_joinchat":[],"footnotes":""},"categories":[60,130],"tags":[],"class_list":["post-13775","post","type-post","status-publish","format-standard","has-post-thumbnail","hentry","category-mirada-riachuelo","category-patria-grande"],"_links":{"self":[{"href":"http:\/\/fmriachuelo.it10.com.ar\/index.php\/wp-json\/wp\/v2\/posts\/13775","targetHints":{"allow":["GET"]}}],"collection":[{"href":"http:\/\/fmriachuelo.it10.com.ar\/index.php\/wp-json\/wp\/v2\/posts"}],"about":[{"href":"http:\/\/fmriachuelo.it10.com.ar\/index.php\/wp-json\/wp\/v2\/types\/post"}],"author":[{"embeddable":true,"href":"http:\/\/fmriachuelo.it10.com.ar\/index.php\/wp-json\/wp\/v2\/users\/5"}],"replies":[{"embeddable":true,"href":"http:\/\/fmriachuelo.it10.com.ar\/index.php\/wp-json\/wp\/v2\/comments?post=13775"}],"version-history":[{"count":3,"href":"http:\/\/fmriachuelo.it10.com.ar\/index.php\/wp-json\/wp\/v2\/posts\/13775\/revisions"}],"predecessor-version":[{"id":22678,"href":"http:\/\/fmriachuelo.it10.com.ar\/index.php\/wp-json\/wp\/v2\/posts\/13775\/revisions\/22678"}],"wp:featuredmedia":[{"embeddable":true,"href":"http:\/\/fmriachuelo.it10.com.ar\/index.php\/wp-json\/wp\/v2\/media\/13780"}],"wp:attachment":[{"href":"http:\/\/fmriachuelo.it10.com.ar\/index.php\/wp-json\/wp\/v2\/media?parent=13775"}],"wp:term":[{"taxonomy":"category","embeddable":true,"href":"http:\/\/fmriachuelo.it10.com.ar\/index.php\/wp-json\/wp\/v2\/categories?post=13775"},{"taxonomy":"post_tag","embeddable":true,"href":"http:\/\/fmriachuelo.it10.com.ar\/index.php\/wp-json\/wp\/v2\/tags?post=13775"}],"curies":[{"name":"wp","href":"https:\/\/api.w.org\/{rel}","templated":true}]}}