{"id":13763,"date":"2021-07-14T18:46:58","date_gmt":"2021-07-14T18:46:58","guid":{"rendered":"http:\/\/fmriachuelo.com.ar\/?p=13763"},"modified":"2025-02-12T14:57:13","modified_gmt":"2025-02-12T17:57:13","slug":"10-anos-de-comunicacion-popular-maraton-radial-maraton-barrial","status":"publish","type":"post","link":"http:\/\/fmriachuelo.it10.com.ar\/index.php\/2021\/07\/14\/10-anos-de-comunicacion-popular-maraton-radial-maraton-barrial\/","title":{"rendered":"10 A\u00d1OS DE COMUNICACI\u00d3N POPULAR: MARAT\u00d3N RADIAL, MARAT\u00d3N BARRIAL"},"content":{"rendered":"<p><b>[FM Riachuelo, 14\/7\/2021]\u00a0<\/b><b>APAG\u00c1 LA TELE, PREND\u00c9 LA RADIO DE TU BARRIO<\/b><\/p>\n<p><b>Hace tiempo, esta viene siendo la frase de cabecera de la FM Riachuelo, que el pasado 8 de julio cumpli\u00f3 diez a\u00f1os de comunicaci\u00f3n popular; diez a\u00f1os en la lucha del pueblo. La frase es clara: no se trata de prender \u00fanicamente la FM Riachuelo, sino de apostar a que en cada barriada se escuche la radio del barrio, y si no la hay, es una arenga para hacerla. La consigna fue comprendida y asimilada por gran parte de nuestra comunidad del barrio de La Boca que, durante la celebraci\u00f3n de nuestro cumplea\u00f1os en forma de una marat\u00f3n radial, no dud\u00f3 en hacerle honor y apropiarse de la radio de su barrio.<\/b><\/p>\n<p><span style=\"font-weight: 400\"><img loading=\"lazy\" decoding=\"async\" class=\"wp-image-13772 alignright\" src=\"http:\/\/fmriachuelo.com.ar\/wp-content\/uploads\/2021\/07\/WhatsApp-Image-2021-07-08-at-08.14.20-300x225.jpeg\" alt=\"\" width=\"427\" height=\"320\" srcset=\"http:\/\/fmriachuelo.it10.com.ar\/wp-content\/uploads\/2021\/07\/WhatsApp-Image-2021-07-08-at-08.14.20-300x225.jpeg 300w, http:\/\/fmriachuelo.it10.com.ar\/wp-content\/uploads\/2021\/07\/WhatsApp-Image-2021-07-08-at-08.14.20-1024x768.jpeg 1024w, http:\/\/fmriachuelo.it10.com.ar\/wp-content\/uploads\/2021\/07\/WhatsApp-Image-2021-07-08-at-08.14.20-768x576.jpeg 768w, http:\/\/fmriachuelo.it10.com.ar\/wp-content\/uploads\/2021\/07\/WhatsApp-Image-2021-07-08-at-08.14.20-750x563.jpeg 750w, http:\/\/fmriachuelo.it10.com.ar\/wp-content\/uploads\/2021\/07\/WhatsApp-Image-2021-07-08-at-08.14.20-1140x855.jpeg 1140w, http:\/\/fmriachuelo.it10.com.ar\/wp-content\/uploads\/2021\/07\/WhatsApp-Image-2021-07-08-at-08.14.20.jpeg 1280w\" sizes=\"auto, (max-width: 427px) 100vw, 427px\" \/><\/span><\/p>\n<p><span style=\"font-weight: 400\">8:30hs dio inici\u00f3 esta emisi\u00f3n que se extender\u00eda hasta ya asentada la noche. Para entrar en calor, junto con las compa\u00f1eras Claudia Maidana y Roxana Mauricio, volvimos a los comienzos de la FM Riachuelo, recordando el primer programa <b>Romp\u00e9 el Cerco<\/b>.<\/span><\/p>\n<p><span style=\"font-weight: 400\">Pero hubo mucho m\u00e1s: hubiera sido il\u00f3gico querer llevar a cabo un festejo en comunidad dentro de unas cuatro paredes, y por eso un m\u00f3vil recorr\u00eda el barrio y lo hac\u00eda parte de la marat\u00f3n. Se dieron, tambi\u00e9n, algunas mesas de debate y entrevistas para charlar sobre los temas que hay que charlar, en este camino de lucha en el que nuestros barrios andan para ser un poquito m\u00e1s felices. Adem\u00e1s, compartimos el aire con los programas que habitan semanalmente la FM Riachuelo, y artistas de La Boca tuvieron un lugar para mostrar su m\u00fasica, que hoy es el canal de expresi\u00f3n de las juventudes en los barrios populares. A continuaci\u00f3n, rescatamos los momentos m\u00e1s importantes de la marat\u00f3n:<\/span><\/p>\n<p><b>La radio recorre el barrio.<\/b><\/p>\n<p><span style=\"font-weight: 400\">Un m\u00f3vil recorr\u00eda distintos puntos de La Boca: las panader\u00edas de fieles oyentes como Oscar y Juan; el concurrido cruce entre Olavarr\u00eda y Palos, donde los vecinos y vecinas que pasaban participaban de las trivias y se ganaban los premios que el mismo barrio hab\u00eda regalado; organizaciones que laburan d\u00eda a d\u00eda en el territorio para mejorar la situaci\u00f3n de los sectores m\u00e1s humildes, como los merenderos y comedores que estuvieron y siguen estando en la primera l\u00ednea de combate contra la pandemia de coronavirus.<\/span><\/p>\n<p><span style=\"font-weight: 400\"><img loading=\"lazy\" decoding=\"async\" class=\"wp-image-13766 alignright\" src=\"http:\/\/fmriachuelo.com.ar\/wp-content\/uploads\/2021\/07\/WhatsApp-Image-2021-07-08-at-10.40.47-300x146.jpeg\" alt=\"\" width=\"302\" height=\"147\" srcset=\"http:\/\/fmriachuelo.it10.com.ar\/wp-content\/uploads\/2021\/07\/WhatsApp-Image-2021-07-08-at-10.40.47-300x146.jpeg 300w, http:\/\/fmriachuelo.it10.com.ar\/wp-content\/uploads\/2021\/07\/WhatsApp-Image-2021-07-08-at-10.40.47-1024x498.jpeg 1024w, http:\/\/fmriachuelo.it10.com.ar\/wp-content\/uploads\/2021\/07\/WhatsApp-Image-2021-07-08-at-10.40.47-768x373.jpeg 768w, http:\/\/fmriachuelo.it10.com.ar\/wp-content\/uploads\/2021\/07\/WhatsApp-Image-2021-07-08-at-10.40.47-750x364.jpeg 750w, http:\/\/fmriachuelo.it10.com.ar\/wp-content\/uploads\/2021\/07\/WhatsApp-Image-2021-07-08-at-10.40.47-1140x554.jpeg 1140w, http:\/\/fmriachuelo.it10.com.ar\/wp-content\/uploads\/2021\/07\/WhatsApp-Image-2021-07-08-at-10.40.47.jpeg 1280w\" sizes=\"auto, (max-width: 302px) 100vw, 302px\" \/><\/span><\/p>\n<p><span style=\"font-weight: 400\">El festejo no se priv\u00f3 de incluir el debate pol\u00edtico, tan necesario para continuar con la pr\u00e1ctica transformadora que caracteriza a nuestras barriadas. El m\u00f3vil pas\u00f3 por la sede de Mart\u00edn Rodr\u00edguez 948 del <b>Frente Popular Dar\u00edo Santill\u00e1n<\/b>, quienes mantuvieron un <b>debate sobre salud comunitaria<\/b> con los compa\u00f1eros del programa <b>Al Gran Pueblo Salud<\/b>, que se emite todos los lunes a las 19hs en el aire de la FM Riachuelo.<\/span><\/p>\n<p><span style=\"font-weight: 400\">Otras de las visitas que realiz\u00f3 el m\u00f3vil fueron al <\/span><b>Merendero Sembrando Conciencia<\/b><span style=\"font-weight: 400\"> en Palos 443; al <\/span><b>Comedor Comunitario San Jorge<\/b><span style=\"font-weight: 400\"> en Su\u00e1rez 518; y al <\/span><b>Centro Comunitario Copitos<\/b><span style=\"font-weight: 400\"> en Necochea 779, que comparti\u00f3 un momento emotivo al aire con Jorge del programa <\/span><b>Sentimiento Santafesino<\/b><span style=\"font-weight: 400\">. En cada caso se les regalaba una remera de la FM Riachuelo en reconocimiento por estar en la primera l\u00ednea de combate.<\/span><\/p>\n<p><b>Sin comunicaci\u00f3n popular, no hay comunidad organizada. Normalizaci\u00f3n ya para las radios comunitarias.<\/b><\/p>\n<p><span style=\"font-weight: 400\">No pudieron faltar, por supuesto, las reflexiones sobre el rol de la comunicaci\u00f3n popular en tiempos tan dif\u00edciles como los que corren. As\u00ed sucedi\u00f3 en las entrevistas realizadas a <\/span><b>Lito Borello<\/b><span style=\"font-weight: 400\">, coordinador nacional del <\/span><b>Movimiento Popular Los Pibes<\/b><span style=\"font-weight: 400\"> y secretario de Derechos Humanos de la <\/span><b>Uni\u00f3n de Trabajadores y Trabajadoras de la Econom\u00eda Popular (UTEP)<\/b><span style=\"font-weight: 400\">, y <\/span><b>Esteban Gringo Castro<\/b><span style=\"font-weight: 400\">, secretario general del mismo sindicato.<\/span><\/p>\n<p><span style=\"font-weight: 400\">Tambi\u00e9n era indispensable charlar sobre la urgente necesidad de la normalizaci\u00f3n de las radios comunitarias: <\/span><b>Pablo Antonini<\/b><span style=\"font-weight: 400\">, presidente del <\/span><b>Foro Argentino de Radio Comunitarias (FARCO)<\/b><span style=\"font-weight: 400\"> particip\u00f3 de esta marat\u00f3n, al igual que lo hizo <\/span><b>Juan N\u00fa\u00f1ez<\/b><span style=\"font-weight: 400\">, director de <\/span><b>FM La Milagrosa 100.9<\/b><span style=\"font-weight: 400\">, radio con la que la FM Riachuelo comparte el dial y el conflicto de hostigamiento por parte de Radio Blue 100.7, perteneciente al hegem\u00f3nico Grupo Am\u00e9rica.<\/span><\/p>\n<p><b>Una radio con identidad cultural.<\/b><\/p>\n<p><span style=\"font-weight: 400\">Distintos programas que semanalmente recorren los pasillos de la Riachuelo se hicieron cargo del aire durante un tiempo, agregando la impronta propia de cada cual a una marat\u00f3n a puro festejo. De esta manera, durante toda la emisi\u00f3n convergieron distintas identidades y visiones de la cultura popular, mientras el m\u00f3vil continuaba recorriendo el barrio y se comunicaba con el estudio.<\/span><\/p>\n<p><span style=\"font-weight: 400\">No falt\u00f3 la comunicaci\u00f3n con <\/span><b>Roxana Cainzos<\/b><span style=\"font-weight: 400\">, referente de Sembrando Conciencia y que lleva adelante la <\/span><b>Columna Sobre Violencia Institucional<\/b><span style=\"font-weight: 400\"> todos los martes, quien se encontraba en <strong>Casita Kiki Lezcano<\/strong>, y con <\/span><b>Lucas Cabello<\/b><span style=\"font-weight: 400\">, cronista deportivo de la FM Riachuelo, que dio \u00e1nimos a la para la final que posteriormente Argentina ganar\u00eda contra Brasil.<\/span><\/p>\n<p>Tambi\u00e9n recordamos a <b>Osvaldo \u201cCacho\u201d Torta<\/b>, un hist\u00f3rico militante dibujante que realiz\u00f3 la historieta <b>Chatarra, Un Compa\u00f1ero<\/b>, a quien homenajeamos con un <a href=\"https:\/\/soundcloud.com\/prensa-fm-riachuelo\/homenaje-a-chatarra\">informe sonoro<\/a>.<\/p>\n<p><b>El Enfoque <\/b><span style=\"font-weight: 400\">en las culturas, el candombe de <\/span><b>Vamo Arriba<\/b><span style=\"font-weight: 400\">, la educaci\u00f3n de <\/span><b>Hora Libre<\/b><span style=\"font-weight: 400\">, el f\u00fatbol de <\/span><b>Ho Visto Maradona<\/b><span style=\"font-weight: 400\">, el humor de <\/span><b>Nuevos Trapos<\/b><span style=\"font-weight: 400\">, el <\/span><b>Sarcasmo en la Diversidad<\/b><span style=\"font-weight: 400\">, el rap de <\/span><b>Freelosofos<\/b><span style=\"font-weight: 400\">, la frescura de <\/span><b>Ritmo y Militancia<\/b><span style=\"font-weight: 400\">, las <\/span><b>Mujeres a Punto<\/b><span style=\"font-weight: 400\">, la espiritualidad de <\/span><b>Haciendo L\u00edo<\/b><span style=\"font-weight: 400\">, el feminismo popular de <\/span><b>Que Arda<\/b><span style=\"font-weight: 400\">, fueron algunas de las improntas que estuvieron sonando durante la marat\u00f3n.<\/span><\/p>\n<p><span style=\"font-weight: 400\"><img loading=\"lazy\" decoding=\"async\" class=\"wp-image-13768 alignleft\" src=\"http:\/\/fmriachuelo.com.ar\/wp-content\/uploads\/2021\/07\/WhatsApp-Image-2021-07-08-at-16.09.57-300x169.jpeg\" alt=\"\" width=\"516\" height=\"291\" srcset=\"http:\/\/fmriachuelo.it10.com.ar\/wp-content\/uploads\/2021\/07\/WhatsApp-Image-2021-07-08-at-16.09.57-300x169.jpeg 300w, http:\/\/fmriachuelo.it10.com.ar\/wp-content\/uploads\/2021\/07\/WhatsApp-Image-2021-07-08-at-16.09.57-1024x576.jpeg 1024w, http:\/\/fmriachuelo.it10.com.ar\/wp-content\/uploads\/2021\/07\/WhatsApp-Image-2021-07-08-at-16.09.57-768x432.jpeg 768w, http:\/\/fmriachuelo.it10.com.ar\/wp-content\/uploads\/2021\/07\/WhatsApp-Image-2021-07-08-at-16.09.57-750x422.jpeg 750w, http:\/\/fmriachuelo.it10.com.ar\/wp-content\/uploads\/2021\/07\/WhatsApp-Image-2021-07-08-at-16.09.57-1140x641.jpeg 1140w, http:\/\/fmriachuelo.it10.com.ar\/wp-content\/uploads\/2021\/07\/WhatsApp-Image-2021-07-08-at-16.09.57.jpeg 1280w\" sizes=\"auto, (max-width: 516px) 100vw, 516px\" \/><\/span><\/p>\n<p><b>El arte como trinchera de lucha.<\/b><\/p>\n<p><span style=\"font-weight: 400\">Entrada la noche, la m\u00fasica de los y las artistas barriales fue tomando el protagonismo de esta marat\u00f3n: <\/span><b>El Refr\u00e1n<\/b><span style=\"font-weight: 400\">, una banda de cumbia de La Boca, realiz\u00f3 una presentaci\u00f3n en el piso de la Riachuelo -protocolos mediante- que fue transmitida desde el estudio.<\/span><\/p>\n<p><span style=\"font-weight: 400\">En el cierre qued\u00f3 demostrado que hoy el arte es una de las principales herramientas de las juventudes de nuestras barriadas para encontrar un camino distinto a la exclusi\u00f3n que propone este sistema. Fue as\u00ed que la marat\u00f3n finaliz\u00f3 con un rap desde el r\u00edo que da nombre a la radio, escrito e interpretado por los compa\u00f1eros de la columna de <\/span><b>Hip Hop de las Luchas Populares<\/b><span style=\"font-weight: 400\">, que se emite todos los mi\u00e9rcoles en el matutino <\/span><b>Mateando en el Riachuelo<\/b><span style=\"font-weight: 400\">.<\/span><\/p>\n<p><b>A modo de cierre.<\/b><\/p>\n<p><span style=\"font-weight: 400\">La solidaridad fue el motor principal de este festejo: vecinos, vecinas, emprendimientos de la Econom\u00eda Popular, locales y negocios del barrio, fueron visitados los d\u00edas anteriores por trabajadores y trabajadoras de la FM Riachuelo, que comunicaron la propuesta de que <\/span><b>\u201cla comunidad le regale a la comunidad\u201d<\/b><span style=\"font-weight: 400\">. Esta propuesta fue entendida perfectamente, y durante la marat\u00f3n, se realiz\u00f3 el <\/span><b>sorteo \u201cnadie se salva solo\u201d<\/b><span style=\"font-weight: 400\">, del que la radio s\u00f3lo ofici\u00f3 de intermediario, y llovieron los regalos del barrio para el barrio.<\/span><\/p>\n<p><span style=\"font-weight: 400\">Porque el festejo no era \u00fanicamente de la radio, <\/span><b>era un festejo de la comunidad<\/b><span style=\"font-weight: 400\">, que es la que construye d\u00eda a d\u00eda la comunicaci\u00f3n popular, y la certeza de que otro mundo es posible.<\/span><\/p>\n<p><strong>A continuaci\u00f3n, compartimos un informe sonoro que recopila las intervenciones m\u00e1s destacadas durante la marat\u00f3n. Tambi\u00e9n invitamos a escuchar la lista con cada intervenci\u00f3n y la lista con los saludos.<\/strong><\/p>\n<p><iframe loading=\"lazy\" title=\"INFORME SONORO POR LOS 10 A\u00d1OS DE LA FM RIACHUELO by FMR\" width=\"500\" height=\"400\" scrolling=\"no\" frameborder=\"no\" src=\"https:\/\/w.soundcloud.com\/player\/?visual=true&#038;url=https%3A%2F%2Fapi.soundcloud.com%2Ftracks%2F1087432222&#038;show_artwork=true&#038;maxheight=750&#038;maxwidth=500\"><\/iframe><\/p>\n<p><iframe loading=\"lazy\" title=\"08-07-2021 - DIEZ A\u00d1OS EN LA LUCHA DEL PUEBLO - MARAT\u00d3N RADIAL by FMR\" width=\"500\" height=\"450\" scrolling=\"no\" frameborder=\"no\" src=\"https:\/\/w.soundcloud.com\/player\/?visual=true&#038;url=https%3A%2F%2Fapi.soundcloud.com%2Fplaylists%2F1285416415&#038;show_artwork=true&#038;maxheight=750&#038;maxwidth=500\"><\/iframe><\/p>\n<p><iframe loading=\"lazy\" title=\"SALUDOS CUMPLE 10 A\u00d1OS DE FM RIACHUELO by FMR\" width=\"500\" height=\"450\" scrolling=\"no\" frameborder=\"no\" src=\"https:\/\/w.soundcloud.com\/player\/?visual=true&#038;url=https%3A%2F%2Fapi.soundcloud.com%2Fplaylists%2F1285358749&#038;show_artwork=true&#038;maxheight=750&#038;maxwidth=500\"><\/iframe><\/p>\n","protected":false},"excerpt":{"rendered":"<p>[FM Riachuelo, 14\/7\/2021]\u00a0APAG\u00c1 LA TELE, PREND\u00c9 LA RADIO DE TU BARRIO Hace tiempo, esta viene siendo la frase de cabecera de la FM Riachuelo, que el pasado 8 de julio cumpli\u00f3 diez a\u00f1os de comunicaci\u00f3n popular; diez a\u00f1os en la lucha del pueblo. La frase es clara: no se trata de prender \u00fanicamente la FM [&hellip;]<\/p>\n","protected":false},"author":5,"featured_media":13765,"comment_status":"closed","ping_status":"closed","sticky":false,"template":"","format":"standard","meta":{"_monsterinsights_skip_tracking":false,"_monsterinsights_sitenote_active":false,"_monsterinsights_sitenote_note":"","_monsterinsights_sitenote_category":0,"jnews-multi-image_gallery":[],"jnews_single_post":{"format":"standard"},"jnews_primary_category":[],"_joinchat":[],"footnotes":""},"categories":[141,137,59,79,77],"tags":[],"class_list":["post-13763","post","type-post","status-publish","format-standard","has-post-thumbnail","hentry","category-comunicacion-popular","category-cultura","category-informe-riachuelo","category-nadie-se-salva-solo","category-soberania"],"_links":{"self":[{"href":"http:\/\/fmriachuelo.it10.com.ar\/index.php\/wp-json\/wp\/v2\/posts\/13763","targetHints":{"allow":["GET"]}}],"collection":[{"href":"http:\/\/fmriachuelo.it10.com.ar\/index.php\/wp-json\/wp\/v2\/posts"}],"about":[{"href":"http:\/\/fmriachuelo.it10.com.ar\/index.php\/wp-json\/wp\/v2\/types\/post"}],"author":[{"embeddable":true,"href":"http:\/\/fmriachuelo.it10.com.ar\/index.php\/wp-json\/wp\/v2\/users\/5"}],"replies":[{"embeddable":true,"href":"http:\/\/fmriachuelo.it10.com.ar\/index.php\/wp-json\/wp\/v2\/comments?post=13763"}],"version-history":[{"count":1,"href":"http:\/\/fmriachuelo.it10.com.ar\/index.php\/wp-json\/wp\/v2\/posts\/13763\/revisions"}],"predecessor-version":[{"id":22680,"href":"http:\/\/fmriachuelo.it10.com.ar\/index.php\/wp-json\/wp\/v2\/posts\/13763\/revisions\/22680"}],"wp:featuredmedia":[{"embeddable":true,"href":"http:\/\/fmriachuelo.it10.com.ar\/index.php\/wp-json\/wp\/v2\/media\/13765"}],"wp:attachment":[{"href":"http:\/\/fmriachuelo.it10.com.ar\/index.php\/wp-json\/wp\/v2\/media?parent=13763"}],"wp:term":[{"taxonomy":"category","embeddable":true,"href":"http:\/\/fmriachuelo.it10.com.ar\/index.php\/wp-json\/wp\/v2\/categories?post=13763"},{"taxonomy":"post_tag","embeddable":true,"href":"http:\/\/fmriachuelo.it10.com.ar\/index.php\/wp-json\/wp\/v2\/tags?post=13763"}],"curies":[{"name":"wp","href":"https:\/\/api.w.org\/{rel}","templated":true}]}}