{"id":13733,"date":"2021-06-28T21:46:34","date_gmt":"2021-06-28T21:46:34","guid":{"rendered":"http:\/\/fmriachuelo.com.ar\/?p=13733"},"modified":"2025-02-12T15:08:14","modified_gmt":"2025-02-12T18:08:14","slug":"peregrinacion-por-la-union-nacional-la-justicia-social-y-la-fe-de-nuestros-pueblos","status":"publish","type":"post","link":"http:\/\/fmriachuelo.it10.com.ar\/index.php\/2021\/06\/28\/peregrinacion-por-la-union-nacional-la-justicia-social-y-la-fe-de-nuestros-pueblos\/","title":{"rendered":"PEREGRINACI\u00d3N POR LA UNI\u00d3N NACIONAL, LA JUSTICIA SOCIAL Y LA FE DE NUESTROS PUEBLOS"},"content":{"rendered":"<p><strong>[FM Riachuelo, 28\/6\/2021] Ma\u00f1ana a las 8hs se inicia la peregrinaci\u00f3n \u00abFrateli Tutti\u00bb, desde la bas\u00edlica de Luj\u00e1n hasta Gaspar Campos en Vicente L\u00f3pez, que fue la residencia de Juan Domingo Per\u00f3n durante su primer regreso del exilio.<\/strong><\/p>\n<p><strong>Pato<\/strong>, servidor del <strong>Movimiento Misioneros de Francisco<\/strong>, explic\u00f3 el porqu\u00e9 de esta peregrinaci\u00f3n: \u00ab<em>surge por la Providencia, y porque Per\u00f3n ten\u00eda una relaci\u00f3n muy estrecha con la virgen de Luj\u00e1n<\/em>\u00ab. Para explicar esta relaci\u00f3n, Pato cont\u00f3 que cuando exiliaron a Per\u00f3n, s\u00f3lo pidi\u00f3 llevarse una foto de Eva y una virgen de Luj\u00e1n, as\u00ed como tambi\u00e9n realizaba fiestas para la virgen en la Plaza de Mayo.<\/p>\n<p><strong><a href=\"https:\/\/ar.radiocut.fm\/audiocut\/peregrinacion-por-union-nacional-justicia-social-y-fe-nuestros-pueblos\/\">Escuch\u00e1 la entrevista completa<\/a><\/strong><\/p>\n","protected":false},"excerpt":{"rendered":"<p>[FM Riachuelo, 28\/6\/2021] Ma\u00f1ana a las 8hs se inicia la peregrinaci\u00f3n \u00abFrateli Tutti\u00bb, desde la bas\u00edlica de Luj\u00e1n hasta Gaspar Campos en Vicente L\u00f3pez, que fue la residencia de Juan Domingo Per\u00f3n durante su primer regreso del exilio. Pato, servidor del Movimiento Misioneros de Francisco, explic\u00f3 el porqu\u00e9 de esta peregrinaci\u00f3n: \u00absurge por la Providencia, [&hellip;]<\/p>\n","protected":false},"author":5,"featured_media":13734,"comment_status":"closed","ping_status":"closed","sticky":false,"template":"","format":"standard","meta":{"_monsterinsights_skip_tracking":false,"_monsterinsights_sitenote_active":false,"_monsterinsights_sitenote_note":"","_monsterinsights_sitenote_category":0,"jnews-multi-image_gallery":[],"jnews_single_post":{"format":"standard"},"jnews_primary_category":[],"_joinchat":[],"footnotes":""},"categories":[145,58,62],"tags":[],"class_list":["post-13733","post","type-post","status-publish","format-standard","has-post-thumbnail","hentry","category-movimientos-populares","category-noticiariachuelo","category-religiosidad-popular"],"_links":{"self":[{"href":"http:\/\/fmriachuelo.it10.com.ar\/index.php\/wp-json\/wp\/v2\/posts\/13733","targetHints":{"allow":["GET"]}}],"collection":[{"href":"http:\/\/fmriachuelo.it10.com.ar\/index.php\/wp-json\/wp\/v2\/posts"}],"about":[{"href":"http:\/\/fmriachuelo.it10.com.ar\/index.php\/wp-json\/wp\/v2\/types\/post"}],"author":[{"embeddable":true,"href":"http:\/\/fmriachuelo.it10.com.ar\/index.php\/wp-json\/wp\/v2\/users\/5"}],"replies":[{"embeddable":true,"href":"http:\/\/fmriachuelo.it10.com.ar\/index.php\/wp-json\/wp\/v2\/comments?post=13733"}],"version-history":[{"count":1,"href":"http:\/\/fmriachuelo.it10.com.ar\/index.php\/wp-json\/wp\/v2\/posts\/13733\/revisions"}],"predecessor-version":[{"id":22689,"href":"http:\/\/fmriachuelo.it10.com.ar\/index.php\/wp-json\/wp\/v2\/posts\/13733\/revisions\/22689"}],"wp:featuredmedia":[{"embeddable":true,"href":"http:\/\/fmriachuelo.it10.com.ar\/index.php\/wp-json\/wp\/v2\/media\/13734"}],"wp:attachment":[{"href":"http:\/\/fmriachuelo.it10.com.ar\/index.php\/wp-json\/wp\/v2\/media?parent=13733"}],"wp:term":[{"taxonomy":"category","embeddable":true,"href":"http:\/\/fmriachuelo.it10.com.ar\/index.php\/wp-json\/wp\/v2\/categories?post=13733"},{"taxonomy":"post_tag","embeddable":true,"href":"http:\/\/fmriachuelo.it10.com.ar\/index.php\/wp-json\/wp\/v2\/tags?post=13733"}],"curies":[{"name":"wp","href":"https:\/\/api.w.org\/{rel}","templated":true}]}}