{"id":13719,"date":"2021-06-28T01:30:07","date_gmt":"2021-06-28T01:30:07","guid":{"rendered":"http:\/\/fmriachuelo.com.ar\/?p=13719"},"modified":"2025-02-12T15:11:50","modified_gmt":"2025-02-12T18:11:50","slug":"por-maxi-dario-y-el-oso-cisneros","status":"publish","type":"post","link":"http:\/\/fmriachuelo.it10.com.ar\/index.php\/2021\/06\/28\/por-maxi-dario-y-el-oso-cisneros\/","title":{"rendered":"ACTO DE UTEP: POR MAXI, DARIO Y EL OSO CISNEROS"},"content":{"rendered":"<p><strong>[FM Riachuelo, 27\/06\/2021] Ayer, 26 de Junio, se realiz\u00f3 en la sede de Constituci\u00f3n de la Uni\u00f3n de Trabajadores de la Econom\u00eda Popular (UTEP) un acto en homenaje \u201cPor Maxi, Dar\u00edo y el Oso\u201d. De esta manera, organizaciones de la Econom\u00eda Popular reivindicaron la memoria y el ejemplo de Kosteki y Santill\u00e1n, asesinados en 2002 en el marco de la represi\u00f3n conocida como \u201cLa Masacre de Avellaneda\u201d, y al Oso Cisneros, militante del Movimiento Popular Los Pibes, asesinado el 25 de junio del 2004 por un sicario protegido por la Comisar\u00eda 24 de La Boca, cuando se preparaba justamente para participar de la vigilia en el Puente Pueyrred\u00f3n para homenajear a Dar\u00edo y Maxi.<\/strong><em><br \/>\n<\/em><\/p>\n<p><img loading=\"lazy\" decoding=\"async\" class=\" wp-image-13720 aligncenter\" src=\"http:\/\/fmriachuelo.com.ar\/wp-content\/uploads\/2021\/06\/WhatsApp-Image-2021-06-26-at-14.01.34-300x200.jpeg\" alt=\"\" width=\"541\" height=\"360\" srcset=\"http:\/\/fmriachuelo.it10.com.ar\/wp-content\/uploads\/2021\/06\/WhatsApp-Image-2021-06-26-at-14.01.34-300x200.jpeg 300w, http:\/\/fmriachuelo.it10.com.ar\/wp-content\/uploads\/2021\/06\/WhatsApp-Image-2021-06-26-at-14.01.34-1024x682.jpeg 1024w, http:\/\/fmriachuelo.it10.com.ar\/wp-content\/uploads\/2021\/06\/WhatsApp-Image-2021-06-26-at-14.01.34-768x512.jpeg 768w, http:\/\/fmriachuelo.it10.com.ar\/wp-content\/uploads\/2021\/06\/WhatsApp-Image-2021-06-26-at-14.01.34-750x500.jpeg 750w, http:\/\/fmriachuelo.it10.com.ar\/wp-content\/uploads\/2021\/06\/WhatsApp-Image-2021-06-26-at-14.01.34-1140x760.jpeg 1140w, http:\/\/fmriachuelo.it10.com.ar\/wp-content\/uploads\/2021\/06\/WhatsApp-Image-2021-06-26-at-14.01.34.jpeg 1280w\" sizes=\"auto, (max-width: 541px) 100vw, 541px\" \/><\/p>\n<p>La apertura del acto estuvo a cargo de <strong>Lito Borello, <\/strong>Secretario de Derechos Humanos de la UTEP y Coordinador Nacional del Movimiento Popular Los Pibes, que expres\u00f3:<em> \u00abUna tarea dif\u00edcil, una tarea compleja, poder expresar el sentimiento que tantos y tantas compa\u00f1eras sentimos cuando volvemos a recordar esta fecha. Un formato de acto <strong>homenaje y reconocimiento que cada vez m\u00e1s y siempre expresan la continuidad de ese imaginario de nuestros compa\u00f1eras representan y siguen representando, como los muertos, nuestros muertos, aquellos muertos que nunca mueren<\/strong>. Por eso en cientos de lugares hoy estar\u00e1n record\u00e1ndolos,\u00a0de una u otra manera, y reavivando el compromiso de lo que expresan esos compa\u00f1eros\u00bb<\/em><\/p>\n<p>El acto organizado por la Secretar\u00eda de Acci\u00f3n Pol\u00edtica y la Secretar\u00eda de Derechos Humanos de la UTEP cont\u00f3 con a moderaci\u00f3n Diego Quintero, del Frente 22 de Agosto, quien coordin\u00f3 las intervenciones de los oradores de la jornada: Juan Cruz Daffunchio, dirigente del Movimiento An\u00edbal Ver\u00f3n y referente del Frente 22 de agosto, Mar\u00eda Fernanda Pereyra, Secretaria de Relaciones Internacionales y Soberan\u00eda de la UTEP y miembro de la direcci\u00f3n de la Corriente de Trabajadores Desocupados An\u00edbal Ver\u00f3n, Gildo Onorato, dirigente del Movimiento Evita y Marina Joski, referente del Movimiento Popular La Dignidad Confluencia.<img loading=\"lazy\" decoding=\"async\" class=\" wp-image-13723 aligncenter\" src=\"http:\/\/fmriachuelo.com.ar\/wp-content\/uploads\/2021\/06\/WhatsApp-Image-2021-06-26-at-14.43.43-1-300x200.jpeg\" alt=\"\" width=\"540\" height=\"360\" srcset=\"http:\/\/fmriachuelo.it10.com.ar\/wp-content\/uploads\/2021\/06\/WhatsApp-Image-2021-06-26-at-14.43.43-1-300x200.jpeg 300w, http:\/\/fmriachuelo.it10.com.ar\/wp-content\/uploads\/2021\/06\/WhatsApp-Image-2021-06-26-at-14.43.43-1-1024x682.jpeg 1024w, http:\/\/fmriachuelo.it10.com.ar\/wp-content\/uploads\/2021\/06\/WhatsApp-Image-2021-06-26-at-14.43.43-1-768x512.jpeg 768w, http:\/\/fmriachuelo.it10.com.ar\/wp-content\/uploads\/2021\/06\/WhatsApp-Image-2021-06-26-at-14.43.43-1-750x500.jpeg 750w, http:\/\/fmriachuelo.it10.com.ar\/wp-content\/uploads\/2021\/06\/WhatsApp-Image-2021-06-26-at-14.43.43-1-1140x760.jpeg 1140w, http:\/\/fmriachuelo.it10.com.ar\/wp-content\/uploads\/2021\/06\/WhatsApp-Image-2021-06-26-at-14.43.43-1.jpeg 1280w\" sizes=\"auto, (max-width: 540px) 100vw, 540px\" \/><\/p>\n<p><em><br \/>\n<\/em>El cierre del acto cont\u00f3 con una emotiva intervenci\u00f3n del Secretario General de la UTEP, <strong>Esteban \u00abGringo\u00bb Castro<\/strong>, quien destac\u00f3 la figura de los compa\u00f1eros ca\u00eddos como parte de la historia de la lucha de los pueblos:<em><strong> \u00abNo hay posibilidad de hablar de la UTEP sin Maxi, Dar\u00edo y el Oso. Son muy pocos los elegidos que mueren para que otros vivan y estos tres compa\u00f1eros murieron para que otros vivan en la lucha\u00bb.<\/strong><br \/>\n<\/em><\/p>\n<p><img loading=\"lazy\" decoding=\"async\" class=\" wp-image-13724 aligncenter\" src=\"http:\/\/fmriachuelo.com.ar\/wp-content\/uploads\/2021\/06\/WhatsApp-Image-2021-06-26-at-15.15.47-300x200.jpeg\" alt=\"\" width=\"541\" height=\"360\" srcset=\"http:\/\/fmriachuelo.it10.com.ar\/wp-content\/uploads\/2021\/06\/WhatsApp-Image-2021-06-26-at-15.15.47-300x200.jpeg 300w, http:\/\/fmriachuelo.it10.com.ar\/wp-content\/uploads\/2021\/06\/WhatsApp-Image-2021-06-26-at-15.15.47-1024x682.jpeg 1024w, http:\/\/fmriachuelo.it10.com.ar\/wp-content\/uploads\/2021\/06\/WhatsApp-Image-2021-06-26-at-15.15.47-768x512.jpeg 768w, http:\/\/fmriachuelo.it10.com.ar\/wp-content\/uploads\/2021\/06\/WhatsApp-Image-2021-06-26-at-15.15.47-750x500.jpeg 750w, http:\/\/fmriachuelo.it10.com.ar\/wp-content\/uploads\/2021\/06\/WhatsApp-Image-2021-06-26-at-15.15.47-1140x760.jpeg 1140w, http:\/\/fmriachuelo.it10.com.ar\/wp-content\/uploads\/2021\/06\/WhatsApp-Image-2021-06-26-at-15.15.47.jpeg 1280w\" sizes=\"auto, (max-width: 541px) 100vw, 541px\" \/><\/p>\n<p>&nbsp;<\/p>\n<p>Durante el acto la UTEP entreg\u00f3 reconocimientos a los compa\u00f1eros y compa\u00f1eras que estuvieron presentes durante la Masacre de Avellaneda, entre ellxs, a <strong>Graciela Quintero<\/strong>. Este reconocimiento tuvo lugar ya que \u00abLa Negra\u00bb, como todos la conocen, estuvo junto a Dar\u00edo en la primera l\u00ednea de combate aquel d\u00eda<em>. \u201cAc\u00e1 hay que cambiar la historia compa\u00f1eros con la clase trabajadora a la cabeza, hay montones de f\u00e1bricas que cerraron, el gran capitalismo va cerrando, la derecha va avanzando. Pero ac\u00e1 hay huevos viejo, ac\u00e1 hay una juventud, en cada barriada hay una juventud que hay que decirle que hay que tomar conciencia de clase, que no queremos una limosnita para los pibes que no sabemos hasta cu\u00e1nto les va a durar a esa madres. <strong>Ac\u00e1 hay que darles trabajo, eso es lo que quer\u00edan Maxi y Dario, cambiar un pa\u00eds, dar vuelta la torta<\/strong>\u00ab, <\/em>expres\u00f3 \u00abLa Negra\u00bb.<\/p>\n<p>&nbsp;<\/p>\n<p><img loading=\"lazy\" decoding=\"async\" class=\" wp-image-13725 aligncenter\" src=\"http:\/\/fmriachuelo.com.ar\/wp-content\/uploads\/2021\/06\/WhatsApp-Image-2021-06-26-at-15.15.46-300x200.jpeg\" alt=\"\" width=\"541\" height=\"360\" srcset=\"http:\/\/fmriachuelo.it10.com.ar\/wp-content\/uploads\/2021\/06\/WhatsApp-Image-2021-06-26-at-15.15.46-300x200.jpeg 300w, http:\/\/fmriachuelo.it10.com.ar\/wp-content\/uploads\/2021\/06\/WhatsApp-Image-2021-06-26-at-15.15.46-1024x682.jpeg 1024w, http:\/\/fmriachuelo.it10.com.ar\/wp-content\/uploads\/2021\/06\/WhatsApp-Image-2021-06-26-at-15.15.46-768x512.jpeg 768w, http:\/\/fmriachuelo.it10.com.ar\/wp-content\/uploads\/2021\/06\/WhatsApp-Image-2021-06-26-at-15.15.46-750x500.jpeg 750w, http:\/\/fmriachuelo.it10.com.ar\/wp-content\/uploads\/2021\/06\/WhatsApp-Image-2021-06-26-at-15.15.46-1140x760.jpeg 1140w, http:\/\/fmriachuelo.it10.com.ar\/wp-content\/uploads\/2021\/06\/WhatsApp-Image-2021-06-26-at-15.15.46.jpeg 1280w\" sizes=\"auto, (max-width: 541px) 100vw, 541px\" \/><\/p>\n","protected":false},"excerpt":{"rendered":"<p>[FM Riachuelo, 27\/06\/2021] Ayer, 26 de Junio, se realiz\u00f3 en la sede de Constituci\u00f3n de la Uni\u00f3n de Trabajadores de la Econom\u00eda Popular (UTEP) un acto en homenaje \u201cPor Maxi, Dar\u00edo y el Oso\u201d. De esta manera, organizaciones de la Econom\u00eda Popular reivindicaron la memoria y el ejemplo de Kosteki y Santill\u00e1n, asesinados en 2002 [&hellip;]<\/p>\n","protected":false},"author":5,"featured_media":13721,"comment_status":"closed","ping_status":"closed","sticky":false,"template":"","format":"standard","meta":{"_monsterinsights_skip_tracking":false,"_monsterinsights_sitenote_active":false,"_monsterinsights_sitenote_note":"","_monsterinsights_sitenote_category":0,"jnews-multi-image_gallery":[],"jnews_single_post":{"format":"standard"},"jnews_primary_category":[],"_joinchat":[],"footnotes":""},"categories":[82,78,145,58],"tags":[],"class_list":["post-13719","post","type-post","status-publish","format-standard","has-post-thumbnail","hentry","category-derechos-humanos","category-economia-popular","category-movimientos-populares","category-noticiariachuelo"],"_links":{"self":[{"href":"http:\/\/fmriachuelo.it10.com.ar\/index.php\/wp-json\/wp\/v2\/posts\/13719","targetHints":{"allow":["GET"]}}],"collection":[{"href":"http:\/\/fmriachuelo.it10.com.ar\/index.php\/wp-json\/wp\/v2\/posts"}],"about":[{"href":"http:\/\/fmriachuelo.it10.com.ar\/index.php\/wp-json\/wp\/v2\/types\/post"}],"author":[{"embeddable":true,"href":"http:\/\/fmriachuelo.it10.com.ar\/index.php\/wp-json\/wp\/v2\/users\/5"}],"replies":[{"embeddable":true,"href":"http:\/\/fmriachuelo.it10.com.ar\/index.php\/wp-json\/wp\/v2\/comments?post=13719"}],"version-history":[{"count":1,"href":"http:\/\/fmriachuelo.it10.com.ar\/index.php\/wp-json\/wp\/v2\/posts\/13719\/revisions"}],"predecessor-version":[{"id":22691,"href":"http:\/\/fmriachuelo.it10.com.ar\/index.php\/wp-json\/wp\/v2\/posts\/13719\/revisions\/22691"}],"wp:featuredmedia":[{"embeddable":true,"href":"http:\/\/fmriachuelo.it10.com.ar\/index.php\/wp-json\/wp\/v2\/media\/13721"}],"wp:attachment":[{"href":"http:\/\/fmriachuelo.it10.com.ar\/index.php\/wp-json\/wp\/v2\/media?parent=13719"}],"wp:term":[{"taxonomy":"category","embeddable":true,"href":"http:\/\/fmriachuelo.it10.com.ar\/index.php\/wp-json\/wp\/v2\/categories?post=13719"},{"taxonomy":"post_tag","embeddable":true,"href":"http:\/\/fmriachuelo.it10.com.ar\/index.php\/wp-json\/wp\/v2\/tags?post=13719"}],"curies":[{"name":"wp","href":"https:\/\/api.w.org\/{rel}","templated":true}]}}