{"id":13712,"date":"2021-06-21T19:59:07","date_gmt":"2021-06-21T19:59:07","guid":{"rendered":"http:\/\/fmriachuelo.com.ar\/?p=13712"},"modified":"2025-02-12T15:23:01","modified_gmt":"2025-02-12T18:23:01","slug":"rio-parana-ya-no-hay-espacios-para-medidas-tibias","status":"publish","type":"post","link":"http:\/\/fmriachuelo.it10.com.ar\/index.php\/2021\/06\/21\/rio-parana-ya-no-hay-espacios-para-medidas-tibias\/","title":{"rendered":"R\u00cdO PARAN\u00c1: \u201cYA NO HAY ESPACIOS PARA MEDIDAS TIBIAS\u201d"},"content":{"rendered":"<p><b>[FM Riachuelo, 21\/6\/2021] Se acerca el vencimiento de la prorroga del llamado a licitaci\u00f3n para el dragado y balizamiento de la red troncal fluvial del Paran\u00e1, sin se\u00f1ales a que ese proceso se dirija hacia un camino de soberan\u00eda. Durante estos d\u00edas hubo distintas expresiones de repudio al rumbo privatizador que implica la concesi\u00f3n. Lito Borello, coordinador nacional del Movimiento Popular Los Pibes, quien se viene pronunciando sobre el tema, realiz\u00f3 declaraciones para FM Riachuelo.<\/b><\/p>\n<p><span style=\"font-weight: 400\">En sus palabras estuvo presente la necesidad de que el Estado se encargue de administrar el R\u00edo Paran\u00e1 para construir un camino de soberan\u00eda nacional: \u201c<\/span><i><span style=\"font-weight: 400\">Es un momento donde ya no hay espacio para medidas tibias. Los gobiernos est\u00e1n interpelados, porque deben tomar decisiones estructurales y los temas de la \u2018hidrov\u00eda\u2019 manejada desde el Estado, es sin dudas uno de los puntos para abrir un proceso soberano<\/span><\/i><span style=\"font-weight: 400\">\u201d.<\/span><\/p>\n<p><span style=\"font-weight: 400\">Seg\u00fan expres\u00f3 el referente, es fundamental para este proceso que exista una participaci\u00f3n activa desde los sectores de las y los trabajadores, con o sin patr\u00f3n: \u201c<\/span><i><span style=\"font-weight: 400\">Por ello es de suma importancia comprender que esta decisi\u00f3n debe ser acompa\u00f1ada por una fuerte participaci\u00f3n de los Movimientos Populares, de los trabajadores del Estado, en definitiva, de las distintas ramas que tienen que ver con este tema<\/span><\/i><span style=\"font-weight: 400\">\u201d. Tambi\u00e9n recalc\u00f3 la importancia de la participaci\u00f3n de los sectores directamente afectados por estas pol\u00edticas, como lo son los dedicados a la pesca artesanal.<\/span><\/p>\n<p><span style=\"font-weight: 400\">Borello, adem\u00e1s, dej\u00f3 en claro que la estatizaci\u00f3n ser\u00eda un paso en este camino soberano, pero que ser\u00eda insuficiente de no ser parte de un proceso m\u00e1s grande: \u201c<\/span><i><span style=\"font-weight: 400\">No alcanza para avanzar en esta conquista soberana con el poder constituido, si no existe una fuerte participaci\u00f3n de los sectores populares que enfrentan los poderes f\u00e1cticos, tanto nacionales como internacionales. Hay que hacerse fuertes desde el poder constituyente, desde las organizaciones libres del pueblo, las gremiales y los Movimientos Populares, para enfrentar el apetito voraz del Imperio<\/span><\/i><span style=\"font-weight: 400\">\u201d.<\/span><\/p>\n<p><span style=\"font-weight: 400\">Por \u00faltimo, Lito se expres\u00f3 sobre el significado que tiene esta concesi\u00f3n para los grandes desaf\u00edos hist\u00f3ricos y estrat\u00e9gicos del momento. No casualmente, el Movimiento Popular Los Pibes viene de realizar un acto en homenaje a Manuel Belgrano, donde reivindic\u00f3 el protagonismo necesario del movimiento de trabajadores y trabajadoras en las luchas por la emancipaci\u00f3n: \u201c<\/span><i><span style=\"font-weight: 400\">Este es un momento de una gran oportunidad para nuestros pueblos. Si bien estamos atravesando una contraofensiva global restauradora de los grandes poderes a nivel mundial, los pueblos de Nuestra Am\u00e9rica tenemos la oportunidad hist\u00f3rica de una segunda y definitiva Independencia. Esto sucede porque seguimos construyendo un paradigma distinto al que ofrece el capitalismo salvaje, financiero y extractivista<\/span><\/i><span style=\"font-weight: 400\">\u201d.<\/span><\/p>\n<p><strong>Si te perdiste la cobertura del homenaje a Belgrano, leela ac\u00e1:<\/strong><\/p>\n<p><strong><a href=\"http:\/\/fmriachuelo.com.ar\/blog\/2021\/06\/20\/jornada-nacional-de-homenaje-al-general-manuel-belgrano\/\" target=\"_blank\" rel=\"noopener\">JORNADA NACIONAL DE HOMENAJE AL GENERAL MANUEL BELGRANO<\/a><\/strong><\/p>\n","protected":false},"excerpt":{"rendered":"<p>[FM Riachuelo, 21\/6\/2021] Se acerca el vencimiento de la prorroga del llamado a licitaci\u00f3n para el dragado y balizamiento de la red troncal fluvial del Paran\u00e1, sin se\u00f1ales a que ese proceso se dirija hacia un camino de soberan\u00eda. Durante estos d\u00edas hubo distintas expresiones de repudio al rumbo privatizador que implica la concesi\u00f3n. Lito [&hellip;]<\/p>\n","protected":false},"author":5,"featured_media":13410,"comment_status":"closed","ping_status":"closed","sticky":false,"template":"","format":"standard","meta":{"_monsterinsights_skip_tracking":false,"_monsterinsights_sitenote_active":false,"_monsterinsights_sitenote_note":"","_monsterinsights_sitenote_category":0,"jnews-multi-image_gallery":[],"jnews_single_post":{"format":"standard"},"jnews_primary_category":[],"_joinchat":[],"footnotes":""},"categories":[58,77],"tags":[],"class_list":["post-13712","post","type-post","status-publish","format-standard","has-post-thumbnail","hentry","category-noticiariachuelo","category-soberania"],"_links":{"self":[{"href":"http:\/\/fmriachuelo.it10.com.ar\/index.php\/wp-json\/wp\/v2\/posts\/13712","targetHints":{"allow":["GET"]}}],"collection":[{"href":"http:\/\/fmriachuelo.it10.com.ar\/index.php\/wp-json\/wp\/v2\/posts"}],"about":[{"href":"http:\/\/fmriachuelo.it10.com.ar\/index.php\/wp-json\/wp\/v2\/types\/post"}],"author":[{"embeddable":true,"href":"http:\/\/fmriachuelo.it10.com.ar\/index.php\/wp-json\/wp\/v2\/users\/5"}],"replies":[{"embeddable":true,"href":"http:\/\/fmriachuelo.it10.com.ar\/index.php\/wp-json\/wp\/v2\/comments?post=13712"}],"version-history":[{"count":1,"href":"http:\/\/fmriachuelo.it10.com.ar\/index.php\/wp-json\/wp\/v2\/posts\/13712\/revisions"}],"predecessor-version":[{"id":22703,"href":"http:\/\/fmriachuelo.it10.com.ar\/index.php\/wp-json\/wp\/v2\/posts\/13712\/revisions\/22703"}],"wp:featuredmedia":[{"embeddable":true,"href":"http:\/\/fmriachuelo.it10.com.ar\/index.php\/wp-json\/"}],"wp:attachment":[{"href":"http:\/\/fmriachuelo.it10.com.ar\/index.php\/wp-json\/wp\/v2\/media?parent=13712"}],"wp:term":[{"taxonomy":"category","embeddable":true,"href":"http:\/\/fmriachuelo.it10.com.ar\/index.php\/wp-json\/wp\/v2\/categories?post=13712"},{"taxonomy":"post_tag","embeddable":true,"href":"http:\/\/fmriachuelo.it10.com.ar\/index.php\/wp-json\/wp\/v2\/tags?post=13712"}],"curies":[{"name":"wp","href":"https:\/\/api.w.org\/{rel}","templated":true}]}}