{"id":13695,"date":"2021-06-20T22:28:44","date_gmt":"2021-06-20T22:28:44","guid":{"rendered":"http:\/\/fmriachuelo.com.ar\/?p=13695"},"modified":"2025-02-12T15:25:05","modified_gmt":"2025-02-12T18:25:05","slug":"jornada-nacional-de-homenaje-al-general-manuel-belgrano","status":"publish","type":"post","link":"http:\/\/fmriachuelo.it10.com.ar\/index.php\/2021\/06\/20\/jornada-nacional-de-homenaje-al-general-manuel-belgrano\/","title":{"rendered":"JORNADA NACIONAL DE HOMENAJE AL GENERAL MANUEL BELGRANO"},"content":{"rendered":"<p><b>[FM Riachuelo, 20\/5\/2021] Esta ma\u00f1ana, el atrio de la Iglesia de Santo Domingo donde reposan los restos del General Belgrano, en el barrio de San Telmo, fue sorprendido por un homenaje que rompi\u00f3 un tanto el molde de los protocolares. Sin prisa, pero sin pausa, integrantes del Movimiento Popular Los Pibes fueron ubic\u00e1ndose junto al monumento, desplegando banderas y luciendo escarapelas al frente de sus ropas de trabajo que nombraban los emprendimientos de la Econom\u00eda Popular a los que pertenec\u00edan.\u00a0<\/b><\/p>\n<p><span style=\"font-weight: 400\">As\u00ed se fue componiendo una imagen que no deber\u00eda distar mucho de la de aquel ej\u00e9rcito popular que en la primera gesta revolucionaria e independentista comand\u00f3 Belgrano entre los valles de nuestro Norte. \u00bfEstar\u00eda pensando en algo as\u00ed el Papa Francisco cuando en la Pascua del a\u00f1o pasado nombr\u00f3 a los Movimientos Populares el \u201cej\u00e9rcito invisible\u201d que combate con la solidaridad como \u00fanica arma?<\/span><\/p>\n<p><span style=\"font-weight: 400\">Distintos referentes de Los Pibes resaltaron esta profunda identificaci\u00f3n, comprendiendo la lucha de ayer y la de hoy como una sola. As\u00ed lo expres\u00f3 <\/span><b>Mario Gonz\u00e1lez, <\/b><span style=\"font-weight: 400\">un compa\u00f1ero del Movimiento presente en el acto: \u201c<\/span><i><span style=\"font-weight: 400\">Hoy nos tenemos que sentir identificados con Manuel Belgrano, porque si vamos a otros tiempos, el mismo trabajo que estamos haciendo nosotros, los movimientos sociales, Belgrano junto con un mont\u00f3n de patriotas m\u00e1s lo hac\u00edan hace muchos a\u00f1os. Y en esos tiempos era tan dif\u00edcil crear una bandera como crear una escuela, y fue creador tambi\u00e9n de las primeras escuelas p\u00fablicas. Creo que si Blegrano viviera en nuestros tiempos, estar\u00eda ac\u00e1, al lado nuestro<\/span><\/i><span style=\"font-weight: 400\">\u201d.<\/span><\/p>\n<p><span style=\"font-weight: 400\">En la misma sinton\u00eda, <\/span><b>Lito Borello<\/b><span style=\"font-weight: 400\">, coordinador nacional del Movimiento y secretario de Derechos Humanos de la UTEP, reflexion\u00f3: \u201c<\/span><i><span style=\"font-weight: 400\">De alguna manera los Movimientos Populares son la continuidad hist\u00f3rica de aquellos luchadores que iniciaron la Patria hace muchos a\u00f1os. Nosotros nos sentimos herederos de aquella corriente de pelea en toda Am\u00e9rica Latina que durante 25 a\u00f1os se fueron liberando todas la patrias. Por lo tanto, de alguna manera es honrar el compromiso de seguir con ese imaginario, seguir peleando por los intereses de los trabajadores, de los Movimientos Populares, pero tambi\u00e9n reafirmar nuestro compromiso de una segunda y definitiva independencia<\/span><\/i><span style=\"font-weight: 400\">\u201d.<\/span><\/p>\n<p><span style=\"font-weight: 400\">El acto carg\u00f3 de emoci\u00f3n la fr\u00eda ma\u00f1ana en la esquina de Belgrano y Defensa: los feriantes de la calle Defensa se sumaron a lo largo de toda la cuadra a la entonaci\u00f3n del Himno Nacional, mientras vecinos curiosos se acercaban sorprendidos por el modo en que los militantes desfilaron y saludaron al pr\u00f3cer con las banderas de las organizaciones. En la actividad incluso confluyeron otros compa\u00f1eros que se encontraban en acciones de sendos homenajes al revolucionario Belgrano: Carino Maloberti, de Convocatoria Segunda Independencia, Gabriela Sampedro y Hugo Loschacoff del Grupo Por Soberan\u00eda-L\u00ednea Fundadora, y Ernesto, hist\u00f3rico militante del Barrio de La Boca se arrimaron a saludar el acto.<\/span><\/p>\n<p><span style=\"font-weight: 400\">El homenaje en San Telmo fue parte de una jornada nacional que Los Pibes impuls\u00f3 en todo el pa\u00eds <\/span><b>\u201cpor una Patria Libre, Justa y Soberana\u201d<\/b><span style=\"font-weight: 400\">. Las r\u00e9plicas se hicieron sentir en plazas y monumentos de otros puntos de nuestra geograf\u00eda: Avellaneda, Puerto Iguaz\u00fa, Lomas de Zamora, Concordia y La Paz en la Provincia de Entre R\u00edos, Tucum\u00e1n, Salta, Tigre, Pipinas entre otras localidades.<\/span><\/p>\n<p><b>A continuaci\u00f3n compartimos el documento que fue le\u00eddo en cada uno de estos actos:<\/b><\/p>\n<p><i><span style=\"font-weight: 400\">1820-20 de JUNIO-2021<\/span><\/i><\/p>\n<p><i><span style=\"font-weight: 400\">Honor y Gloria al gran revolucionario General Manuel Belgrano,\u00a0<\/span><\/i><\/p>\n<p><i><span style=\"font-weight: 400\">Mucho m\u00e1s que el creador de nuestra bandera: impulsaste la educaci\u00f3n popular, la industria nacional, la justa distribuci\u00f3n de las tierras y la reforma agraria, entre otras muchas cosas. Ante el Congreso de Tucum\u00e1n de 1816, que declar\u00f3 la independencia, propusiste la creaci\u00f3n de una forma de gobierno que, presidida por un Inca, expresara las ra\u00edces y la unidad de la identidad americana, india, gaucha, mestiza y negra. Una nueva sociedad basada en la solidaridad y la propiedad com\u00fan. La gran naci\u00f3n americana, la Patria Grande.<\/span><\/i><\/p>\n<p><i><span style=\"font-weight: 400\">Hoy queremos homenajearte, honrar tu memoria y tu ejemplo de lucha. Ratificar y renovar nuestro compromiso de no bajar los brazos, continuar tu legado hasta conquistar tu sue\u00f1o que tambi\u00e9n es el nuestro.<\/span><\/i><\/p>\n<p><i><span style=\"font-weight: 400\">A 201 a\u00f1os de tu siembra seguimos batallando para conquistar ese proyecto transformador y libertario que imaginaste y militaste junto a otrxs h\u00e9roes y hero\u00ednas como San Mart\u00edn, G\u00fcemes, Moreno, Castelli, Juana Azurduy, Mar\u00eda Remedios del Valle, Bol\u00edvar, Artigas y tantos otros de tu tiempo, como otros que les continuaron y tambi\u00e9n marcaron el camino, como el Che y Evita, Fidel, Ch\u00e1vez. Y tantos m\u00e1s, ocultados o denostados por el poder olig\u00e1rquico de todos los tiempos.<\/span><\/i><\/p>\n<p><i><span style=\"font-weight: 400\">Hoy, como en aquellos d\u00edas de mayo de 1810 y los que siguieron, viejos y nuevos imperios intentan repartirse el mundo a costa de la sangre y muerte de los pueblos y culturas que lo habitan.<\/span><\/i><\/p>\n<p><i><span style=\"font-weight: 400\">Hoy, como entonces, los pueblos nuestramericanos continuamos resistiendo con hero\u00edsmo a la rapi\u00f1a voraz, saqueadora y depredadora del imperialismo, de los \u201cadoradores del Dios Dinero\u201d que reformulan, una y otra vez, modelos de dominaci\u00f3n y sometimiento colonial.<\/span><\/i><\/p>\n<p><i><span style=\"font-weight: 400\">Hoy, como entonces, no faltan en nuestras patrias chicas aquellos que, ante las escandalosas injusticias y desigualdades sociales que se profundizan, se postulan como virreyes del Poder imperial. Tambi\u00e9n est\u00e1n aquellos que s\u00f3lo quieren cambios \u201cde maquillaje\u201d, pensando m\u00e1s en c\u00f3mo conservar alg\u00fan privilegio que en jug\u00e1rsela por el sue\u00f1o emancipador.<\/span><\/i><\/p>\n<p><i><span style=\"font-weight: 400\">Pero tambi\u00e9n estamos quienes desde el subsuelo de la Patria anhelamos las transformaciones de fondo que so\u00f1aste e impulsaste.<\/span><\/i><\/p>\n<p><i><span style=\"font-weight: 400\">A pesar de la compleja realidad provocada por una crisis global in\u00e9dita de este sistema capitalista, financiero, extractivista, depredador y putrefacto, nuevamente se abre, como entonces, una \u201cventana\u201d de oportunidad para un segundo tiempo emancipador en toda nuestra Am\u00e9rica.\u00a0\u00a0\u00a0<\/span><\/i><\/p>\n<p><i><span style=\"font-weight: 400\">Desde las territorialidades m\u00e1s profundas de nuestro suelo, los Movimientos Populares, ese nuevo sujeto social, nacido de la exclusi\u00f3n neoliberal, al igual que los ej\u00e9rcitos populares que comandaste, protagonizan hoy verdaderas patriadas cotidianas de solidaridad, entrega y comuni\u00f3n. Resisten la embestida de los poderosos mientras siembran las bases de una sociedad diferente. Son los \u201cEj\u00e9rcitos Invisibles\u201d que reconoce el Papa Francisco, llamados a construir y parir, desde la comunidad, un nuevo mundo, \u201cun mundo donde quepan todos los mundos\u201d y as\u00ed conquistar la Segunda y Definitiva Independencia.<\/span><\/i><\/p>\n<p><i><span style=\"font-weight: 400\">Hoy m\u00e1s que nunca, como sujetos de transformaci\u00f3n, debemos ser ejemplo de unidad, fraternidad y lucha, en memoria de los que nos precedieron y en pos de aquellos que vendr\u00e1n. Junto a las organizaciones libres del Pueblo de toda Nuestra Am\u00e9rica, debemos mostrar al mundo que \u201cnadie se salva s\u00f3lo\u201d. Y como \u201cpoetas sociales\u201d escribir un destino digno para nuestros hijos e hijas.<\/span><\/i><\/p>\n<p><i><span style=\"font-weight: 400\">Reafirmando nuestras rebeld\u00edas, construyendo las pr\u00f3ximas insurgencias.<\/span><\/i><\/p>\n<p><i><span style=\"font-weight: 400\">\u00a1Luchar hasta vencer!<\/span><\/i><\/p>\n<p><i><span style=\"font-weight: 400\">Movimiento Popular Los Pibes<\/span><\/i><\/p>\n","protected":false},"excerpt":{"rendered":"<p>[FM Riachuelo, 20\/5\/2021] Esta ma\u00f1ana, el atrio de la Iglesia de Santo Domingo donde reposan los restos del General Belgrano, en el barrio de San Telmo, fue sorprendido por un homenaje que rompi\u00f3 un tanto el molde de los protocolares. Sin prisa, pero sin pausa, integrantes del Movimiento Popular Los Pibes fueron ubic\u00e1ndose junto al [&hellip;]<\/p>\n","protected":false},"author":5,"featured_media":13705,"comment_status":"closed","ping_status":"closed","sticky":false,"template":"","format":"standard","meta":{"_monsterinsights_skip_tracking":false,"_monsterinsights_sitenote_active":false,"_monsterinsights_sitenote_note":"","_monsterinsights_sitenote_category":0,"jnews-multi-image_gallery":[],"jnews_single_post":{"format":"standard"},"jnews_primary_category":[],"_joinchat":[],"footnotes":""},"categories":[58,62,77],"tags":[],"class_list":["post-13695","post","type-post","status-publish","format-standard","has-post-thumbnail","hentry","category-noticiariachuelo","category-religiosidad-popular","category-soberania"],"_links":{"self":[{"href":"http:\/\/fmriachuelo.it10.com.ar\/index.php\/wp-json\/wp\/v2\/posts\/13695","targetHints":{"allow":["GET"]}}],"collection":[{"href":"http:\/\/fmriachuelo.it10.com.ar\/index.php\/wp-json\/wp\/v2\/posts"}],"about":[{"href":"http:\/\/fmriachuelo.it10.com.ar\/index.php\/wp-json\/wp\/v2\/types\/post"}],"author":[{"embeddable":true,"href":"http:\/\/fmriachuelo.it10.com.ar\/index.php\/wp-json\/wp\/v2\/users\/5"}],"replies":[{"embeddable":true,"href":"http:\/\/fmriachuelo.it10.com.ar\/index.php\/wp-json\/wp\/v2\/comments?post=13695"}],"version-history":[{"count":1,"href":"http:\/\/fmriachuelo.it10.com.ar\/index.php\/wp-json\/wp\/v2\/posts\/13695\/revisions"}],"predecessor-version":[{"id":22707,"href":"http:\/\/fmriachuelo.it10.com.ar\/index.php\/wp-json\/wp\/v2\/posts\/13695\/revisions\/22707"}],"wp:featuredmedia":[{"embeddable":true,"href":"http:\/\/fmriachuelo.it10.com.ar\/index.php\/wp-json\/wp\/v2\/media\/13705"}],"wp:attachment":[{"href":"http:\/\/fmriachuelo.it10.com.ar\/index.php\/wp-json\/wp\/v2\/media?parent=13695"}],"wp:term":[{"taxonomy":"category","embeddable":true,"href":"http:\/\/fmriachuelo.it10.com.ar\/index.php\/wp-json\/wp\/v2\/categories?post=13695"},{"taxonomy":"post_tag","embeddable":true,"href":"http:\/\/fmriachuelo.it10.com.ar\/index.php\/wp-json\/wp\/v2\/tags?post=13695"}],"curies":[{"name":"wp","href":"https:\/\/api.w.org\/{rel}","templated":true}]}}