{"id":13691,"date":"2021-06-20T19:37:56","date_gmt":"2021-06-20T19:37:56","guid":{"rendered":"http:\/\/fmriachuelo.com.ar\/?p=13691"},"modified":"2025-02-12T15:26:16","modified_gmt":"2025-02-12T18:26:16","slug":"democracia-de-calles-la-lucha-por-el-agua-en-puerto-iguazu","status":"publish","type":"post","link":"http:\/\/fmriachuelo.it10.com.ar\/index.php\/2021\/06\/20\/democracia-de-calles-la-lucha-por-el-agua-en-puerto-iguazu\/","title":{"rendered":"DEMOCRACIA DE CALLES: LA LUCHA POR EL AGUA EN PUERTO IGUAZ\u00da"},"content":{"rendered":"<p><b>[FM Riachuelo, 20\/6\/2021] \u00bfQu\u00e9 lugar ocupan los pueblos en un mundo donde un recurso natural como el agua se convierte en un tesoro? Hace meses que los y las habitantes de Puerto Iguaz\u00fa -una de tantas ciudades que yace sobre el Acu\u00edfero Guaran\u00ed, segunda reserva de agua potable m\u00e1s grande del mundo- se encuentran sin acceso al agua. Durante esta semana, por medio de cortes y movilizaciones de parte de organizaciones sociales y vecinales, se lleg\u00f3 a conquistar la firma de un acuerdo para el control de las obras. Otra historia de lucha ante el padecimiento, que llega de la mano de los corresponsales populares de la FM Riachuelo; otra injusticia y otra experiencia de organizaci\u00f3n popular minimizada por el poder miedi\u00e1tico.<\/b><\/p>\n<p><span style=\"font-weight: 400\">El 18 de diciembre de 2020 el mundo conoci\u00f3 una noticia que marcaba nuevamente el rumbo que est\u00e1 tomando este sistema capitalista: el agua comenz\u00f3 a cotizar en Wall Street. Un bien indispensable para la vida humana pasaba as\u00ed de ser un derecho natural, a ser un bien en manos de unos pocos privilegiados.<\/span><\/p>\n<figure id=\"attachment_13682\" aria-describedby=\"caption-attachment-13682\" style=\"width: 620px\" class=\"wp-caption aligncenter\"><img loading=\"lazy\" decoding=\"async\" class=\" wp-image-13682\" src=\"http:\/\/fmriachuelo.com.ar\/wp-content\/uploads\/2021\/06\/WhatsApp-Image-2021-06-19-at-18.02.05-1-300x135.jpeg\" alt=\"\" width=\"620\" height=\"279\" srcset=\"http:\/\/fmriachuelo.it10.com.ar\/wp-content\/uploads\/2021\/06\/WhatsApp-Image-2021-06-19-at-18.02.05-1-300x135.jpeg 300w, http:\/\/fmriachuelo.it10.com.ar\/wp-content\/uploads\/2021\/06\/WhatsApp-Image-2021-06-19-at-18.02.05-1-1024x460.jpeg 1024w, http:\/\/fmriachuelo.it10.com.ar\/wp-content\/uploads\/2021\/06\/WhatsApp-Image-2021-06-19-at-18.02.05-1-768x345.jpeg 768w, http:\/\/fmriachuelo.it10.com.ar\/wp-content\/uploads\/2021\/06\/WhatsApp-Image-2021-06-19-at-18.02.05-1-750x337.jpeg 750w, http:\/\/fmriachuelo.it10.com.ar\/wp-content\/uploads\/2021\/06\/WhatsApp-Image-2021-06-19-at-18.02.05-1.jpeg 1132w\" sizes=\"auto, (max-width: 620px) 100vw, 620px\" \/><figcaption id=\"caption-attachment-13682\" class=\"wp-caption-text\">Jornada de lucha por el acceso al agua en La Paz<\/figcaption><\/figure>\n<p><span style=\"font-weight: 400\">Se trata de nuevas evidencias claras de un sistema que pone en riesgo al propio planeta, al decir de Francisco. En estos tiempos complejos, los pueblos se ven forzados a incluir en su agenda emancipadora la lucha por un bien tan indispensable como lo es el agua. Este a\u00f1o, conocimos un primer atisbo de esta pelea: el pueblo de La Paz, Entre R\u00edos, en el D\u00eda Mundial del Agua, homenaje\u00f3 tambi\u00e9n al militante popular Mart\u00edn Cisneros con una jornada nacional de lucha que, acompa\u00f1ada por el Movimiento Popular Los Pibes, conquist\u00f3 un 22 de marzo el acceso al agua para dos barrios populares nacientes en la localidad que orilla el Paran\u00e1. Parece que aguas arriba corri\u00f3 el ejemplo de esta experiencia encabezada por el Frente Barrial Pocho Lepratti: con organizaci\u00f3n y en la calle, se conquist\u00f3 el derecho al agua.<\/span><\/p>\n<p><span style=\"font-weight: 400\">En el caso de Puerto Iguaz\u00fa, la actual sequ\u00eda de los r\u00edos Paran\u00e1 e Iguaz\u00fa es uno de los aspectos que dificulta el acceso al agua, pero no es el principal: hace m\u00e1s de veinte a\u00f1os que en la ciudad no se invierte para mejorar la infraestructura de una planta potabilizadora que data de 1810, y mientras los vecinos y las vecinas padecen la falta de agua, las autoridades del municipio miran para otro lado. \u201c<\/span><i><span style=\"font-weight: 400\">Es una decisi\u00f3n pol\u00edtica de no querer que Iguaz\u00fa est\u00e9 bien<\/span><\/i><span style=\"font-weight: 400\">\u201d, expres\u00f3 <\/span><b>Hugo Armoa<\/b><span style=\"font-weight: 400\">, referente del <\/span><b>Movimiento Activo Social y Pol\u00edtico (+MAS)<\/b><span style=\"font-weight: 400\">. Las palabras de <\/span><b>Carlos Zarza<\/b><span style=\"font-weight: 400\">, referente de la <\/span><b>Organizaci\u00f3n Huellas de Esperanza<\/b><span style=\"font-weight: 400\">, dieron cuenta de la cr\u00edtica situaci\u00f3n: \u00ab<\/span><i><span style=\"font-weight: 400\">Necesitamos la intervenci\u00f3n urgente del Gobierno Nacional, esto ya no puede seguir as\u00ed<\/span><\/i><span style=\"font-weight: 400\">\u00ab.<\/span><\/p>\n<p><span style=\"font-weight: 400\"><img loading=\"lazy\" decoding=\"async\" class=\" wp-image-13687 aligncenter\" src=\"http:\/\/fmriachuelo.com.ar\/wp-content\/uploads\/2021\/06\/WhatsApp-Image-2021-06-17-at-22.20.37-1-300x151.jpeg\" alt=\"\" width=\"606\" height=\"305\" srcset=\"http:\/\/fmriachuelo.it10.com.ar\/wp-content\/uploads\/2021\/06\/WhatsApp-Image-2021-06-17-at-22.20.37-1-300x151.jpeg 300w, http:\/\/fmriachuelo.it10.com.ar\/wp-content\/uploads\/2021\/06\/WhatsApp-Image-2021-06-17-at-22.20.37-1-1024x516.jpeg 1024w, http:\/\/fmriachuelo.it10.com.ar\/wp-content\/uploads\/2021\/06\/WhatsApp-Image-2021-06-17-at-22.20.37-1-768x387.jpeg 768w, http:\/\/fmriachuelo.it10.com.ar\/wp-content\/uploads\/2021\/06\/WhatsApp-Image-2021-06-17-at-22.20.37-1-360x180.jpeg 360w, http:\/\/fmriachuelo.it10.com.ar\/wp-content\/uploads\/2021\/06\/WhatsApp-Image-2021-06-17-at-22.20.37-1-750x378.jpeg 750w, http:\/\/fmriachuelo.it10.com.ar\/wp-content\/uploads\/2021\/06\/WhatsApp-Image-2021-06-17-at-22.20.37-1-1140x574.jpeg 1140w, http:\/\/fmriachuelo.it10.com.ar\/wp-content\/uploads\/2021\/06\/WhatsApp-Image-2021-06-17-at-22.20.37-1.jpeg 1280w\" sizes=\"auto, (max-width: 606px) 100vw, 606px\" \/>Pero el Estado llega tarde, y en los \u00faltimos a\u00f1os los pueblos han aprendido que en la mayor\u00eda de los casos, directamente no llega. Durante esta semana, hubo cortes, marchas y manifestaciones en diversos organismos del territorio, como el <\/span><b>Instituto Misionero de Agua y Saneamiento (IMAS)<\/b><span style=\"font-weight: 400\">, el <\/span><b>Iguaz\u00fa Ente Municipal de Turismo (ITUREM)<\/b><span style=\"font-weight: 400\"> y la propia intendencia, sin que el pueblo de Puerto Iguaz\u00fa fuera recibido. La noche del pasado jueves el conflicto tom\u00f3 ribetes prestados de la Semana de Mayo y el modo de los chisperos de French y Berutti. Es que vecinas y vecinos sublevados por la indiferencia municipal irrumpieron en la reuni\u00f3n del <\/span><b>Concejo Deliberante<\/b><span style=\"font-weight: 400\"> al grito de <\/span><b>\u201cqueremos agua\u201d<\/b><span style=\"font-weight: 400\">, y lograron que se firmara un compromiso para el control con participaci\u00f3n vecinal de las obras necesarias para la mejora de la provisi\u00f3n de agua potable.<\/span><\/p>\n<blockquote class=\"twitter-tweet\" data-width=\"500\" data-dnt=\"true\">\n<p lang=\"es\" dir=\"ltr\">Iguaz\u00fa. <a href=\"https:\/\/twitter.com\/hashtag\/Igauzusinagua?src=hash&amp;ref_src=twsrc%5Etfw\">#Igauzusinagua<\/a> <a href=\"https:\/\/twitter.com\/hashtag\/manifestaci%C3%B3n?src=hash&amp;ref_src=twsrc%5Etfw\">#manifestaci\u00f3n<\/a> <br \/>Vecinos irrumpieron en el Concejo Deliberante exigiendo se trate y se de respuestas a la falta de agua potable que sufre la ciudad. <a href=\"https:\/\/t.co\/9P9HSglA7Z\">pic.twitter.com\/9P9HSglA7Z<\/a><\/p>\n<p>&mdash; La Voz De Cataratas (@Lavozdecatarata) <a href=\"https:\/\/twitter.com\/Lavozdecatarata\/status\/1405681168226426884?ref_src=twsrc%5Etfw\">June 18, 2021<\/a><\/p><\/blockquote>\n<p><script async src=\"https:\/\/platform.twitter.com\/widgets.js\" charset=\"utf-8\"><\/script><\/p>\n<p><span style=\"font-weight: 400\">Amerita prestar atenci\u00f3n -desde varios lugares- c\u00f3mo ante cierta par\u00e1lisis de las instituciones, los Pueblos encuentran la manera de dar a conocer las urgencias que padecen y tambi\u00e9n proponer soluciones. Si las puertas de la democracia institucional se cierran, \u00bfNo ser\u00eda m\u00e1s f\u00e1cil abrir la puerta y dar paso a la democracia de calles que en las \u00faltimas d\u00e9cadas en el continente ha parido las mejores experiencias de dignidad y justicia para los Pueblos? \u00bfNo ser\u00e1 ah\u00ed que hay que buscar el soplo de aire fresco para democracias que necesitan ser revitalizadas para garantizar derechos frente a nuevos y urgentes flagelos sociales -agua, exclusi\u00f3n, d\u00e9ficit habitacional, entre otras cosas-? \u00bfNo brotar\u00e1 de ah\u00ed el torrente necesario para sanar un lastimado Paran\u00e1?<\/span><\/p>\n<p><span style=\"font-weight: 400\">\u201cLa \u00fanica irreal es la reja; la libertad es real\u2026\u201d, vers\u00f3 Paco Urondo en alguna oportunidad. Los pueblos lo comprenden, por eso est\u00e1n de pie, por eso ya no esperan. Porque conocen su lugar, que es el transformar este sistema excluyente, y construir un mundo donde quepan todos los mundos.<\/span><\/p>\n<p><strong>Si te perdiste la cobertura, escuchala ac\u00e1:<\/strong><\/p>\n<p><strong><a href=\"https:\/\/ar.radiocut.fm\/audiocut\/puerto-iguazu-viene-reclamando-al-gobierno-municipal-hace-dos-meses-no-tiene-agua\/\" target=\"_blank\" rel=\"noopener\">PUERTO IGUAZU VIENE RECLAMANDO AL GOBIERNO MUNICIPAL QUE HACE DOS MESES NO TIENE AGUA<\/a><\/strong><\/p>\n<p><strong><a href=\"https:\/\/ar.radiocut.fm\/audiocut\/movilizaron-en-puerto-iguazu-para-exigir-acceso-al-agua\/\" target=\"_blank\" rel=\"noopener\">MOVILIZARON EN PUERTO IGUAZ\u00da PARA EXIGIR EL ACCESO AL AGUA<\/a><\/strong><\/p>\n<p><strong><a href=\"https:\/\/ar.radiocut.fm\/audiocut\/ante-falta-respuesta-continua-crisis-hidrica-en-puerto-iguazu\/\" target=\"_blank\" rel=\"noopener\">ANTE LA FALTA DE RESPUESTA, CONTINUA LA CRISIS HIDRICA EN PUERTO IGUAZ\u00da<\/a><\/strong><\/p>\n<p><strong><a href=\"https:\/\/ar.radiocut.fm\/audiocut\/organizaciones-sociales-movilizan-al-consejo-deliberante-ante-crisis-hidrica-en-puerto-iguazu\/\" target=\"_blank\" rel=\"noopener\">ORGANIZACIONES SOCIALES MOVILIZAN AL CONSEJO DELIBERANTE ANTE CRISIS HIDRICA EN PUERTO IGUAZ\u00da<\/a><\/strong><\/p>\n","protected":false},"excerpt":{"rendered":"<p>[FM Riachuelo, 20\/6\/2021] \u00bfQu\u00e9 lugar ocupan los pueblos en un mundo donde un recurso natural como el agua se convierte en un tesoro? Hace meses que los y las habitantes de Puerto Iguaz\u00fa -una de tantas ciudades que yace sobre el Acu\u00edfero Guaran\u00ed, segunda reserva de agua potable m\u00e1s grande del mundo- se encuentran sin [&hellip;]<\/p>\n","protected":false},"author":5,"featured_media":13680,"comment_status":"closed","ping_status":"closed","sticky":false,"template":"","format":"standard","meta":{"_monsterinsights_skip_tracking":false,"_monsterinsights_sitenote_active":false,"_monsterinsights_sitenote_note":"","_monsterinsights_sitenote_category":0,"jnews-multi-image_gallery":[],"jnews_single_post":{"format":"standard"},"jnews_primary_category":[],"_joinchat":[],"footnotes":""},"categories":[82,145,77,139],"tags":[],"class_list":["post-13691","post","type-post","status-publish","format-standard","has-post-thumbnail","hentry","category-derechos-humanos","category-movimientos-populares","category-soberania","category-tierra-techo-y-trabajo"],"_links":{"self":[{"href":"http:\/\/fmriachuelo.it10.com.ar\/index.php\/wp-json\/wp\/v2\/posts\/13691","targetHints":{"allow":["GET"]}}],"collection":[{"href":"http:\/\/fmriachuelo.it10.com.ar\/index.php\/wp-json\/wp\/v2\/posts"}],"about":[{"href":"http:\/\/fmriachuelo.it10.com.ar\/index.php\/wp-json\/wp\/v2\/types\/post"}],"author":[{"embeddable":true,"href":"http:\/\/fmriachuelo.it10.com.ar\/index.php\/wp-json\/wp\/v2\/users\/5"}],"replies":[{"embeddable":true,"href":"http:\/\/fmriachuelo.it10.com.ar\/index.php\/wp-json\/wp\/v2\/comments?post=13691"}],"version-history":[{"count":1,"href":"http:\/\/fmriachuelo.it10.com.ar\/index.php\/wp-json\/wp\/v2\/posts\/13691\/revisions"}],"predecessor-version":[{"id":22709,"href":"http:\/\/fmriachuelo.it10.com.ar\/index.php\/wp-json\/wp\/v2\/posts\/13691\/revisions\/22709"}],"wp:featuredmedia":[{"embeddable":true,"href":"http:\/\/fmriachuelo.it10.com.ar\/index.php\/wp-json\/wp\/v2\/media\/13680"}],"wp:attachment":[{"href":"http:\/\/fmriachuelo.it10.com.ar\/index.php\/wp-json\/wp\/v2\/media?parent=13691"}],"wp:term":[{"taxonomy":"category","embeddable":true,"href":"http:\/\/fmriachuelo.it10.com.ar\/index.php\/wp-json\/wp\/v2\/categories?post=13691"},{"taxonomy":"post_tag","embeddable":true,"href":"http:\/\/fmriachuelo.it10.com.ar\/index.php\/wp-json\/wp\/v2\/tags?post=13691"}],"curies":[{"name":"wp","href":"https:\/\/api.w.org\/{rel}","templated":true}]}}