{"id":13664,"date":"2021-06-17T17:25:48","date_gmt":"2021-06-17T17:25:48","guid":{"rendered":"http:\/\/fmriachuelo.com.ar\/?p=13664"},"modified":"2025-02-12T15:35:43","modified_gmt":"2025-02-12T18:35:43","slug":"la-boca-otra-muerte-evitable-en-las-escuelas-portenas","status":"publish","type":"post","link":"http:\/\/fmriachuelo.it10.com.ar\/index.php\/2021\/06\/17\/la-boca-otra-muerte-evitable-en-las-escuelas-portenas\/","title":{"rendered":"LA BOCA: OTRA MUERTE EVITABLE EN LAS ESCUELAS PORTE\u00d1AS"},"content":{"rendered":"<p><strong>[FM Riachuelo, 17\/6\/2021] Ayer se realiz\u00f3 una radio abierta en Necochea 1136, en la puerta de la Escuela 14 del D.E. 4, para denunciar un nuevo caso de un trabajador de la educaci\u00f3n de la Ciudad de Buenos Aires fallecido por Covid-19. El pasado domingo 13 de junio, falleci\u00f3\u00a0 Anita Billordo, auxiliar de la escuela 14 D.E 4, del barrio de La Boca. Docentes del distrito 4 y familias de la comunidad educativa de La Boca acompa\u00f1aron el emotivo acto para despedir y recordar a Anita, conocida en el barrio, y querida por estudiantes, compa\u00f1eres de trabajo y vecines.<\/strong><\/p>\n<p>En el acto centrado en la consigna \u201c<em>Virtualidad para no enfermar\u201d, tom\u00f3 la palabra Pablo Rodriguez, docente de la escuela 14 D.E 4: \u201cEstamos ac\u00e1 luchando contra este gobierno neoliberal quien nos impone la elecci\u00f3n entre la vida y la muerte. Nos expone por una campa\u00f1a electoral, por decisiones pol\u00edticas que no nos consultan. Mientras se la pasan en los medios hablando de di\u00e1logo, y no existe el dialogo cuando el otro no escucha y nunca nos escuch\u00f3. Vemos la escuela casi vac\u00eda, todos con miedo de contagiarnos, pero la econom\u00eda y sus negocios puede m\u00e1s que la vida lamentablemente. Nosotros siempre vamos a estar resistiendo y luchando por\u00a0 el pueblo para cuidarnos y no solo por Anita si no por todos los compa\u00f1eros que siguen falleciendo y siguen padeciendo esta enfermedad. Sabemos que la virtualidad no es lo mejor pero esto es la vida y la muerte\u201d.<\/em><\/p>\n<p><img loading=\"lazy\" decoding=\"async\" class=\" wp-image-13659 alignleft\" src=\"http:\/\/fmriachuelo.com.ar\/wp-content\/uploads\/2021\/06\/WhatsApp-Image-2021-06-16-at-11.50.33-AM-300x169.jpeg\" alt=\"\" width=\"366\" height=\"206\" srcset=\"http:\/\/fmriachuelo.it10.com.ar\/wp-content\/uploads\/2021\/06\/WhatsApp-Image-2021-06-16-at-11.50.33-AM-300x169.jpeg 300w, http:\/\/fmriachuelo.it10.com.ar\/wp-content\/uploads\/2021\/06\/WhatsApp-Image-2021-06-16-at-11.50.33-AM-1024x576.jpeg 1024w, http:\/\/fmriachuelo.it10.com.ar\/wp-content\/uploads\/2021\/06\/WhatsApp-Image-2021-06-16-at-11.50.33-AM-768x432.jpeg 768w, http:\/\/fmriachuelo.it10.com.ar\/wp-content\/uploads\/2021\/06\/WhatsApp-Image-2021-06-16-at-11.50.33-AM-750x422.jpeg 750w, http:\/\/fmriachuelo.it10.com.ar\/wp-content\/uploads\/2021\/06\/WhatsApp-Image-2021-06-16-at-11.50.33-AM.jpeg 1032w\" sizes=\"auto, (max-width: 366px) 100vw, 366px\" \/>Tambi\u00e9n tom\u00f3 la palabra Soledad, otra docente de la escuela 14: <em>\u201cen nuestra comunidad la virtualidad se hace doblemente m\u00e1s dificil porque no tenemos familias y comunidad con recursos, con dispositivos y conexi\u00f3n en sus hogares. En lugar de poner el trabajo en brindar las mismas posibilidades de acceso a la educaci\u00f3n para toda nuestra poblaci\u00f3n, lo que hacen es mandarnos a la escuela, mandarnos al muere en forma presencial sin insumos. No vamos a bajar los brazos no vamos a abandonar la lucha\u201d<\/em>.<\/p>\n<p><em>\u201cEs una injusticia que Anita no est\u00e9 hoy entre nosotros. Estamos denunciando que el gobierno de la Ciudad nos obliga a la presencialidad. Nos obligan a venir a las escuelas donde no tenemos condiciones para cuidarnos\u201d<\/em>, agreg\u00f3 Ana, docente en el distrito.<\/p>\n<p>Al finalizar la Radio abierta leyeron un documento que escribieron los docentes junto a las organizaciones barriales y sindicales exigiendo el paso total a la virtualidad, desde el convencimiento que la salud y la educaci\u00f3n cuidada son prioridad en este contexto.<\/p>\n","protected":false},"excerpt":{"rendered":"<p>[FM Riachuelo, 17\/6\/2021] Ayer se realiz\u00f3 una radio abierta en Necochea 1136, en la puerta de la Escuela 14 del D.E. 4, para denunciar un nuevo caso de un trabajador de la educaci\u00f3n de la Ciudad de Buenos Aires fallecido por Covid-19. El pasado domingo 13 de junio, falleci\u00f3\u00a0 Anita Billordo, auxiliar de la escuela [&hellip;]<\/p>\n","protected":false},"author":5,"featured_media":13658,"comment_status":"closed","ping_status":"closed","sticky":false,"template":"","format":"standard","meta":{"_monsterinsights_skip_tracking":false,"_monsterinsights_sitenote_active":false,"_monsterinsights_sitenote_note":"","_monsterinsights_sitenote_category":0,"jnews-multi-image_gallery":[],"jnews_single_post":{"format":"standard"},"jnews_primary_category":[],"_joinchat":[],"footnotes":""},"categories":[82,80,58,76],"tags":[],"class_list":["post-13664","post","type-post","status-publish","format-standard","has-post-thumbnail","hentry","category-derechos-humanos","category-educacion","category-noticiariachuelo","category-salud-comunitaria"],"_links":{"self":[{"href":"http:\/\/fmriachuelo.it10.com.ar\/index.php\/wp-json\/wp\/v2\/posts\/13664","targetHints":{"allow":["GET"]}}],"collection":[{"href":"http:\/\/fmriachuelo.it10.com.ar\/index.php\/wp-json\/wp\/v2\/posts"}],"about":[{"href":"http:\/\/fmriachuelo.it10.com.ar\/index.php\/wp-json\/wp\/v2\/types\/post"}],"author":[{"embeddable":true,"href":"http:\/\/fmriachuelo.it10.com.ar\/index.php\/wp-json\/wp\/v2\/users\/5"}],"replies":[{"embeddable":true,"href":"http:\/\/fmriachuelo.it10.com.ar\/index.php\/wp-json\/wp\/v2\/comments?post=13664"}],"version-history":[{"count":1,"href":"http:\/\/fmriachuelo.it10.com.ar\/index.php\/wp-json\/wp\/v2\/posts\/13664\/revisions"}],"predecessor-version":[{"id":22723,"href":"http:\/\/fmriachuelo.it10.com.ar\/index.php\/wp-json\/wp\/v2\/posts\/13664\/revisions\/22723"}],"wp:featuredmedia":[{"embeddable":true,"href":"http:\/\/fmriachuelo.it10.com.ar\/index.php\/wp-json\/wp\/v2\/media\/13658"}],"wp:attachment":[{"href":"http:\/\/fmriachuelo.it10.com.ar\/index.php\/wp-json\/wp\/v2\/media?parent=13664"}],"wp:term":[{"taxonomy":"category","embeddable":true,"href":"http:\/\/fmriachuelo.it10.com.ar\/index.php\/wp-json\/wp\/v2\/categories?post=13664"},{"taxonomy":"post_tag","embeddable":true,"href":"http:\/\/fmriachuelo.it10.com.ar\/index.php\/wp-json\/wp\/v2\/tags?post=13664"}],"curies":[{"name":"wp","href":"https:\/\/api.w.org\/{rel}","templated":true}]}}