{"id":13651,"date":"2021-06-15T16:29:33","date_gmt":"2021-06-15T16:29:33","guid":{"rendered":"http:\/\/fmriachuelo.com.ar\/?p=13651"},"modified":"2025-02-12T15:36:45","modified_gmt":"2025-02-12T18:36:45","slug":"el-che-vive-la-lucha-sigue","status":"publish","type":"post","link":"http:\/\/fmriachuelo.it10.com.ar\/index.php\/2021\/06\/15\/el-che-vive-la-lucha-sigue\/","title":{"rendered":"EL CHE VIVE, LA LUCHA SIGUE"},"content":{"rendered":"<p><strong>[FM Riachuelo, 15\/6\/2021] Un 14 de Junio de 1928 nace Ernesto \u201cChe\u201d Guevara \u201cen la ciudad argentina de Rosario\u201d. En homenaje al Che se realiz\u00f3 una jornada con varias organizaciones record\u00e1ndolo en el que ser\u00eda su cumplea\u00f1os n\u00famero 93. La actividad se realizo en la plaza San Martin, Moreno, en memoria de su coraje contra el imperialismo opresor y honra a su nombre en nuestros ejemplos de lucha de hoy, tan necesarios para continuar su misi\u00f3n.<\/strong><\/p>\n<p>En esta actividad estuvo presente Lito Borello, secretario de Derechos Humanos UTEP, que expres\u00f3: \u201c<em>Estamos tratando de pelear por construir otro mundo posible, como dicen los zapatistas, un mundo donde quepan todo los mundos, \u00bfy que querr\u00eda el Che a los 93 a\u00f1os\u00a0 de su nacimiento? Yo creo que estar\u00edamos muy lejos de su deseo simplemente por la reuni\u00f3n conmemorativa, creo que en este tiempo las palabras ya no alcanzan, que crean un nivel de injusticias que est\u00e1 creando un sistema hegem\u00f3nico en nivel mundial que solamente reparte hambre, miserias, guerras y m\u00e1s muertes. Por lo tanto la inmensa mayor\u00eda que estamos ac\u00e1 construimos Patria, construimos Am\u00e9rica Latina construimos revoluci\u00f3n todos los d\u00edas\u201d.<\/em><\/p>\n<p><img loading=\"lazy\" decoding=\"async\" class=\" wp-image-13653 alignleft\" src=\"http:\/\/fmriachuelo.com.ar\/wp-content\/uploads\/2021\/06\/WhatsApp-Image-2021-06-14-at-1.45.19-PM-300x225.jpeg\" alt=\"\" width=\"424\" height=\"318\" srcset=\"http:\/\/fmriachuelo.it10.com.ar\/wp-content\/uploads\/2021\/06\/WhatsApp-Image-2021-06-14-at-1.45.19-PM-300x225.jpeg 300w, http:\/\/fmriachuelo.it10.com.ar\/wp-content\/uploads\/2021\/06\/WhatsApp-Image-2021-06-14-at-1.45.19-PM-1024x768.jpeg 1024w, http:\/\/fmriachuelo.it10.com.ar\/wp-content\/uploads\/2021\/06\/WhatsApp-Image-2021-06-14-at-1.45.19-PM-768x576.jpeg 768w, http:\/\/fmriachuelo.it10.com.ar\/wp-content\/uploads\/2021\/06\/WhatsApp-Image-2021-06-14-at-1.45.19-PM-750x563.jpeg 750w, http:\/\/fmriachuelo.it10.com.ar\/wp-content\/uploads\/2021\/06\/WhatsApp-Image-2021-06-14-at-1.45.19-PM.jpeg 1032w\" sizes=\"auto, (max-width: 424px) 100vw, 424px\" \/>Luego, reflexion\u00f3 sobre el mensaje de Francisco y c\u00f3mo se relaciona con la figura del Che: \u201c<em>tambi\u00e9n el Papa Francisco nos dice a los compa\u00f1eros de la econom\u00eda popular que somos poetas sociales, que nos tuvimos que inventar el trabajo, pero que tenemos un objetivo hist\u00f3rico que ser sujeto de transformaci\u00f3n, es importante entre todas las poes\u00edas que venimos escribiendo en la lucha hacer la revoluci\u00f3n, hoy ya nos es tiempo se seguir solamente conmemorando, hoy no es tiempo solamente de palabras altisonantes, hoy es tiempo de acci\u00f3n, hoy es tiempo de cargarnos la mochila al hombro y ser constructores de nuestro propio destino, nadie no nos va a venir a regalar, no va alcanzar actos conmemorativos,\u00a0 va a hacer falta hechos constitutivos de un proceso de otro mundo posible, por eso todos los d\u00edas en las ollas populares, en la cooperativa de trabajo, en la huerta comunitaria, estamos construyendo este proceso, por eso ac\u00e1 no se rinde nadie, por eso reafirmamos nuestras rebeld\u00edas y tratamos de estar construyendo las pr\u00f3ximas insurgencias<\/em>\u201d.<\/p>\n<p>Tambi\u00e9n en esta actividad estuvo presente Carina Maloberti \u201csecretaria gremial\u201d de ATE SENASA y referente de Convocatoria Segunda Independencia, que expres\u00f3: \u00ab<em>Nuestra misi\u00f3n que sigue vigente, de la liberaci\u00f3n y felicidad de nuestros pueblos contra este salvaje genocida sistema capitalista que hoy m\u00e1s que nunca nos demuestra que tenemos que luchar por un mundo mejor, por eso estamos ac\u00e1\u00a0 para que en todo Moreno, toda Argentina, toda Am\u00e9rica Latina y el mundo sepan que los hijos e hijas del pueblo, as\u00ed como un 14 de junio desde Rosario al mundo a la humanidad parimos a un guerrero para liberar nuestro pueblo, ac\u00e1 estamos sin bajar los brazos. Ac\u00e1 no se rinde nadie, al guerrillero heroico en tu aniversario as\u00ed te recordamos en cada lugar donde vive un cubano, como dijera Fidel tu condici\u00f3n de conductor son otros tantos de los rasgos que recordamos con amor, expresa la imagen del ser humano que est\u00e1 en la obra de la Patria para la transformaci\u00f3n socialista al guerrillero heroico, para ti este homenaje, que no has dejado de vivir entre nosotros<\/em>\u00ab.<\/p>\n<p>&nbsp;<\/p>\n","protected":false},"excerpt":{"rendered":"<p>[FM Riachuelo, 15\/6\/2021] Un 14 de Junio de 1928 nace Ernesto \u201cChe\u201d Guevara \u201cen la ciudad argentina de Rosario\u201d. En homenaje al Che se realiz\u00f3 una jornada con varias organizaciones record\u00e1ndolo en el que ser\u00eda su cumplea\u00f1os n\u00famero 93. La actividad se realizo en la plaza San Martin, Moreno, en memoria de su coraje contra [&hellip;]<\/p>\n","protected":false},"author":5,"featured_media":13652,"comment_status":"closed","ping_status":"closed","sticky":false,"template":"","format":"standard","meta":{"_monsterinsights_skip_tracking":false,"_monsterinsights_sitenote_active":false,"_monsterinsights_sitenote_note":"","_monsterinsights_sitenote_category":0,"jnews-multi-image_gallery":[],"jnews_single_post":{"format":"standard"},"jnews_primary_category":[],"_joinchat":[],"footnotes":""},"categories":[82,60,145],"tags":[],"class_list":["post-13651","post","type-post","status-publish","format-standard","has-post-thumbnail","hentry","category-derechos-humanos","category-mirada-riachuelo","category-movimientos-populares"],"_links":{"self":[{"href":"http:\/\/fmriachuelo.it10.com.ar\/index.php\/wp-json\/wp\/v2\/posts\/13651","targetHints":{"allow":["GET"]}}],"collection":[{"href":"http:\/\/fmriachuelo.it10.com.ar\/index.php\/wp-json\/wp\/v2\/posts"}],"about":[{"href":"http:\/\/fmriachuelo.it10.com.ar\/index.php\/wp-json\/wp\/v2\/types\/post"}],"author":[{"embeddable":true,"href":"http:\/\/fmriachuelo.it10.com.ar\/index.php\/wp-json\/wp\/v2\/users\/5"}],"replies":[{"embeddable":true,"href":"http:\/\/fmriachuelo.it10.com.ar\/index.php\/wp-json\/wp\/v2\/comments?post=13651"}],"version-history":[{"count":1,"href":"http:\/\/fmriachuelo.it10.com.ar\/index.php\/wp-json\/wp\/v2\/posts\/13651\/revisions"}],"predecessor-version":[{"id":22726,"href":"http:\/\/fmriachuelo.it10.com.ar\/index.php\/wp-json\/wp\/v2\/posts\/13651\/revisions\/22726"}],"wp:featuredmedia":[{"embeddable":true,"href":"http:\/\/fmriachuelo.it10.com.ar\/index.php\/wp-json\/wp\/v2\/media\/13652"}],"wp:attachment":[{"href":"http:\/\/fmriachuelo.it10.com.ar\/index.php\/wp-json\/wp\/v2\/media?parent=13651"}],"wp:term":[{"taxonomy":"category","embeddable":true,"href":"http:\/\/fmriachuelo.it10.com.ar\/index.php\/wp-json\/wp\/v2\/categories?post=13651"},{"taxonomy":"post_tag","embeddable":true,"href":"http:\/\/fmriachuelo.it10.com.ar\/index.php\/wp-json\/wp\/v2\/tags?post=13651"}],"curies":[{"name":"wp","href":"https:\/\/api.w.org\/{rel}","templated":true}]}}