{"id":13647,"date":"2021-06-14T11:49:12","date_gmt":"2021-06-14T11:49:12","guid":{"rendered":"http:\/\/fmriachuelo.com.ar\/?p=13647"},"modified":"2025-02-12T15:42:38","modified_gmt":"2025-02-12T18:42:38","slug":"utep-reclaman-medidas-urgentes-para-la-economia-popular","status":"publish","type":"post","link":"http:\/\/fmriachuelo.it10.com.ar\/index.php\/2021\/06\/14\/utep-reclaman-medidas-urgentes-para-la-economia-popular\/","title":{"rendered":"UTEP: RECLAMAN MEDIDAS URGENTES PARA LA ECONOM\u00cdA POPULAR"},"content":{"rendered":"<p><span style=\"font-weight: 400\">[FM Riachuelo, 14\/6\/2021] El pasado s\u00e1bado la Uni\u00f3n de Trabajadores de la Econom\u00eda Popular lanz\u00f3 un comunicado reclamando una serie de medidas urgentes para que el sector pueda transitar en mejores condiciones la profunda crisis que se vive en las barriadas populares del pa\u00eds. El aguinaldo para los trabajadores de la econom\u00eda popular aparece como el principal punto en un contexto donde los ingresos de las actividades de la EP est\u00e1n fuertemente afectados por un escenario de restricciones y una inflaci\u00f3n que tambi\u00e9n golpea el bolsillo de las mayor\u00edas trabajadoras.<\/span><\/p>\n<p><span style=\"font-weight: 400\">El comunicado tambi\u00e9n destaca \u201cla necesidad de la incorporaci\u00f3n al cronograma de vacunaci\u00f3n de los y las trabajadoras sociocomunitarias\u201d. Que se agilice la distribuci\u00f3n de alimentos que, de la mano de comedores y ollas populares, juegan un papel esencial en los lugares m\u00e1s sensibles de la crisis pand\u00e9mica. Y, finalmente, que se profundice la recaudaci\u00f3n y ejecuci\u00f3n del impuesto a las grandes fortunas que prev\u00e9 por Ley su inversi\u00f3n en la integraci\u00f3n urbana de los barrios populares.<\/span><\/p>\n<p><span style=\"font-weight: 400\">Con la colaboraci\u00f3n de la red de corresponsales populares, FM Riachuelo recogi\u00f3 testimonios de experiencias de la econom\u00eda popular que dan cuenta de las cr\u00edticas situaciones que se viven detr\u00e1s de estas demandas:<\/span><\/p>\n<p>&nbsp;<\/p>\n<p><b>Juan Carlos Sanchez, Frente Barrial Pocho Lepratti (La Paz, Entre R\u00edos)<\/b><\/p>\n<p><span style=\"font-weight: 400\">Estamos de acuerdo con los cuatro puntos del comunicado, dado que somos los trabajadores\/as de la Econom\u00eda popular quienes venimos desde el gobierno anterior aguantando una enorme crisis laboral y social. Es justo recibir un aguinaldo.<\/span><\/p>\n<p><span style=\"font-weight: 400\">Tambi\u00e9n en la pandemia venimos poniendo el cuerpo. Desde hace m\u00e1s de un a\u00f1o trabajadores, compa\u00f1eras y compa\u00f1eros, venimos ayudando en los barrios con los comedores. Ese trabajo es esencial, por eso es importante que reciban las vacunas\u00a0 quienes exponen su vida d\u00eda a d\u00eda con una acci\u00f3n solidaria para ayudar a bancar la situaci\u00f3n.<\/span><\/p>\n<p><span style=\"font-weight: 400\">En esta crisis no vemos que lleguen a tiempo los alimentos para los nuestros. Tiene que ser una acci\u00f3n mucho m\u00e1s r\u00e1pida desde el gobierno para que lleguen esos alimentos a los comedores populares.<\/span><\/p>\n<p><span style=\"font-weight: 400\">Adem\u00e1s necesitamos se\u00f1alar la situaci\u00f3n que se vive en el d\u00eda a d\u00eda con los consumos problem\u00e1ticos. En las barriadas la problem\u00e1tica se profundiza: es una muestra de la crisis que atravesamos, y sobre esto tambi\u00e9n reclamamos m\u00e1s ayuda del gobierno.<\/span><\/p>\n<p><span style=\"font-weight: 400\">La exigencia de que paguen quienes tienen las grandes fortunas es necesaria, para que esos aportes sirvan para la integraci\u00f3n urbana en nuestros barrios. Esto debe avanzar. Es una obligaci\u00f3n del gobierno que esta ley socio urbana avance para mejorar la calidad de vida en los barrios. Con la integraci\u00f3n se genera trabajo para quienes mejoran sus propios viviendas. Son los que aportan la mano de obra, y ponen en valor este trabajo que se realiza por parte de los compa\u00f1eros\/as que son sujetos de transformaci\u00f3n en los barrios populares.<\/span><\/p>\n<p><span style=\"font-weight: 400\">\u00a0<\/span><\/p>\n<p><b>Alejandro Lucero, Equipo Sanitario del Movimiento Popular Los Pibes<\/b><\/p>\n<p><span style=\"font-weight: 400\">Despu\u00e9s de 15 meses de pandemia, consideramos que es justo y necesario que cada una de las compa\u00f1eras y compa\u00f1eros que han sostenido, y lo siguen haciendo, las ollas de la solidaridad, sean vacunados con urgencia.<\/span><\/p>\n<p><span style=\"font-weight: 400\">Proteger y cuidar a aquellos que est\u00e1n en la primera l\u00ednea en esta crisis que estamos atravesando es tarea esencial del estado. Pero adem\u00e1s consideramos que tambi\u00e9n es esencial y estrat\u00e9gico el trabajo que se viene haciendo desde las organizaciones populares, construyendo alternativas a este sistema capitalista que solamente le interesa la ganancia dejando afuera a millones de habitantes de este planeta.<\/span><\/p>\n<p><span style=\"font-weight: 400\">Es esencial y estrat\u00e9gico tener proyectos alternativos y dejar de lado la eterna cantinela de las inversiones y el derrame. Esas teor\u00edas economicistas liberales, igual que la de la oferta y la demanda, lo \u00fanico que hacen es enga\u00f1ar a nuestra poblaci\u00f3n y dejar cada vez m\u00e1s a m\u00e1s cantidad de pobres por fuera del sistema de producci\u00f3n dominante. Por eso creemos que es doblemente esencial y estrat\u00e9gica la tarea que se hace desde las organizaciones populares: en la coyuntura actual vinculada a una pandemia, pero tambi\u00e9n es la \u00fanica posibilidad que tenemos de construir un mundo distinto, un mundo digno y feliz para todos y para todas.<\/span><\/p>\n<p>&nbsp;<\/p>\n<p><b>Gladys Gonzalez, Merendero Los Naranjitos (Concordia, Entre R\u00edos)<\/b><\/p>\n<p><span style=\"font-weight: 400\">Somos los que estamos palpando la realidad todos los d\u00edas. Le estamos poniendo el pecho en la primera l\u00ednea de batalla. Nosotros tambi\u00e9n somos trabajadores y nos merecemos el aguinaldo, por m\u00e1s que no tenemos patr\u00f3n hacemos mucho, estamos siempre cumpliendo con nuestras comunidades y para solventar nuestras familias necesitamos tener esa ayuda.<\/span><\/p>\n<p><span style=\"font-weight: 400\">Las vacunas son muy importantes porque nos merecemos que nos vacunen en los merenderos, en las ollas populares, en las huertas comunitarias. Son esenciales nuestros compa\u00f1eros.<\/span><\/p>\n<p><span style=\"font-weight: 400\">\u00a0<\/span><\/p>\n<p><b>Marta Sanagua, Paseo de la Econom\u00eda Popular Mart\u00edn Cisneros (La Boca, CABA)<\/b><span style=\"font-weight: 400\">\u00a0<\/span><\/p>\n<p><span style=\"font-weight: 400\">La situaci\u00f3n alimentaria en el barrio no est\u00e1 bien. A pesar que las organizaciones populares los comedores y los merenderos est\u00e1n paliando el hambre de los nuestros, lo que hace falta para resolver esa necesidad, es que los gobiernos actuales se sienten a hablar con los referentes de los Movimientos Populares y de las Cooperativas Recuperadas, porque en toda la Argentina hay producci\u00f3n de alimentos de calidad, pero poco de eso llega a la mesa de los nuestros. Es necesario que el gobierno compre esa producci\u00f3n para alimentar al pueblo. Con lo poco que tenemos no est\u00e1 alcanzando.\u00a0<\/span><\/p>\n<p><span style=\"font-weight: 400\">Es necesario que dialoguen y concreten una compra a los Movimientos populares y\u00a0 a las cooperativas recuperadas, porque tenemos toda la alimentaci\u00f3n necesaria, verduras, carnes, frutas, arroz, fideos todos los alimentos\u00a0 que se producen en el pa\u00eds, y con eso podemos abastecer gran parte de los comedores y los merenderos de toda Argentina.<\/span><\/p>\n<p>&nbsp;<\/p>\n<p><b>Celia Albarrac\u00edn, Merendero Los Hermanos (Concordia, Entre R\u00edos)<\/b><\/p>\n<p><span style=\"font-weight: 400\">Nosotros estamos dando m\u00e1s de 500 raciones de comida. En el \u00faltimo tiempo se sum\u00f3 m\u00e1s gente, m\u00e1s familias, m\u00e1s gente grande. Me parece bien que podamos tener lo necesario para poder trabajar: no estamos vacunados, corremos riesgo con todos los compa\u00f1eros que trabajamos en el merendero. No accedimos a la vacuna. Siempre con los cuidados que tenemos con barbijo, alcohol, protegi\u00e9ndonos nosotros mismos porque ac\u00e1 en el merendero no tenemos asistencia m\u00e9dica ni nada. Hay que seguir peleando: por un aguinaldo para todas las compa\u00f1eras y compa\u00f1eros.<\/span><\/p>\n","protected":false},"excerpt":{"rendered":"<p>[FM Riachuelo, 14\/6\/2021] El pasado s\u00e1bado la Uni\u00f3n de Trabajadores de la Econom\u00eda Popular lanz\u00f3 un comunicado reclamando una serie de medidas urgentes para que el sector pueda transitar en mejores condiciones la profunda crisis que se vive en las barriadas populares del pa\u00eds. El aguinaldo para los trabajadores de la econom\u00eda popular aparece como [&hellip;]<\/p>\n","protected":false},"author":5,"featured_media":13648,"comment_status":"closed","ping_status":"closed","sticky":false,"template":"","format":"standard","meta":{"_monsterinsights_skip_tracking":false,"_monsterinsights_sitenote_active":false,"_monsterinsights_sitenote_note":"","_monsterinsights_sitenote_category":0,"jnews-multi-image_gallery":[],"jnews_single_post":{"format":"standard"},"jnews_primary_category":[],"_joinchat":[],"footnotes":""},"categories":[141,78,145,79,76],"tags":[],"class_list":["post-13647","post","type-post","status-publish","format-standard","has-post-thumbnail","hentry","category-comunicacion-popular","category-economia-popular","category-movimientos-populares","category-nadie-se-salva-solo","category-salud-comunitaria"],"_links":{"self":[{"href":"http:\/\/fmriachuelo.it10.com.ar\/index.php\/wp-json\/wp\/v2\/posts\/13647","targetHints":{"allow":["GET"]}}],"collection":[{"href":"http:\/\/fmriachuelo.it10.com.ar\/index.php\/wp-json\/wp\/v2\/posts"}],"about":[{"href":"http:\/\/fmriachuelo.it10.com.ar\/index.php\/wp-json\/wp\/v2\/types\/post"}],"author":[{"embeddable":true,"href":"http:\/\/fmriachuelo.it10.com.ar\/index.php\/wp-json\/wp\/v2\/users\/5"}],"replies":[{"embeddable":true,"href":"http:\/\/fmriachuelo.it10.com.ar\/index.php\/wp-json\/wp\/v2\/comments?post=13647"}],"version-history":[{"count":1,"href":"http:\/\/fmriachuelo.it10.com.ar\/index.php\/wp-json\/wp\/v2\/posts\/13647\/revisions"}],"predecessor-version":[{"id":22732,"href":"http:\/\/fmriachuelo.it10.com.ar\/index.php\/wp-json\/wp\/v2\/posts\/13647\/revisions\/22732"}],"wp:featuredmedia":[{"embeddable":true,"href":"http:\/\/fmriachuelo.it10.com.ar\/index.php\/wp-json\/wp\/v2\/media\/13648"}],"wp:attachment":[{"href":"http:\/\/fmriachuelo.it10.com.ar\/index.php\/wp-json\/wp\/v2\/media?parent=13647"}],"wp:term":[{"taxonomy":"category","embeddable":true,"href":"http:\/\/fmriachuelo.it10.com.ar\/index.php\/wp-json\/wp\/v2\/categories?post=13647"},{"taxonomy":"post_tag","embeddable":true,"href":"http:\/\/fmriachuelo.it10.com.ar\/index.php\/wp-json\/wp\/v2\/tags?post=13647"}],"curies":[{"name":"wp","href":"https:\/\/api.w.org\/{rel}","templated":true}]}}