{"id":13630,"date":"2021-06-10T13:51:01","date_gmt":"2021-06-10T13:51:01","guid":{"rendered":"http:\/\/fmriachuelo.com.ar\/?p=13630"},"modified":"2025-02-12T15:44:20","modified_gmt":"2025-02-12T18:44:20","slug":"peru-otros-tiempos-estan-comenzando","status":"publish","type":"post","link":"http:\/\/fmriachuelo.it10.com.ar\/index.php\/2021\/06\/10\/peru-otros-tiempos-estan-comenzando\/","title":{"rendered":"PERU: OTROS TIEMPOS ESTAN COMENZANDO"},"content":{"rendered":"<p><strong>[*Camilo Katari, 10\/06\/2021]\u00a0El pueblo peruano ha decido retornar al Qapaj \u00d1an, dejando atr\u00e1s los caminos del terror neoliberal. Han corrido todas las sangres, desde Vilcabamba hasta ayer nom\u00e1s, cuando el zorro de arriba y el zorro de abajo han decantado sus intereses y sus proyectos de vida.<\/strong><\/p>\n<p>Manuel Escorza, en Redoble por Rancas, nos ha contado las surreales historias de las luchas campesinas peruanas por la tierra, de las estrategias y resistencias de los pueblos invisibles, o las aldeas sumergidas que nos describe Efrain Morote\u2026y hoy haciendo historia las aldeas se muestran vivas, emergen de las profundas ra\u00edces de las fortalezas de Saqsaywaman y con el l\u00e1piz en la mano reescriben la historia del Per\u00fa.<\/p>\n<p>Los temores, los miedos impuestos por el r\u00e9gimen de terror de Fujimori, se han agotado y la Flor de Retama se encuentra \u201camarillita amarillando\u201d para dar cobijo a todos los m\u00e1rtires de la larga noche colonial.<\/p>\n<p>Los pueblos originarios, los trabajadores, los afrodescendientes, ya han ganado, han demostrado su fuerza, su unidad, el otro Per\u00fa ya est\u00e1 en la historia y su car\u00e1cter plurinacional es una evidencia que debe ser hecha constituci\u00f3n.<\/p>\n<p>\u00bfQu\u00e9 lecci\u00f3n nos deja el profesor Castillo? Una principal, la dignidad, su capacidad de superar la avalancha racista de una sociedad liderada por medios de comunicaci\u00f3n serviles a los poderosos de siempre, a los due\u00f1os del Per\u00fa. Trataron de doblegar la altivez andina con un sistem\u00e1tico relato anticomunista y anti-ind\u00edgena, no lo lograron.<\/p>\n<p>La regi\u00f3n, esta Patria Grande se va re-configurando desde abajo, desde las luchas en la Patagonia argentina y chilena hasta las calientes tierras de Chiapas, son los pueblos que van tejiendo el arco iris de mil colores y esa fuerza es imparable, porque no es ni calco ni copia, es creaci\u00f3n heroica.<\/p>\n<p>Per\u00fa ha vuelto al Qapaj \u00d1an, la ancestral guerra contra el sistema colonial, se ha convertido en millones de votos de esperanza, ponchos al viento festejan el c\u00e1lido aliento de T\u00fapac Amaru y de la generosa mano de Micaela Bastidas los abrazos de la Pachamama, ya no hay vuelta; el camino ha quedado se\u00f1alado y los mil entuertos que puedan inventar los odiadores, ser\u00e1n sepultados por la Tempestad en los Andes.<\/p>\n<p>Per\u00fa ya no ser\u00e1 lo mismo, Lima ya no ser\u00e1 m\u00e1s. Como dec\u00eda Javier Heraud poeta y guerrillero en su poema Dos Preguntas:<\/p>\n<p style=\"text-align: center\">la \u201cCiudad de los Reyes<br \/>\nde la explotaci\u00f3n y el hambre,<br \/>\ntres veces coronada por la sumisi\u00f3n,<br \/>\nciudad triste, hambrienta, m\u00edsera<br \/>\npor todos lados,<br \/>\nsalvo peque\u00f1os rinconcitos<br \/>\ndonde se canta \u00abla flor de la canela\u00bb<br \/>\n\u00abviva el Per\u00fa y sereno\u00bb y se bebe whisky<br \/>\ncon hielo y cocacolas.\u201d<\/p>\n<p>&nbsp;<\/p>\n<p><em><strong>Fuente:<\/strong><\/em>\u00a0*<a href=\"https:\/\/www.facebook.com\/EFP.TupacKatari\/posts\/4722259884457546\">Camilo Katari compa\u00f1ero de la Escuela de Formaci\u00f3n Pol\u00edtica Tupac Katari de Bolivia.<\/a><\/p>\n","protected":false},"excerpt":{"rendered":"<p>[*Camilo Katari, 10\/06\/2021]\u00a0El pueblo peruano ha decido retornar al Qapaj \u00d1an, dejando atr\u00e1s los caminos del terror neoliberal. Han corrido todas las sangres, desde Vilcabamba hasta ayer nom\u00e1s, cuando el zorro de arriba y el zorro de abajo han decantado sus intereses y sus proyectos de vida. Manuel Escorza, en Redoble por Rancas, nos ha [&hellip;]<\/p>\n","protected":false},"author":5,"featured_media":13634,"comment_status":"closed","ping_status":"closed","sticky":false,"template":"","format":"standard","meta":{"_monsterinsights_skip_tracking":false,"_monsterinsights_sitenote_active":false,"_monsterinsights_sitenote_note":"","_monsterinsights_sitenote_category":0,"jnews-multi-image_gallery":[],"jnews_single_post":{"format":"standard"},"jnews_primary_category":[],"_joinchat":[],"footnotes":""},"categories":[58,130],"tags":[],"class_list":["post-13630","post","type-post","status-publish","format-standard","has-post-thumbnail","hentry","category-noticiariachuelo","category-patria-grande"],"_links":{"self":[{"href":"http:\/\/fmriachuelo.it10.com.ar\/index.php\/wp-json\/wp\/v2\/posts\/13630","targetHints":{"allow":["GET"]}}],"collection":[{"href":"http:\/\/fmriachuelo.it10.com.ar\/index.php\/wp-json\/wp\/v2\/posts"}],"about":[{"href":"http:\/\/fmriachuelo.it10.com.ar\/index.php\/wp-json\/wp\/v2\/types\/post"}],"author":[{"embeddable":true,"href":"http:\/\/fmriachuelo.it10.com.ar\/index.php\/wp-json\/wp\/v2\/users\/5"}],"replies":[{"embeddable":true,"href":"http:\/\/fmriachuelo.it10.com.ar\/index.php\/wp-json\/wp\/v2\/comments?post=13630"}],"version-history":[{"count":1,"href":"http:\/\/fmriachuelo.it10.com.ar\/index.php\/wp-json\/wp\/v2\/posts\/13630\/revisions"}],"predecessor-version":[{"id":22736,"href":"http:\/\/fmriachuelo.it10.com.ar\/index.php\/wp-json\/wp\/v2\/posts\/13630\/revisions\/22736"}],"wp:featuredmedia":[{"embeddable":true,"href":"http:\/\/fmriachuelo.it10.com.ar\/index.php\/wp-json\/wp\/v2\/media\/13634"}],"wp:attachment":[{"href":"http:\/\/fmriachuelo.it10.com.ar\/index.php\/wp-json\/wp\/v2\/media?parent=13630"}],"wp:term":[{"taxonomy":"category","embeddable":true,"href":"http:\/\/fmriachuelo.it10.com.ar\/index.php\/wp-json\/wp\/v2\/categories?post=13630"},{"taxonomy":"post_tag","embeddable":true,"href":"http:\/\/fmriachuelo.it10.com.ar\/index.php\/wp-json\/wp\/v2\/tags?post=13630"}],"curies":[{"name":"wp","href":"https:\/\/api.w.org\/{rel}","templated":true}]}}