{"id":13620,"date":"2021-06-09T22:15:24","date_gmt":"2021-06-09T22:15:24","guid":{"rendered":"http:\/\/fmriachuelo.com.ar\/?p=13620"},"modified":"2025-02-12T15:48:08","modified_gmt":"2025-02-12T18:48:08","slug":"pescadazo-en-congreso-estamos-vivos-y-al-servicio-del-pueblo","status":"publish","type":"post","link":"http:\/\/fmriachuelo.it10.com.ar\/index.php\/2021\/06\/09\/pescadazo-en-congreso-estamos-vivos-y-al-servicio-del-pueblo\/","title":{"rendered":"PESCADAZO EN CONGRESO: \u00abESTAMOS VIVOS Y AL SERVICIO DEL PUEBLO\u00bb"},"content":{"rendered":"<p><strong>[FM riachuelo, 9\/06\/2021]\u00a0 Hoy desde las 9\u00a0 horas se realiz\u00f3 un \u00abPescadazo\u00bb a las puertas\u00a0 del Congreso de la Naci\u00f3n. Los pescadores artesanales organizados en la UTEP, se manifestaron de esta manera para reclamar pol\u00edticas para el sector y el cese de la persecuci\u00f3n a la actividad.<\/strong><\/p>\n<p><strong>En el momento de mayor concurrencia,\u00a0 m\u00e1s de 4 cuadras de fila\u00a0 se acercaron a la Plaza del Congreso para acceder a los productos frescos al valor de $100\/kilo. \u00ab<em>Queremos que conozcan nuestra actividad, nuestro trabajo y que se nos reconozca como trabajadores\u00bb,<\/em> se\u00f1alaron los responsables de la Rama Agraria de la UTEP que estaban presentes en el lugar.<\/strong><\/p>\n<p>En la convocatoria se dieron cita los y las pescadoras de Mar del Plata, Santa Fe, Entre R\u00edos, Concordia, Ensenada y Punta Indio. Ese hecho evidenci\u00f3 la necesidad de generar instrumentos para favorecer el comercio directo del productor al consumidor y equilibrar la distribuci\u00f3n del ingreso.<\/p>\n<p><img loading=\"lazy\" decoding=\"async\" class=\" wp-image-13621 aligncenter\" src=\"http:\/\/fmriachuelo.com.ar\/wp-content\/uploads\/2021\/06\/pescadazo-300x169.jpeg\" alt=\"\" width=\"422\" height=\"238\" srcset=\"http:\/\/fmriachuelo.it10.com.ar\/wp-content\/uploads\/2021\/06\/pescadazo-300x169.jpeg 300w, http:\/\/fmriachuelo.it10.com.ar\/wp-content\/uploads\/2021\/06\/pescadazo-1024x576.jpeg 1024w, http:\/\/fmriachuelo.it10.com.ar\/wp-content\/uploads\/2021\/06\/pescadazo-768x432.jpeg 768w, http:\/\/fmriachuelo.it10.com.ar\/wp-content\/uploads\/2021\/06\/pescadazo-750x422.jpeg 750w, http:\/\/fmriachuelo.it10.com.ar\/wp-content\/uploads\/2021\/06\/pescadazo.jpeg 1111w\" sizes=\"auto, (max-width: 422px) 100vw, 422px\" \/><\/p>\n<p>&nbsp;<\/p>\n<p>FM Riachuelo pudo conversar en el lugar con\u00a0\u00a0Andr\u00e9s \u00abPochi\u00bb Baigorri de la \u00a0Cooperativa La Boya de Pipinas que coment\u00f3:\u00a0<strong><em>\u00abEstamos viendo si podemos destrabar un poco el tema de la comercializaci\u00f3n del pescado para que nos sirva a todos a nosotros y al pueblo sin que haya tantos intermediarios\u00bb.<\/em><\/strong><\/p>\n<p>En cuanto a la situaci\u00f3n actual del sector explic\u00f3: <em><strong>\u00abMucha burocracia gubernamental, mucho capitalismo que quiere abarcar todo para que solo le redit\u00fae a ellos. Es inentendible que el pueblo no pueda acceder a un alimento tan importante como es el pescado, ya que a nosotros nos pagan miserias, y despu\u00e9s lo revenden capitalizando toda la ganancia las grandes empresas\u00bb<\/strong><\/em><\/p>\n<p><img loading=\"lazy\" decoding=\"async\" class=\"alignright size-medium wp-image-13623\" src=\"http:\/\/fmriachuelo.com.ar\/wp-content\/uploads\/2021\/06\/entrevista-en-el-Pescadazo-300x300.jpeg\" alt=\"\" width=\"300\" height=\"300\" srcset=\"http:\/\/fmriachuelo.it10.com.ar\/wp-content\/uploads\/2021\/06\/entrevista-en-el-Pescadazo-300x300.jpeg 300w, http:\/\/fmriachuelo.it10.com.ar\/wp-content\/uploads\/2021\/06\/entrevista-en-el-Pescadazo-1024x1024.jpeg 1024w, http:\/\/fmriachuelo.it10.com.ar\/wp-content\/uploads\/2021\/06\/entrevista-en-el-Pescadazo-150x150.jpeg 150w, http:\/\/fmriachuelo.it10.com.ar\/wp-content\/uploads\/2021\/06\/entrevista-en-el-Pescadazo-768x768.jpeg 768w, http:\/\/fmriachuelo.it10.com.ar\/wp-content\/uploads\/2021\/06\/entrevista-en-el-Pescadazo-75x75.jpeg 75w, http:\/\/fmriachuelo.it10.com.ar\/wp-content\/uploads\/2021\/06\/entrevista-en-el-Pescadazo-350x350.jpeg 350w, http:\/\/fmriachuelo.it10.com.ar\/wp-content\/uploads\/2021\/06\/entrevista-en-el-Pescadazo-750x750.jpeg 750w, http:\/\/fmriachuelo.it10.com.ar\/wp-content\/uploads\/2021\/06\/entrevista-en-el-Pescadazo-1140x1140.jpeg 1140w, http:\/\/fmriachuelo.it10.com.ar\/wp-content\/uploads\/2021\/06\/entrevista-en-el-Pescadazo.jpeg 1280w\" sizes=\"auto, (max-width: 300px) 100vw, 300px\" \/><\/p>\n<p>La pesca artesanal es un oficio,\u00a0 un trabajo de la Econom\u00eda Popular,\u00a0 como mencion\u00f3 Baigorri:\u00a0<em><strong>\u00abnos tenemos que organizar para que el acceso al\u00a0 pescado sea para todes, nosotros estamos peleando por nuestros derechos, no tenemos en la formalidad\u00a0<\/strong><strong>la<\/strong><strong> posibilidad de estar todos legales, nos ponen tantas trabas que nos llevan desde el propio Gobierno a la ilegalidad y no tenemos respuestas sobre los pas<\/strong><strong>os para conseguir esa legalidad\u00bb.<\/strong><\/em><\/p>\n<p>Lito Borello,\u00a0 Coordinador Nacional del Movimiento Los Pibes y Secretario de DDHH de UTEP dijo para Fm Riachuelo:\u00a0<em><strong>\u00abes lo que venimos diciendo,\u00a0 necesitamos que el Estado apoye y apueste a la Econom\u00eda Popular no queremos pol\u00edticas asistenciales,\u00a0 queremos trabajo y esta iniciativa a la cual vino much\u00edsima gente a comprar el pescado a un precio barato,\u00a0 esperamos que sea vista desde el Estado <\/strong><strong>y lograr que le den<\/strong><strong> instrumentos a los Movimientos Populares para salir de la subsistencia y alcanzar una escala que beneficie a todo nuestro pueblo\u00bb.<\/strong><\/em><\/p>\n<p>La actividad suscit\u00f3 mucho inter\u00e9s entre los compa\u00f1eres pescadores artesanales de todo el pa\u00eds, que luchan por reivindicar su oficio.<\/p>\n<p>Florencio Montero pescador artesanal y presidente de la Asociaci\u00f3n Civil Solidaridad Uni\u00f3n y Producci\u00f3n de Victoria Entre R\u00edos, de la mesa gremial 19 y 20\u00a0 de la misma provincia,\u00a0 quien adem\u00e1s es Corresponsal Popular de la FM Riachuelo, envi\u00f3 su adhesi\u00f3n a la iniciativa.<\/p>\n<p>La pesca artesanal\u00a0 es la pesca del pueblo, respetuosa del medioambiente ,de nuestros bienes comunes, que tienen que permitir\u00a0 vivir dignamente del\u00a0 trabajo a les pescadores y ser parte de la soluci\u00f3n a los problemas alimentarios de nuestro pa\u00eds, \u00a0porque es claro que Nadie se salva solo.<\/p>\n","protected":false},"excerpt":{"rendered":"<p>[FM riachuelo, 9\/06\/2021]\u00a0 Hoy desde las 9\u00a0 horas se realiz\u00f3 un \u00abPescadazo\u00bb a las puertas\u00a0 del Congreso de la Naci\u00f3n. Los pescadores artesanales organizados en la UTEP, se manifestaron de esta manera para reclamar pol\u00edticas para el sector y el cese de la persecuci\u00f3n a la actividad. En el momento de mayor concurrencia,\u00a0 m\u00e1s de [&hellip;]<\/p>\n","protected":false},"author":5,"featured_media":13622,"comment_status":"closed","ping_status":"closed","sticky":false,"template":"","format":"standard","meta":{"_monsterinsights_skip_tracking":false,"_monsterinsights_sitenote_active":false,"_monsterinsights_sitenote_note":"","_monsterinsights_sitenote_category":0,"jnews-multi-image_gallery":[],"jnews_single_post":{"format":"standard"},"jnews_primary_category":[],"_joinchat":[],"footnotes":""},"categories":[78,79,126],"tags":[],"class_list":["post-13620","post","type-post","status-publish","format-standard","has-post-thumbnail","hentry","category-economia-popular","category-nadie-se-salva-solo","category-soberania-alimentaria"],"_links":{"self":[{"href":"http:\/\/fmriachuelo.it10.com.ar\/index.php\/wp-json\/wp\/v2\/posts\/13620","targetHints":{"allow":["GET"]}}],"collection":[{"href":"http:\/\/fmriachuelo.it10.com.ar\/index.php\/wp-json\/wp\/v2\/posts"}],"about":[{"href":"http:\/\/fmriachuelo.it10.com.ar\/index.php\/wp-json\/wp\/v2\/types\/post"}],"author":[{"embeddable":true,"href":"http:\/\/fmriachuelo.it10.com.ar\/index.php\/wp-json\/wp\/v2\/users\/5"}],"replies":[{"embeddable":true,"href":"http:\/\/fmriachuelo.it10.com.ar\/index.php\/wp-json\/wp\/v2\/comments?post=13620"}],"version-history":[{"count":1,"href":"http:\/\/fmriachuelo.it10.com.ar\/index.php\/wp-json\/wp\/v2\/posts\/13620\/revisions"}],"predecessor-version":[{"id":22741,"href":"http:\/\/fmriachuelo.it10.com.ar\/index.php\/wp-json\/wp\/v2\/posts\/13620\/revisions\/22741"}],"wp:featuredmedia":[{"embeddable":true,"href":"http:\/\/fmriachuelo.it10.com.ar\/index.php\/wp-json\/wp\/v2\/media\/13622"}],"wp:attachment":[{"href":"http:\/\/fmriachuelo.it10.com.ar\/index.php\/wp-json\/wp\/v2\/media?parent=13620"}],"wp:term":[{"taxonomy":"category","embeddable":true,"href":"http:\/\/fmriachuelo.it10.com.ar\/index.php\/wp-json\/wp\/v2\/categories?post=13620"},{"taxonomy":"post_tag","embeddable":true,"href":"http:\/\/fmriachuelo.it10.com.ar\/index.php\/wp-json\/wp\/v2\/tags?post=13620"}],"curies":[{"name":"wp","href":"https:\/\/api.w.org\/{rel}","templated":true}]}}