{"id":13603,"date":"2021-06-08T02:26:05","date_gmt":"2021-06-08T02:26:05","guid":{"rendered":"http:\/\/fmriachuelo.com.ar\/?p=13603"},"modified":"2025-02-12T15:51:41","modified_gmt":"2025-02-12T18:51:41","slug":"dia-de-los-y-las-periodistas","status":"publish","type":"post","link":"http:\/\/fmriachuelo.it10.com.ar\/index.php\/2021\/06\/08\/dia-de-los-y-las-periodistas\/","title":{"rendered":"D\u00cdA DE LOS Y LAS PERIODISTAS"},"content":{"rendered":"<p><strong>[FM Riachuelo, 7\/6\/2021] En el d\u00eda de los y las periodistas, que recuerda la fundaci\u00f3n del primer medio con ideas patri\u00f3ticas \u00abLa Gazeta de Buenos Ayres\u00bb por Mariano Moreno, nos comunicamos con Martina Noailles, integrante del diario Sur Capitalino y secretaria de Medios Autogestivos de SiPreBA. Martina se expres\u00f3 sobre la situaci\u00f3n cr\u00edtica de lxs trabajadorxs de prensa y la situaci\u00f3n de los medios autogestivos dentro del sindicato, que se van incorporando recientemente.<\/strong><\/p>\n<p><a href=\"https:\/\/ar.radiocut.fm\/audiocut\/dia-y-periodistas\/\" target=\"_blank\" rel=\"noopener\"><strong>Escuch\u00e1 la entrevista completa<\/strong><\/a><\/p>\n","protected":false},"excerpt":{"rendered":"<p>[FM Riachuelo, 7\/6\/2021] En el d\u00eda de los y las periodistas, que recuerda la fundaci\u00f3n del primer medio con ideas patri\u00f3ticas \u00abLa Gazeta de Buenos Ayres\u00bb por Mariano Moreno, nos comunicamos con Martina Noailles, integrante del diario Sur Capitalino y secretaria de Medios Autogestivos de SiPreBA. Martina se expres\u00f3 sobre la situaci\u00f3n cr\u00edtica de lxs [&hellip;]<\/p>\n","protected":false},"author":5,"featured_media":13605,"comment_status":"closed","ping_status":"closed","sticky":false,"template":"","format":"standard","meta":{"_monsterinsights_skip_tracking":false,"_monsterinsights_sitenote_active":false,"_monsterinsights_sitenote_note":"","_monsterinsights_sitenote_category":0,"jnews-multi-image_gallery":[],"jnews_single_post":{"format":"standard"},"jnews_primary_category":[],"_joinchat":[],"footnotes":""},"categories":[141,58],"tags":[],"class_list":["post-13603","post","type-post","status-publish","format-standard","has-post-thumbnail","hentry","category-comunicacion-popular","category-noticiariachuelo"],"_links":{"self":[{"href":"http:\/\/fmriachuelo.it10.com.ar\/index.php\/wp-json\/wp\/v2\/posts\/13603","targetHints":{"allow":["GET"]}}],"collection":[{"href":"http:\/\/fmriachuelo.it10.com.ar\/index.php\/wp-json\/wp\/v2\/posts"}],"about":[{"href":"http:\/\/fmriachuelo.it10.com.ar\/index.php\/wp-json\/wp\/v2\/types\/post"}],"author":[{"embeddable":true,"href":"http:\/\/fmriachuelo.it10.com.ar\/index.php\/wp-json\/wp\/v2\/users\/5"}],"replies":[{"embeddable":true,"href":"http:\/\/fmriachuelo.it10.com.ar\/index.php\/wp-json\/wp\/v2\/comments?post=13603"}],"version-history":[{"count":1,"href":"http:\/\/fmriachuelo.it10.com.ar\/index.php\/wp-json\/wp\/v2\/posts\/13603\/revisions"}],"predecessor-version":[{"id":22745,"href":"http:\/\/fmriachuelo.it10.com.ar\/index.php\/wp-json\/wp\/v2\/posts\/13603\/revisions\/22745"}],"wp:featuredmedia":[{"embeddable":true,"href":"http:\/\/fmriachuelo.it10.com.ar\/index.php\/wp-json\/wp\/v2\/media\/13605"}],"wp:attachment":[{"href":"http:\/\/fmriachuelo.it10.com.ar\/index.php\/wp-json\/wp\/v2\/media?parent=13603"}],"wp:term":[{"taxonomy":"category","embeddable":true,"href":"http:\/\/fmriachuelo.it10.com.ar\/index.php\/wp-json\/wp\/v2\/categories?post=13603"},{"taxonomy":"post_tag","embeddable":true,"href":"http:\/\/fmriachuelo.it10.com.ar\/index.php\/wp-json\/wp\/v2\/tags?post=13603"}],"curies":[{"name":"wp","href":"https:\/\/api.w.org\/{rel}","templated":true}]}}