{"id":13599,"date":"2021-06-05T22:11:15","date_gmt":"2021-06-05T22:11:15","guid":{"rendered":"http:\/\/fmriachuelo.com.ar\/?p=13599"},"modified":"2025-02-12T15:54:20","modified_gmt":"2025-02-12T18:54:20","slug":"movimientos-sociales-por-la-educacion-popular-de-gestion-social-y-cooperativa","status":"publish","type":"post","link":"http:\/\/fmriachuelo.it10.com.ar\/index.php\/2021\/06\/05\/movimientos-sociales-por-la-educacion-popular-de-gestion-social-y-cooperativa\/","title":{"rendered":"MOVIMIENTOS SOCIALES POR LA EDUCACI\u00d3N POPULAR DE GESTI\u00d3N SOCIAL Y COOPERATIVA"},"content":{"rendered":"<p><b>[FM Riachuelo, 5\/6\/2021] Hoy se celebr\u00f3 el acto lanzamiento de \u201cMovimientos Sociales por la Educaci\u00f3n Popular de Gesti\u00f3n Social y Cooperativa\u201d, transmitido en vivo por su p\u00e1gina de Facebook y tambi\u00e9n v\u00eda YouTube. Este acto propici\u00f3 un debate entre educadores populares, acad\u00e9micos, acad\u00e9micas, funcionarios y funcionarias pol\u00edticas, con la tarea de conformar este espacio que busca que se reconozca la educaci\u00f3n de Gesti\u00f3n Social y Cooperativa, contemplada por la Ley Nacional de Educaci\u00f3n sancionada en el a\u00f1o 2006.<\/b><\/p>\n<p><span style=\"font-weight: 400\">El acto inici\u00f3 con la lectura del documento de lanzamiento del espacio, realizado colectivamente por el conjunto de organizaciones que lo conforman: \u201c<\/span><i><span style=\"font-weight: 400\">Tomamos la educaci\u00f3n en nuestras manos, porque nuestras comunidades hace a\u00f1os empezaron a ver que hay otra educaci\u00f3n, que la necesita, y entonces encontramos las formas de concretarlas en conjunto. Porque disputamos y revalorizamos los saberes de nuestro pueblo que hist\u00f3ricamente han sido negados y subordinados a los saberes del poder hegem\u00f3nico capitalista. No s\u00f3lo para contraponer a la exclusi\u00f3n educativa, sino principalmente porque tenemos un horizonte y proyecto pol\u00edtico pedag\u00f3gico emancipatorio, basado en las concepciones de la educaci\u00f3n popular. Porque concebimos a la educaci\u00f3n como herramienta de pensamiento cr\u00edtico para la transformaci\u00f3n social y la liberaci\u00f3n de nuestro pueblo<\/span><\/i><span style=\"font-weight: 400\">\u201d, se\u00f1alaron en el documento.<\/span><\/p>\n<p><span style=\"font-weight: 400\">Con dos horas y media de duraci\u00f3n, el encuentro propici\u00f3 ricos intercambios de experiencias de educaci\u00f3n popular y debates acerca de la situaci\u00f3n educativa del pueblo con perspectivas anticapitalistas, anticolonialistas, antiimperialistas, antipatriarcales y transfeministas. Cont\u00f3 tambi\u00e9n con la participaci\u00f3n de pa\u00edses hermanos de nuestra Patria Grande, como Bolivia, Venezuela, Colombia y Cuba, compartiendo sus experiencias educativas y populares.<\/span><\/p>\n<p><span style=\"font-weight: 400\">Este espacio est\u00e1 conformado, inicialmente, por el Frente de Unidad Germ\u00e1n Abdala de la CTA Aut\u00f3noma Capital, el Encuentro Entre Docentes y Educadores Populares (EnDyEP), Cooperativa de Educadores e Investigadores Populares (CEIP Hist\u00f3rica), Decir es Poder, Asociaci\u00f3n Civil Redes de Pares, Bachillerato Popular 20 Flores, y organizaciones pertenecientes a la <\/span><b>Uni\u00f3n de Trabajadores y Trabajadoras de la Econom\u00eda Popular (UTEP) <\/b><span style=\"font-weight: 400\">como Barrios Peronistas, el Frente Popular Dar\u00edo Santill\u00e1n, el Movimiento Evita, el Movimiento Popular Nuestra Am\u00e9rica, Movimiento de Trabajadores Exlcuidos (MTE), Barrios de Pie, Corriente Clasista y Combativa (CCC), y Movimiento Popular La Dignidad Confluencia, con la intenci\u00f3n de que se puedan seguir sumando organizaciones educativas, territoriales y populares. El acto tambi\u00e9n cont\u00f3 con la participaci\u00f3n del Movimiento Campesino de Santiago del Estero, Movimiento Nacional Campesino Ind\u00edgena (MoCaSE MNCI).<\/span><\/p>\n<p><strong><a href=\"https:\/\/www.facebook.com\/102209818735619\/videos\/324221212610270\" target=\"_blank\" rel=\"noopener\">MIR\u00c1 AC\u00c1 LO QUE FUE EL LANZAMIENTO<\/a><\/strong><\/p>\n","protected":false},"excerpt":{"rendered":"<p>[FM Riachuelo, 5\/6\/2021] Hoy se celebr\u00f3 el acto lanzamiento de \u201cMovimientos Sociales por la Educaci\u00f3n Popular de Gesti\u00f3n Social y Cooperativa\u201d, transmitido en vivo por su p\u00e1gina de Facebook y tambi\u00e9n v\u00eda YouTube. Este acto propici\u00f3 un debate entre educadores populares, acad\u00e9micos, acad\u00e9micas, funcionarios y funcionarias pol\u00edticas, con la tarea de conformar este espacio que [&hellip;]<\/p>\n","protected":false},"author":5,"featured_media":13601,"comment_status":"closed","ping_status":"closed","sticky":false,"template":"","format":"standard","meta":{"_monsterinsights_skip_tracking":false,"_monsterinsights_sitenote_active":false,"_monsterinsights_sitenote_note":"","_monsterinsights_sitenote_category":0,"jnews-multi-image_gallery":[],"jnews_single_post":{"format":"standard"},"jnews_primary_category":[],"_joinchat":[],"footnotes":""},"categories":[78,67,145,58],"tags":[],"class_list":["post-13599","post","type-post","status-publish","format-standard","has-post-thumbnail","hentry","category-economia-popular","category-educacion-popular","category-movimientos-populares","category-noticiariachuelo"],"_links":{"self":[{"href":"http:\/\/fmriachuelo.it10.com.ar\/index.php\/wp-json\/wp\/v2\/posts\/13599","targetHints":{"allow":["GET"]}}],"collection":[{"href":"http:\/\/fmriachuelo.it10.com.ar\/index.php\/wp-json\/wp\/v2\/posts"}],"about":[{"href":"http:\/\/fmriachuelo.it10.com.ar\/index.php\/wp-json\/wp\/v2\/types\/post"}],"author":[{"embeddable":true,"href":"http:\/\/fmriachuelo.it10.com.ar\/index.php\/wp-json\/wp\/v2\/users\/5"}],"replies":[{"embeddable":true,"href":"http:\/\/fmriachuelo.it10.com.ar\/index.php\/wp-json\/wp\/v2\/comments?post=13599"}],"version-history":[{"count":1,"href":"http:\/\/fmriachuelo.it10.com.ar\/index.php\/wp-json\/wp\/v2\/posts\/13599\/revisions"}],"predecessor-version":[{"id":22749,"href":"http:\/\/fmriachuelo.it10.com.ar\/index.php\/wp-json\/wp\/v2\/posts\/13599\/revisions\/22749"}],"wp:featuredmedia":[{"embeddable":true,"href":"http:\/\/fmriachuelo.it10.com.ar\/index.php\/wp-json\/wp\/v2\/media\/13601"}],"wp:attachment":[{"href":"http:\/\/fmriachuelo.it10.com.ar\/index.php\/wp-json\/wp\/v2\/media?parent=13599"}],"wp:term":[{"taxonomy":"category","embeddable":true,"href":"http:\/\/fmriachuelo.it10.com.ar\/index.php\/wp-json\/wp\/v2\/categories?post=13599"},{"taxonomy":"post_tag","embeddable":true,"href":"http:\/\/fmriachuelo.it10.com.ar\/index.php\/wp-json\/wp\/v2\/tags?post=13599"}],"curies":[{"name":"wp","href":"https:\/\/api.w.org\/{rel}","templated":true}]}}