{"id":13584,"date":"2021-06-04T02:07:03","date_gmt":"2021-06-04T02:07:03","guid":{"rendered":"http:\/\/fmriachuelo.com.ar\/?p=13584"},"modified":"2025-02-12T15:57:00","modified_gmt":"2025-02-12T18:57:00","slug":"concordia-la-lucha-de-los-trabajadores-del-diario-el-sol","status":"publish","type":"post","link":"http:\/\/fmriachuelo.it10.com.ar\/index.php\/2021\/06\/04\/concordia-la-lucha-de-los-trabajadores-del-diario-el-sol\/","title":{"rendered":"CONCORDIA: LA LUCHA DE LOS TRABAJADORES DEL DIARIO SOL"},"content":{"rendered":"<p><strong>[FM Riachuelo, 3\/6\/2021] Los trabajadores y trabajadoras del Diario Sol de Concordia, Entre R\u00edos, se encuentran hace dos meses sin cobrar sus sueldos y con las puertas cerradas del edificio en donde se editaba el matutino local. El Sol es parte de la Cooperativa de Trabajadores de Prensa Escrita y Televisiva (CooTraPreTel) presidida por Luis Alberto Mazurier quien, seg\u00fan denuncian los trabajadores, desde hace m\u00e1s de 20 a\u00f1os, emplea a la Cooperativa como parte de una trama de negociados relacionada con sectores de la dirigencia pol\u00edtica y empresarial de Concordia.<\/strong><\/p>\n<p>A partir de la tarea de los corresponsales populares en Concordia, FM Riachuelo dialog\u00f3 esta tarde con Edgardo Peraf\u00e1n, integrante de la cooperativa: \u201c<em>diecinueve de veinticinco socios se levantaron en contra de Mazurier con una denuncia formal en tribunales por malversaci\u00f3n de fondos<\/em>\u201d, expres\u00f3 Edgardo.<\/p>\n<p>El conflicto inici\u00f3 en octubre del a\u00f1o pasado cuando en una asamblea de la Cooperativa los trabajadores decidieron desplazar a Mazurier de la presidencia. El resultado fue desconocido por Mazurier, quien se rehus\u00f3 tambi\u00e9n a entregar documentaci\u00f3n y libros contables a la conducci\u00f3n electa. Desde entonces, se realiz\u00f3 una denuncia judicial y en el INAES que espera una resoluci\u00f3n mientras Mazurier intenta controlar de hecho las actividades de la Cooperativa.<\/p>\n<p>Desde hace dos meses los trabajadores realizan una\u00a0vigilia frente al edificio de El Sol para controlar que no se lleven la maquinaria y desmantelen el espacio de trabajo que tantos a\u00f1os y esfuerzo les cost\u00f3 construir: \u00ab<em>Queremos una cooperativa transparente con mejores condiciones laborales y econ\u00f3micas. Hoy los salarios est\u00e1n muy por debajo de la l\u00ednea de la pobreza<\/em>\u00ab.<\/p>\n<p><img loading=\"lazy\" decoding=\"async\" class=\" wp-image-13585 aligncenter\" src=\"http:\/\/fmriachuelo.com.ar\/wp-content\/uploads\/2021\/06\/WhatsApp-Image-2021-06-03-at-16.42.31-300x200.jpeg\" alt=\"\" width=\"530\" height=\"353\" srcset=\"http:\/\/fmriachuelo.it10.com.ar\/wp-content\/uploads\/2021\/06\/WhatsApp-Image-2021-06-03-at-16.42.31-300x200.jpeg 300w, http:\/\/fmriachuelo.it10.com.ar\/wp-content\/uploads\/2021\/06\/WhatsApp-Image-2021-06-03-at-16.42.31-1024x683.jpeg 1024w, http:\/\/fmriachuelo.it10.com.ar\/wp-content\/uploads\/2021\/06\/WhatsApp-Image-2021-06-03-at-16.42.31-768x512.jpeg 768w, http:\/\/fmriachuelo.it10.com.ar\/wp-content\/uploads\/2021\/06\/WhatsApp-Image-2021-06-03-at-16.42.31-750x500.jpeg 750w, http:\/\/fmriachuelo.it10.com.ar\/wp-content\/uploads\/2021\/06\/WhatsApp-Image-2021-06-03-at-16.42.31-1140x761.jpeg 1140w, http:\/\/fmriachuelo.it10.com.ar\/wp-content\/uploads\/2021\/06\/WhatsApp-Image-2021-06-03-at-16.42.31.jpeg 1280w\" sizes=\"auto, (max-width: 530px) 100vw, 530px\" \/><\/p>\n<p>En paralelo los trabajadores contin\u00faan con la edici\u00f3n del diario en papel en Gualeguaych\u00fa. Mientras, las maniobras de Mazurier lograron que el Credicoop retenga los fondos de la cooperativa evitando que lleguen a manos de los trabajadores. Hoy subsisten con la venta de la edici\u00f3n papel del matutino y la solidaridad de una comunidad que valora el trabajo de El Sol. Hoy incluso se acercaron a la vigilia los integrantes del Merendero Los Naranjitos que integra la UTEP, para compartir alimentos y mercader\u00eda en apoyo a la lucha de El Sol.<\/p>\n<p>Convencidos de la legitimidad de su reclamo, los trabajadores de El Sol exigen una pronta definici\u00f3n judicial para retomar las riendas de la Cooperativa y continuar con su tarea period\u00edstica.<\/p>\n<p><strong><a href=\"https:\/\/radiocut.fm\/audiocut\/concordia-lucha-trabajadores-del-diario-sol\/\" target=\"_blank\" rel=\"noopener\">ESCUCH\u00c1 AC\u00c1 LA ENTREVISTA COMPLETA<\/a><\/strong><\/p>\n","protected":false},"excerpt":{"rendered":"<p>[FM Riachuelo, 3\/6\/2021] Los trabajadores y trabajadoras del Diario Sol de Concordia, Entre R\u00edos, se encuentran hace dos meses sin cobrar sus sueldos y con las puertas cerradas del edificio en donde se editaba el matutino local. El Sol es parte de la Cooperativa de Trabajadores de Prensa Escrita y Televisiva (CooTraPreTel) presidida por Luis [&hellip;]<\/p>\n","protected":false},"author":5,"featured_media":13586,"comment_status":"closed","ping_status":"closed","sticky":false,"template":"","format":"standard","meta":{"_monsterinsights_skip_tracking":false,"_monsterinsights_sitenote_active":false,"_monsterinsights_sitenote_note":"","_monsterinsights_sitenote_category":0,"jnews-multi-image_gallery":[],"jnews_single_post":{"format":"standard"},"jnews_primary_category":[],"_joinchat":[],"footnotes":""},"categories":[141,79,58,75],"tags":[],"class_list":["post-13584","post","type-post","status-publish","format-standard","has-post-thumbnail","hentry","category-comunicacion-popular","category-nadie-se-salva-solo","category-noticiariachuelo","category-trabajo"],"_links":{"self":[{"href":"http:\/\/fmriachuelo.it10.com.ar\/index.php\/wp-json\/wp\/v2\/posts\/13584","targetHints":{"allow":["GET"]}}],"collection":[{"href":"http:\/\/fmriachuelo.it10.com.ar\/index.php\/wp-json\/wp\/v2\/posts"}],"about":[{"href":"http:\/\/fmriachuelo.it10.com.ar\/index.php\/wp-json\/wp\/v2\/types\/post"}],"author":[{"embeddable":true,"href":"http:\/\/fmriachuelo.it10.com.ar\/index.php\/wp-json\/wp\/v2\/users\/5"}],"replies":[{"embeddable":true,"href":"http:\/\/fmriachuelo.it10.com.ar\/index.php\/wp-json\/wp\/v2\/comments?post=13584"}],"version-history":[{"count":1,"href":"http:\/\/fmriachuelo.it10.com.ar\/index.php\/wp-json\/wp\/v2\/posts\/13584\/revisions"}],"predecessor-version":[{"id":22755,"href":"http:\/\/fmriachuelo.it10.com.ar\/index.php\/wp-json\/wp\/v2\/posts\/13584\/revisions\/22755"}],"wp:featuredmedia":[{"embeddable":true,"href":"http:\/\/fmriachuelo.it10.com.ar\/index.php\/wp-json\/wp\/v2\/media\/13586"}],"wp:attachment":[{"href":"http:\/\/fmriachuelo.it10.com.ar\/index.php\/wp-json\/wp\/v2\/media?parent=13584"}],"wp:term":[{"taxonomy":"category","embeddable":true,"href":"http:\/\/fmriachuelo.it10.com.ar\/index.php\/wp-json\/wp\/v2\/categories?post=13584"},{"taxonomy":"post_tag","embeddable":true,"href":"http:\/\/fmriachuelo.it10.com.ar\/index.php\/wp-json\/wp\/v2\/tags?post=13584"}],"curies":[{"name":"wp","href":"https:\/\/api.w.org\/{rel}","templated":true}]}}