{"id":13566,"date":"2021-06-01T01:40:47","date_gmt":"2021-06-01T01:40:47","guid":{"rendered":"http:\/\/fmriachuelo.com.ar\/?p=13566"},"modified":"2025-02-12T16:00:33","modified_gmt":"2025-02-12T19:00:33","slug":"solo-el-barrio-salva-al-barrio","status":"publish","type":"post","link":"http:\/\/fmriachuelo.it10.com.ar\/index.php\/2021\/06\/01\/solo-el-barrio-salva-al-barrio\/","title":{"rendered":"S\u00d3LO EL BARRIO SALVA AL BARRIO"},"content":{"rendered":"<p><b>[FM Riachuelo, 31\/5\/2021] El recrudecimiento de la segunda ola de la pandemia no hace excepciones con las barriadas populares. Pero ante los problemas que se multiplican son las propias comunidades las que dan el paso adelante para bancar al vecino en apremios. En esta oportunidad, nuestros corresponsales populares del Comedor Bartolina Sisa de Cuartel V, Moreno, traen la historia que vuelve a mostrar, como a lo largo de toda la pandemia, que nadie se salva solo: en el programa Romp\u00e9 el Cerco (lunes a viernes de 17 a 19hs) el Padre Juan, integrante de la Parroquia Sagrado Coraz\u00f3n de Cuartel V, comparti\u00f3 la experiencia del surgimiento de \u201cuna organizaci\u00f3n barrial, de vecinos\u201d llamada el Barrio Cuida al Barrio que hoy construye desde abajo un banco de alimentos para todas las familias que deben transitar el aislamiento por Covid.<\/b><\/p>\n<p><span style=\"font-weight: 400\">\u201c<\/span><i><span style=\"font-weight: 400\">A partir del inicio de la pandemia nos encontramos visualizando varias necesidades, una de ellas es la emergencia sanitaria y la emergencia alimentaria<\/span><\/i><span style=\"font-weight: 400\">\u201d,<\/span> <span style=\"font-weight: 400\">remarc\u00f3 el Padre Juan y expres\u00f3 la necesidad de poder resolver colectivamente la situaci\u00f3n alimentaria de los vecinos aislados por COVID 19. Una de las alternativas que encontraron fue generar un banco de alimentos para poder darle soluci\u00f3n a la problem\u00e1tica que tenemos en la mayor\u00eda de nuestros barrios populares.<\/span><\/p>\n<p><span style=\"font-weight: 400\">Por \u00faltimo, vale la pena rescatar alguna de las reflexiones finales del Padre Juan: una invitaci\u00f3n de donde hay que poner el o\u00eddo y la energ\u00eda para sobrellevar este momento y sacar el barrio adelante. \u201c<\/span><i><span style=\"font-weight: 400\">Los que nos encontramos tenemos como objetivo fortalecer el lugar del pobre, su situaci\u00f3n para que sea m\u00e1s favorecido. Donde se desactiva la participaci\u00f3n, donde se desactiva a un referente para ponerlo en una iglesia, yo no creo que eso est\u00e9 bien. Dios camina entre el barrio y hay que activar al barrio no dormirlo y meterlo en la iglesia<\/span><\/i><span style=\"font-weight: 400\">\u201d, describi\u00f3 Juan el rol que cumple la espiritualidad en la construcci\u00f3n colectiva.<\/span><\/p>\n<p><strong><a href=\"https:\/\/ar.radiocut.fm\/audiocut\/moreno-entre-una-parroquia-y-organizaciones-crearon-un-banco-alimentos\/\" target=\"_blank\" rel=\"noopener\">ESCUCH\u00c1 LA ENTREVISTA COMPLETA<\/a><\/strong><\/p>\n","protected":false},"excerpt":{"rendered":"<p>[FM Riachuelo, 31\/5\/2021] El recrudecimiento de la segunda ola de la pandemia no hace excepciones con las barriadas populares. Pero ante los problemas que se multiplican son las propias comunidades las que dan el paso adelante para bancar al vecino en apremios. En esta oportunidad, nuestros corresponsales populares del Comedor Bartolina Sisa de Cuartel V, [&hellip;]<\/p>\n","protected":false},"author":5,"featured_media":13567,"comment_status":"closed","ping_status":"closed","sticky":false,"template":"","format":"standard","meta":{"_monsterinsights_skip_tracking":false,"_monsterinsights_sitenote_active":false,"_monsterinsights_sitenote_note":"","_monsterinsights_sitenote_category":0,"jnews-multi-image_gallery":[],"jnews_single_post":{"format":"standard"},"jnews_primary_category":[],"_joinchat":[],"footnotes":""},"categories":[141,58,76,126],"tags":[],"class_list":["post-13566","post","type-post","status-publish","format-standard","has-post-thumbnail","hentry","category-comunicacion-popular","category-noticiariachuelo","category-salud-comunitaria","category-soberania-alimentaria"],"_links":{"self":[{"href":"http:\/\/fmriachuelo.it10.com.ar\/index.php\/wp-json\/wp\/v2\/posts\/13566","targetHints":{"allow":["GET"]}}],"collection":[{"href":"http:\/\/fmriachuelo.it10.com.ar\/index.php\/wp-json\/wp\/v2\/posts"}],"about":[{"href":"http:\/\/fmriachuelo.it10.com.ar\/index.php\/wp-json\/wp\/v2\/types\/post"}],"author":[{"embeddable":true,"href":"http:\/\/fmriachuelo.it10.com.ar\/index.php\/wp-json\/wp\/v2\/users\/5"}],"replies":[{"embeddable":true,"href":"http:\/\/fmriachuelo.it10.com.ar\/index.php\/wp-json\/wp\/v2\/comments?post=13566"}],"version-history":[{"count":1,"href":"http:\/\/fmriachuelo.it10.com.ar\/index.php\/wp-json\/wp\/v2\/posts\/13566\/revisions"}],"predecessor-version":[{"id":22762,"href":"http:\/\/fmriachuelo.it10.com.ar\/index.php\/wp-json\/wp\/v2\/posts\/13566\/revisions\/22762"}],"wp:featuredmedia":[{"embeddable":true,"href":"http:\/\/fmriachuelo.it10.com.ar\/index.php\/wp-json\/wp\/v2\/media\/13567"}],"wp:attachment":[{"href":"http:\/\/fmriachuelo.it10.com.ar\/index.php\/wp-json\/wp\/v2\/media?parent=13566"}],"wp:term":[{"taxonomy":"category","embeddable":true,"href":"http:\/\/fmriachuelo.it10.com.ar\/index.php\/wp-json\/wp\/v2\/categories?post=13566"},{"taxonomy":"post_tag","embeddable":true,"href":"http:\/\/fmriachuelo.it10.com.ar\/index.php\/wp-json\/wp\/v2\/tags?post=13566"}],"curies":[{"name":"wp","href":"https:\/\/api.w.org\/{rel}","templated":true}]}}