{"id":1356,"date":"2015-12-21T14:45:16","date_gmt":"2015-12-21T14:45:16","guid":{"rendered":"http:\/\/fmriachuelo.observatorioess.org.ar\/?p=1356"},"modified":"2015-12-21T14:45:16","modified_gmt":"2015-12-21T14:45:16","slug":"basta-de-punteros-pro","status":"publish","type":"post","link":"http:\/\/fmriachuelo.it10.com.ar\/index.php\/2015\/12\/21\/basta-de-punteros-pro\/","title":{"rendered":"Basta de punteros PRO"},"content":{"rendered":"<!--[if lt IE 9]><script>document.createElement('audio');<\/script><![endif]-->\n<audio class=\"wp-audio-shortcode\" id=\"audio-1356-1\" preload=\"none\" style=\"width: 100%;\" controls=\"controls\"><source type=\"audio\/mpeg\" src=\"http:\/\/www.flightpodcast.com\/podpress_trac\/web\/278\/0\/flight-podcast-episode-4-bo-corby.mp3?_=1\" \/><a href=\"http:\/\/www.flightpodcast.com\/podpress_trac\/web\/278\/0\/flight-podcast-episode-4-bo-corby.mp3\">http:\/\/www.flightpodcast.com\/podpress_trac\/web\/278\/0\/flight-podcast-episode-4-bo-corby.mp3<\/a><\/audio>\n<div>Organizaciones sindicales, sociales y pol\u00edticas marchar\u00e1n el martes 22 de diciembre a Plaza de Mayo contra el ajuste y para exigir un bono de emergencia. El anuncio se realiz\u00f3 en una conferencia de prensa conjunta que llevaron adelante las organizaciones convocantes.<\/div>\n<div><\/div>\n<div>El jueves pasado, en la sede central de la CTA en Capital Federal, representantes de las diversas organizaciones convocantes anunciaron que desde las 17hs comenzar\u00e1 la concentraci\u00f3n en la intersecci\u00f3n de Belgrano y 9 de Julio. Se marchar\u00e1 a la sede del Ministerio de Desarrollo Social de la Naci\u00f3n y luego a Plaza de Mayo, donde se desarrollar\u00e1 el acto central.<\/div>\n<div><\/div>\n<div>La convocatoria surgi\u00f3 desde la CTA Aut\u00f3noma, liderada por Pablo Micheli, y cont\u00f3 con el apoyo de distintos sindicatos y comisiones internas (trabajadores aceiteros, camioneros, docentes, judiciales, ferroviarios, juntas internas de ATE, entre otros), as\u00ed como de partidos pol\u00edticos y organizaciones sociales y de trabajadores precarizados y cooperativistas (PO, PTS, IS, MST, FPDS, FPDS CN, AGTCAP, CTEP).<\/div>\n<div><\/div>\n<div>Las principales exigencias son el reclamo de un bono de emergencia de $5000 y contra el ajuste, tras la devaluaci\u00f3n del 40% y el aumento de precios que ya golpea el bolsillo de trabajadores, jubilados y pensionados. Estas exigencias forman parte de una carta dirigida al presidente Mauricio Macri, donde tambi\u00e9n se hace hincapi\u00e9 en las medidas tomadas a favor de las grandes empresas, por ejemplo, con la eliminaci\u00f3n a las retenciones al sector agropecuario (\u201cretenciones cero\u201d en tigre, ma\u00edz y carne y quita del 5% a la soja).<\/div>\n","protected":false},"excerpt":{"rendered":"<p>http:\/\/www.flightpodcast.com\/podpress_trac\/web\/278\/0\/flight-podcast-episode-4-bo-corby.mp3 Organizaciones sindicales, sociales y pol\u00edticas marchar\u00e1n el martes 22 de diciembre a Plaza de Mayo contra el ajuste y para exigir un bono de emergencia. El anuncio se realiz\u00f3 en una conferencia de prensa conjunta que llevaron adelante las organizaciones convocantes. El jueves pasado, en la sede central de la CTA en Capital Federal, [&hellip;]<\/p>\n","protected":false},"author":4,"featured_media":1229,"comment_status":"open","ping_status":"open","sticky":false,"template":"","format":"audio","meta":{"_monsterinsights_skip_tracking":false,"_monsterinsights_sitenote_active":false,"_monsterinsights_sitenote_note":"","_monsterinsights_sitenote_category":0,"jnews-multi-image_gallery":[],"jnews_single_post":[],"jnews_primary_category":[],"_joinchat":[],"footnotes":""},"categories":[1],"tags":[],"class_list":["post-1356","post","type-post","status-publish","format-audio","has-post-thumbnail","hentry","category-habitat","post_format-post-format-audio"],"_links":{"self":[{"href":"http:\/\/fmriachuelo.it10.com.ar\/index.php\/wp-json\/wp\/v2\/posts\/1356","targetHints":{"allow":["GET"]}}],"collection":[{"href":"http:\/\/fmriachuelo.it10.com.ar\/index.php\/wp-json\/wp\/v2\/posts"}],"about":[{"href":"http:\/\/fmriachuelo.it10.com.ar\/index.php\/wp-json\/wp\/v2\/types\/post"}],"author":[{"embeddable":true,"href":"http:\/\/fmriachuelo.it10.com.ar\/index.php\/wp-json\/wp\/v2\/users\/4"}],"replies":[{"embeddable":true,"href":"http:\/\/fmriachuelo.it10.com.ar\/index.php\/wp-json\/wp\/v2\/comments?post=1356"}],"version-history":[{"count":0,"href":"http:\/\/fmriachuelo.it10.com.ar\/index.php\/wp-json\/wp\/v2\/posts\/1356\/revisions"}],"wp:featuredmedia":[{"embeddable":true,"href":"http:\/\/fmriachuelo.it10.com.ar\/index.php\/wp-json\/"}],"wp:attachment":[{"href":"http:\/\/fmriachuelo.it10.com.ar\/index.php\/wp-json\/wp\/v2\/media?parent=1356"}],"wp:term":[{"taxonomy":"category","embeddable":true,"href":"http:\/\/fmriachuelo.it10.com.ar\/index.php\/wp-json\/wp\/v2\/categories?post=1356"},{"taxonomy":"post_tag","embeddable":true,"href":"http:\/\/fmriachuelo.it10.com.ar\/index.php\/wp-json\/wp\/v2\/tags?post=1356"}],"curies":[{"name":"wp","href":"https:\/\/api.w.org\/{rel}","templated":true}]}}