{"id":13555,"date":"2021-05-30T17:01:05","date_gmt":"2021-05-30T17:01:05","guid":{"rendered":"http:\/\/fmriachuelo.com.ar\/?p=13555"},"modified":"2025-02-12T16:02:03","modified_gmt":"2025-02-12T19:02:03","slug":"asamblea-radial-por-los-25-anos-del-movimiento-popular-los-pibes","status":"publish","type":"post","link":"http:\/\/fmriachuelo.it10.com.ar\/index.php\/2021\/05\/30\/asamblea-radial-por-los-25-anos-del-movimiento-popular-los-pibes\/","title":{"rendered":"ASAMBLEA RADIAL POR LOS 25 A\u00d1OS DEL MOVIMIENTO POPULAR LOS PIBES"},"content":{"rendered":"<p><b>[FM Riachuelo, 30\/05\/2021]<\/b> <b>Este 25 de mayo, junto con los 211 a\u00f1os de la Revoluci\u00f3n de Mayo, el Movimiento Popular Los Pibes tambi\u00e9n celebr\u00f3 sus 25 a\u00f1os. En esa misma fecha en que nuestras y nuestros patriotas abr\u00edan un camino de revoluci\u00f3n para dar nuestro primer grito de Independencia, pero de 1996, nuestro Movimiento nac\u00eda como merendero ante la necesidad de parar la olla de un pueblo hambreado por el neoliberalismo de los \u201890. Desde FM Riachuelo, realizamos una Asamblea Radial desde las 10hs hasta las 16hs, en la que entramos en comunicaci\u00f3n con las distintas expresiones del Movimiento a lo largo del pa\u00eds, para balancear el pasado, vivir el presente y seguir cambiando el futuro, siempre en busca de conquistar la segunda y definitiva independencia.<\/b> <b>En ella, reafirmamos nuestras rebeld\u00edas, y seguimos construyendo las pr\u00f3ximas insurgencias.<\/b><\/p>\n<p><span style=\"font-weight: 400\">La Asamblea tuvo su apertura con la presencia de<\/span><b> Lito Borello<\/b><span style=\"font-weight: 400\">, compa\u00f1ero hist\u00f3rico y coordinador nacional del <\/span><b>Movimiento Popular Los Pibes<\/b><span style=\"font-weight: 400\">, para contar los\u00a0 comienzos\u00a0 y c\u00f3mo se construy\u00f3 poder popular a lo largo de estos 25 a\u00f1os, que <\/span><i><span style=\"font-weight: 400\">\u00abhoy nos encuentran peleando como siempre por nuestro pueblo.\u00bb<\/span><\/i><\/p>\n<p><span style=\"font-weight: 400\"><img loading=\"lazy\" decoding=\"async\" class=\" wp-image-13558 aligncenter\" src=\"http:\/\/fmriachuelo.com.ar\/wp-content\/uploads\/2021\/05\/193503692_4262620367130446_3726676074092329500_n-300x225.jpg\" alt=\"\" width=\"555\" height=\"416\" \/>Juan Carlos S\u00e1nchez, referente del <\/span><b>Frente Barrial Pocho Lepratti<\/b><span style=\"font-weight: 400\">, desde\u00a0 La Paz, Entre R\u00edos,\u00a0 se comunic\u00f3 para contarnos que est\u00e1n\u00a0 repartiendo alimentos para el pueblo en este momento dif\u00edcil: <\/span><i><span style=\"font-weight: 400\">\u00abporque donde los pol\u00edticos no se hacen presentes, s\u00f3lo las organizaciones ayudan a la gente\u00bb.<\/span><\/i><\/p>\n<p><span style=\"font-weight: 400\">Tambi\u00e9n desde Entre R\u00edos, Celia, referente del <\/span><b>Merendero Los Hermanos<\/b><span style=\"font-weight: 400\"> de Concordia, record\u00f3 a nuestro compa\u00f1ero Mart\u00edn Cisneros: <\/span><i><span style=\"font-weight: 400\">\u201cseguimos con la consigna nadie se salva solo y con el Oso que nos mira ayudando al pueblo, acercando la comida y acompa\u00f1ando a los que m\u00e1s lo necesitan\u201d.<\/span><\/i><\/p>\n<p><span style=\"font-weight: 400\">Durante la Asamblea Radial fuimos escuchando los saludos que llegaron desde Organizaciones, Gremios, Merenderos y compa\u00f1eros y compa\u00f1eras que comparten la lucha y con quienes Los Pibes han cruzado su camino. Tales fueron el de <\/span><b>Esteban Gringo Castro<\/b><span style=\"font-weight: 400\">,\u00a0 secretario general de <\/span><b>UTEP<\/b><span style=\"font-weight: 400\">; <\/span><b>Pablo Moyano<\/b><span style=\"font-weight: 400\">, secretario general de <\/span><b>Camioneros<\/b><span style=\"font-weight: 400\">; <\/span><b>Deolinda Carrizo<\/b><span style=\"font-weight: 400\">, referente del\u00a0 <\/span><b>MNCI<\/b><span style=\"font-weight: 400\"> y <\/span><b>MOCASE<\/b><span style=\"font-weight: 400\">; <\/span><b>\u00a0Cachorro Godoy<\/b><span style=\"font-weight: 400\">, referente de <\/span><b>ATE<\/b><span style=\"font-weight: 400\">;\u00a0 <\/span><b>Carina Maloberti<\/b><span style=\"font-weight: 400\">, referente de <\/span><b>ATE SENASA<\/b><span style=\"font-weight: 400\"> y <\/span><b>Convocatoria Segunda Independencia<\/b><span style=\"font-weight: 400\">, junto a las compa\u00f1eras del <\/span><b>Merendero Bartolina Sisa<\/b><span style=\"font-weight: 400\"> de Cuartel V; <\/span><b>Luis D&#8217;Elia<\/b><span style=\"font-weight: 400\">, referente\u00a0 de <\/span><b>FTv Miles<\/b><span style=\"font-weight: 400\">, <\/span><b>quien supo acompa\u00f1ar a Los Pibes en el momento m\u00e1s dif\u00edcil de su historia<\/b><span style=\"font-weight: 400\">; <\/span><b>Marta Ferraro<\/b><span style=\"font-weight: 400\"> desde la textil 8 de marzo, referente de la <\/span><b>Agrupaci\u00f3n de Frente<\/b><span style=\"font-weight: 400\">; y compa\u00f1eros de la <\/span><b>OLP<\/b><span style=\"font-weight: 400\">, entre los muchos militantes que hoy comparten\u00a0 el festejo y los saludos por\u00a0 los 211 a\u00f1os de la Patria y los 25 a\u00f1os del Movimiento.<\/span><\/p>\n<p><span style=\"font-weight: 400\"><img loading=\"lazy\" decoding=\"async\" class=\" wp-image-13557 aligncenter\" src=\"http:\/\/fmriachuelo.com.ar\/wp-content\/uploads\/2021\/05\/191504325_4262619987130484_8448226271320268494_n-300x224.jpg\" alt=\"\" width=\"595\" height=\"444\" \/> \u00a0\u00a0En el barrio La Boca, cuna del Movimiento, un m\u00f3vil nos conect\u00f3 con la <\/span><b>Cooperativa de Vivienda Los Pibes (CoViLPi)<\/b><span style=\"font-weight: 400\">, donde se escuch\u00f3 la voz de Mario Gonz\u00e1lez, hist\u00f3rico compa\u00f1ero: <\/span><i><span style=\"font-weight: 400\">\u201ces en la lucha y compartiendo una chocolatada con el territorio donde se\u00a0 demuestra la vigencia de Los Pibes, que siempre est\u00e1 presente para enfrentar al enemigo, sea el que sea, junto al pueblo y en la lucha, orgullosos de estar donde tenemos que estar. Por eso siempre estamos presentes y de pie junto al barrio como desde hace 25 a\u00f1os. Por eso a no bajar los brazos y seguir luchando y so\u00f1ando con un mundo mejor, porque la Patria nos necesita unidos. Nuestro desaf\u00edo es seguir rompiendo cadenas, con nuestro recambio que son los j\u00f3venes\u201d<\/span><\/i><span style=\"font-weight: 400\">.<\/span><\/p>\n<p><span style=\"font-weight: 400\">Mientras en la <\/span><b>Casa Popular el Fog\u00f3n<\/b><span style=\"font-weight: 400\"> de Avellaneda se compart\u00eda un guiso con todo el barrio para luego dar lugar a una merienda, los compa\u00f1eros y compa\u00f1eras entraron en comunicaci\u00f3n con la Asamblea: <\/span><i><span style=\"font-weight: 400\">\u00abas\u00ed se festeja la organizaci\u00f3n, en comunidad con el territorio y reflexionando sobre la pol\u00edtica en estos dif\u00edciles momentos,\u00a0 para comprender por qu\u00e9 se sigue luchando y cu\u00e1les son los desaf\u00edos a futuro para el pueblo.\u00a0 Mientras seguimos creando conciencia y dando el debate necesario para las organizaciones populares sobre el proyecto emancipador para\u00a0 la segunda y definitiva independencia\u201d<\/span><\/i><span style=\"font-weight: 400\">, expresaron.<\/span><\/p>\n<p><span style=\"font-weight: 400\"><img loading=\"lazy\" decoding=\"async\" class=\" wp-image-13560 aligncenter\" src=\"http:\/\/fmriachuelo.com.ar\/wp-content\/uploads\/2021\/05\/194556006_4262619907130492_8527076296822885697_n-300x300.jpg\" alt=\"\" width=\"552\" height=\"552\" \/>Desde Tucum\u00e1n, M\u00f3nica de la <\/span><b>Cooperativa Huasi en Tafi del Valle<\/b><span style=\"font-weight: 400\">, se sum\u00f3 a la Asamblea Radial para festejar los 25 a\u00f1os y compartir su despliegue de la pol\u00edtica territorial que caracteriza al Movimiento Popular Los Pibes, compartiendo un locro con el barrio: <\/span><i><span style=\"font-weight: 400\">\u201ceso es algo que siempre se brinda desde la organizaci\u00f3n popular, porque nadie se salva solo\u201d<\/span><\/i><span style=\"font-weight: 400\">.<\/span><\/p>\n<p><span style=\"font-weight: 400\">El m\u00f3vil que recorr\u00eda los distintos espacios de La Boca lleg\u00f3 a la Cooperativa de <\/span><b>Recicladores<\/b><span style=\"font-weight: 400\">, quienes hablaron de la pol\u00edtica del Movimiento y recalcaron que <\/span><i><span style=\"font-weight: 400\">\u201cla organizaci\u00f3n hace lo que deber\u00eda hacer el Estado, compartiendo una olla con los vecinos porque no hay feriados para la necesidad del pueblo. Solidariz\u00e1ndonos con los vecinos en el d\u00eda de la Patria y participando de la Asamblea con un mensaje que el objetivo es conseguir un mundo mejor en colectivo y no bajar los brazos\u201d.<\/span><\/i><\/p>\n<p><span style=\"font-weight: 400\">Antonia, desde la <\/span><b>Organizaci\u00f3n Huellas de Esperanza<\/b><span style=\"font-weight: 400\"> de Iguaz\u00fa,\u00a0 se sum\u00f3 a este festejo, reunidos con un guiso para la gente de la zona: <\/span><i><span style=\"font-weight: 400\">\u201cestamos trabajando con el tema de la pandemia siempre dispuestos a ayudar unidos y organizados para nuestro pueblo, ese es el mensaje que queremos dejar hoy. No bajar los brazos porque as\u00ed logramos seguir en la lucha\u201d.<\/span><\/i><\/p>\n<p><span style=\"font-weight: 400\">Mientras tanto, se siguieron comparitendo much\u00edsimos saludos como los recibidos desde el <\/span><b>Movimiento Misioneros de Francisco<\/b><span style=\"font-weight: 400\"> y del <\/span><b>Merendero\u00a0 Madres en Lucha<\/b><span style=\"font-weight: 400\">.\u00a0Tambi\u00e9n intervinieron desde el <strong>Merendero El \u00c1ngel de la Bicicleta<\/strong> de Salta y desde Puerto Iguaz\u00fa del <strong>Movimiento Activo Social y Pol\u00edtico (MAS)<\/strong>.<\/span><\/p>\n<p><span style=\"font-weight: 400\"><img loading=\"lazy\" decoding=\"async\" class=\" wp-image-13561 aligncenter\" src=\"http:\/\/fmriachuelo.com.ar\/wp-content\/uploads\/2021\/05\/193661616_4262619567130526_6887730135645181783_n-225x300.jpg\" alt=\"\" width=\"392\" height=\"523\" \/>Desde La Boca, las compa\u00f1eras y compa\u00f1eros de la <\/span><b>Cocina de Suarez 421<\/b><span style=\"font-weight: 400\"> estaban compartiendo una olla popular con todos los vecinos que se acercaban. Carolina, integrante del espacio, expres\u00f3: \u201cEstamos reivindicando nuestro compromiso de lucha junto a quienes lo necesitan. Con esfuerzo y militancia junto a los dem\u00e1s porque todos los d\u00edas aprendemos a ser mejores personas.\u201d Tambi\u00e9n se expres\u00f3 La Pacha, hist\u00f3rica compa\u00f1era del Movimiento: <\/span><i><span style=\"font-weight: 400\">\u201caqu\u00ed estamos en la calle, esto es la mitad de mi vida, agradezco a la organizaci\u00f3n poder ayudar a los dem\u00e1s, de eso estoy muy orgullosa desde hace 25 a\u00f1os\u201d.<\/span><\/i><\/p>\n<p><span style=\"font-weight: 400\">Desde <\/span><b>El Patio Casa Popular<\/b><span style=\"font-weight: 400\"> en La Boca, que comparti\u00f3 un desayuno con los vecinos y vecinas, la hist\u00f3rica compa\u00f1era <\/span><b>Negra Cano<\/b><span style=\"font-weight: 400\">, festej\u00f3, como ella dice, sus 25 a\u00f1os de vida junto a Los Pibes: <\/span><i><span style=\"font-weight: 400\">\u201cla lucha y los compa\u00f1eros me hicieron, porque aprend\u00ed y estoy muy orgullosa de saber que nadie se salva solo. Nunca nos tenemos que rendir,\u00a0 estoy muy emocionada de recordar este camino y me hace sentir orgullosa el empe\u00f1o y lo que aprendemos todos los d\u00edas con nuestros compa\u00f1eros en Los Pibes. El desaf\u00edo que tenemos por delante es seguir organiz\u00e1ndonos en conjunto las cosas se hacen as\u00ed, no se hacen solas.\u00a0 Al Oso hay que imitarlo no llorarlo, \u00e9l nos dir\u00eda hoy que hay que seguir adelante\u201d.<\/span><\/i><\/p>\n<p><b>Sandra Espinoza<\/b><span style=\"font-weight: 400\">, otra compa\u00f1era hist\u00f3rica de Los Pibes, particip\u00f3 en la Asamblea y record\u00f3 esos inicios: <\/span><i><span style=\"font-weight: 400\">\u201cestamos m\u00e1s unidos y organizados, con los j\u00f3venes que se suman a esta lucha, viendo c\u00f3mo se sigue dando batalla en esta etapa tan dif\u00edcil, para pelear\u00a0 contra el desaf\u00edo que tenemos por delante de hacer d\u00eda a d\u00eda la lucha por la vivienda, el agua, el trabajo digno, la comida todo por lo que peleamos todos los d\u00edas\u201d.<\/span><\/i><\/p>\n<p><span style=\"font-weight: 400\">Durante la Asamblea, continuamos rompiendo l\u00edmites impuestos por un sistema de dominaci\u00f3n que busca la divisi\u00f3n de los pueblos, y recibimos saludos desde distintas expresiones de nuestra Patria Grande. Desde <\/span><b>Venezuela<\/b><span style=\"font-weight: 400\">, <\/span><b>Juan Contreras<\/b><span style=\"font-weight: 400\"> de la <\/span><b>Coordinadora Sim\u00f3n Bol\u00edvar<\/b><span style=\"font-weight: 400\">, hizo llegar su afectuoso mensaje: <\/span><i><span style=\"font-weight: 400\">\u201cun fuerte abrazo desde la Patria de Bol\u00edvar al todo el Movimiento Popular Los Pibes, insignia de la lucha Argentina, ejemplo para la am\u00e9rica Latina y el Caribe y siempre levantando las banderas del Oso Cisneros,\u00a0 tenemos que seguir luchando bajo el ideario Bolivariano para seguir construyendo la Patria Grande, ese sue\u00f1o del Libertador\u201d.<\/span><\/i><span style=\"font-weight: 400\"> Tambi\u00e9n <\/span><b>Roger Capella<\/b> <b>ex Embajador de Venezuela en Argentina<\/b><span style=\"font-weight: 400\"> expres\u00f3: <\/span><i><span style=\"font-weight: 400\">\u201cLos hermanos del Oso, del pueblo que lucha por la soberan\u00eda de la Patria Argentina, reciben nuestro devoto, revolucionario y solidario mensaje de afecto y amistad\u00bb.<\/span><\/i><\/p>\n<p><span style=\"font-weight: 400\">Desde <\/span><b>Bolivia<\/b><span style=\"font-weight: 400\">, recibimos el saludo de <\/span><b>Fernando Valdivia<\/b><span style=\"font-weight: 400\">, del <\/span><b>Movimiento Guevarista de Santa Cruz de la Sierra<\/b><span style=\"font-weight: 400\">: <\/span><i><span style=\"font-weight: 400\">\u201cSon 25 a\u00f1os que han transcurrido en medio de luchas, movilizaciones, logros y derrotas; la impronta que tenemos los revolucionarios en Nuestra Am\u00e9rica\u201d<\/span><\/i><span style=\"font-weight: 400\">.\u00a0 <\/span><b>Antonio Abal O\u00f1a<\/b><span style=\"font-weight: 400\">, <\/span><b>periodista<\/b><span style=\"font-weight: 400\"> y <\/span><b>ex C\u00f3nsul de Bolivia en Argentina<\/b><span style=\"font-weight: 400\">, tambi\u00e9n sum\u00f3 sus palabras a esta Asamblea Radial: <\/span><i><span style=\"font-weight: 400\">\u00abS\u00f3lo el pueblo salva al pueblo, pero en la medida de que ese pueblo est\u00e9 organizado. Y Los Pibes se ocupa de eso, de organizar al pueblo\u00bb.<\/span><\/i><\/p>\n<p><b>Chile<\/b><span style=\"font-weight: 400\"> tambi\u00e9n sum\u00f3 con sus saludos a este festejo: los compa\u00f1eros de la radio <\/span><b>Nuestra Dignidad<\/b><span style=\"font-weight: 400\"> enviaron un afectuoso saludo, como tambi\u00e9n el <\/span><b>artista popular de hip hop GuerrillerOkulto<\/b><span style=\"font-weight: 400\"> desde Santiago de Chile, que dedic\u00f3 un rap plasmando la historia del Movimiento a lo largo de los a\u00f1os, que se puede encontrar en nuestras redes.<\/span><\/p>\n<p><span style=\"font-weight: 400\"><img loading=\"lazy\" decoding=\"async\" class=\" wp-image-13559 aligncenter\" src=\"http:\/\/fmriachuelo.com.ar\/wp-content\/uploads\/2021\/05\/194306873_4262618827130600_8937445455909616181_n-300x225.jpg\" alt=\"\" width=\"520\" height=\"390\" \/>Durante el transcurso de la Asamblea, el m\u00f3vil se acerc\u00f3 al <\/span><b>Paseo de la Econom\u00eda Popular Mart\u00edn Oso Cisneros<\/b><span style=\"font-weight: 400\">, donde compartieron con les vecines una rica chocolatada con tortas fritas. All\u00ed conversaron con <\/span><b>Marta Sanagua<\/b><span style=\"font-weight: 400\"> y <\/span><b>Claudia Maidana<\/b><span style=\"font-weight: 400\">, referentes hist\u00f3ricas de Los Pibes, quienes destacaron que <\/span><i><span style=\"font-weight: 400\">\u201cla organizaci\u00f3n nos ense\u00f1\u00f3 a luchar por nuestros derechos, nos ense\u00f1aron a construir las herramientas necesarias para lograr lo que necesit\u00e1bamos, nos mostr\u00f3 que somos dignos y nos dio la libertad para seguir creciendo\u201d.<\/span><\/i><\/p>\n<p><span style=\"font-weight: 400\">De la Asamblea tambi\u00e9n particip\u00f3 Alejandro Lucero, integrante de la <\/span><b>Brigada Sanitaria Los Pibes<\/b><span style=\"font-weight: 400\">, que se encontraba en el <\/span><b>Merendero Juntos y Unidos<\/b><span style=\"font-weight: 400\"> de Lomas de Zamora, quien destac\u00f3 la necesidad de los territorios de organizarse para cuidar la salud de los compa\u00f1eros y compa\u00f1eras que se encuentran en la primer l\u00ednea de batalla contra la pandemia y sosteniendo los comedores y merenderos que auxilian a las familias en estos momentos complejos.<\/span><\/p>\n<p><span style=\"font-weight: 400\">En los \u00faltimos minutos de esta Asamblea Radial, Vale Gracia de <\/span><b>Comunidad Agroecol\u00f3gica Milpa<\/b><span style=\"font-weight: 400\">, nos cont\u00f3 que en esta \u00faltima semana y a trav\u00e9s de diversas charlas concluyeron que <\/span><i><span style=\"font-weight: 400\">\u201cComunidad Milpa surgi\u00f3 de tantos momentos de pensarnos, de construir desde la pr\u00e1ctica, de acercarnos a la tierra. Nacimos para desaparecer, pero las organizaciones siempre vamos a estar alertas custodiando los derechos del pueblo. El desaf\u00edo hacia adelante es seguir construyendo, compartiendo y escuchando con sinceridad\u201d<\/span><\/i><\/p>\n<p><span style=\"font-weight: 400\">Comunicados con <\/span><b>Luciano \u00c1lvarez<\/b><span style=\"font-weight: 400\">, compa\u00f1ero hist\u00f3rico y secretario de organizaci\u00f3n del Movimiento, fuimos cerrando la Asamblea y le pedimos un mensaje para todos los compa\u00f1eros que militan a lo largo y ancho de nuestra Patria: <\/span><i><span style=\"font-weight: 400\">\u201cnosotros creemos en la inteligencia colectiva, indudablemente tenemos que tomar el tim\u00f3n del destino de esta Patria Grande que nos permita juntar todas las energ\u00edas y resistir como un solo pu\u00f1o. Hay que seguir luchando hasta que el sue\u00f1o de Mart\u00edn se convierta en algo palpable\u201d<\/span><\/i><\/p>\n<p><span style=\"font-weight: 400\">La Asamblea Radial concluy\u00f3 con una nueva participaci\u00f3n de <\/span><b>Lito Borello<\/b><span style=\"font-weight: 400\">, quien se dirigi\u00f3 a la Asamblea Plenaria destacando que est\u00e1 claro que la unidad que debemos conformar es una unidad con los que luchan, una unidad estrat\u00e9gica que permita que todas nuestras organizaciones sean peque\u00f1as o grandes, conformen un nuevo ej\u00e9rcito de liberaci\u00f3n que recorra la tierra de Am\u00e9rica Latina y enfrente los desaf\u00edos que tenemos por delante como un solo ej\u00e9rcito. Para cerrar, expres\u00f3: <\/span><i><span style=\"font-weight: 400\">\u201chay que seguir profundizando lo que colectivamente vamos construyendo, con el horizonte claro con la rebeld\u00eda bien arriba. Todos nos sentimos orgullosos de pertenecer a esta organizaci\u00f3n, no hay revoluci\u00f3n sin revolucionarios y cada d\u00eda recorremos ese desaf\u00edo\u2026 Junto a toda la regi\u00f3n 211 a\u00f1os despu\u00e9s reafirmamos el compromiso hist\u00f3rico de recorrer las banderas de todos los patriotas, de retomar el camino de San Mart\u00edn y de Bol\u00edvar, esa necesidad cada vez m\u00e1s necesaria de esa Segunda y definitiva Independencia&#8230; Francisco nos llama poetas sociales, nos dice que somos sujetos de transformaci\u00f3n, a nosotros hombres y mujeres de nuestros movimientos nos toca llevar adelante todav\u00eda la realizaci\u00f3n de la poes\u00eda m\u00e1s importante que podemos construir la revoluci\u00f3n hoy m\u00e1s que nunca. Ac\u00e1 no se rinde nadie porque la bandera del Oso la haremos triunfar en la victoria de nuestro pueblo\u201d.<\/span><\/i><\/p>\n<div class=\"o9v6fnle cxmmr5t8 oygrvhab hcukyx3x c1et5uql ii04i59q\">\n<div dir=\"auto\"><strong>Compartimos toda la producci\u00f3n de la Asamblea:<\/strong><\/div>\n<div dir=\"auto\"><\/div>\n<div dir=\"auto\">\n<div class=\"o9v6fnle cxmmr5t8 oygrvhab hcukyx3x c1et5uql ii04i59q\">\n<div dir=\"auto\"><a href=\"https:\/\/bit.ly\/3uu5TaY\" target=\"_blank\" rel=\"noopener\"><strong>Producci\u00f3n sonora, s\u00edntesis de intervenciones de la asamblea<\/strong><\/a><\/div>\n<div dir=\"auto\"><\/div>\n<\/div>\n<\/div>\n<div><\/div>\n<div dir=\"auto\">\n<div class=\"o9v6fnle cxmmr5t8 oygrvhab hcukyx3x c1et5uql ii04i59q\">\n<div dir=\"auto\"><a href=\"https:\/\/bit.ly\/3i4EIB6\" target=\"_blank\" rel=\"noopener\"><strong>Producci\u00f3n sonora, s\u00edntesis de saludos a la asamblea<\/strong><\/a><\/div>\n<div dir=\"auto\"><\/div>\n<div><\/div>\n<\/div>\n<\/div>\n<\/div>\n<div class=\"o9v6fnle cxmmr5t8 oygrvhab hcukyx3x c1et5uql ii04i59q\">\n<div dir=\"auto\"><strong><a href=\"https:\/\/bit.ly\/3uC7FH7\" target=\"_blank\" rel=\"noopener\">Apertura de la Asamblea y designaci\u00f3n del Oso Cisneros para presidirla, a cargo de nuestro Coordinador Nacional, Lito Borello<\/a><\/strong><\/div>\n<div dir=\"auto\"><\/div>\n<div dir=\"auto\"><\/div>\n<\/div>\n<div class=\"o9v6fnle cxmmr5t8 oygrvhab hcukyx3x c1et5uql ii04i59q\">\n<div dir=\"auto\"><a href=\"https:\/\/bit.ly\/3vNiY0J\" target=\"_blank\" rel=\"noopener\"><strong>Intervenci\u00f3n de cierre, palabras finales de Lito Borello, Coordinador Nacional del MP Los Pibes<\/strong><\/a><\/div>\n<div dir=\"auto\"><\/div>\n<div dir=\"auto\"><\/div>\n<\/div>\n<div class=\"o9v6fnle cxmmr5t8 oygrvhab hcukyx3x c1et5uql ii04i59q\">\n<div dir=\"auto\"><a href=\"https:\/\/bit.ly\/3yLfUE2\" target=\"_blank\" rel=\"noopener\"><strong>Todas las intervenciones (audios)<\/strong><\/a><\/div>\n<div dir=\"auto\"><\/div>\n<div dir=\"auto\"><\/div>\n<\/div>\n<div class=\"o9v6fnle cxmmr5t8 oygrvhab hcukyx3x c1et5uql ii04i59q\">\n<div dir=\"auto\">\n<p><a href=\"https:\/\/bit.ly\/3pfDMvn\" target=\"_blank\" rel=\"noopener\"><strong>Todos los saludos (audios)<\/strong><\/a><\/p>\n<div><\/div>\n<\/div>\n<\/div>\n","protected":false},"excerpt":{"rendered":"<p>[FM Riachuelo, 30\/05\/2021] Este 25 de mayo, junto con los 211 a\u00f1os de la Revoluci\u00f3n de Mayo, el Movimiento Popular Los Pibes tambi\u00e9n celebr\u00f3 sus 25 a\u00f1os. En esa misma fecha en que nuestras y nuestros patriotas abr\u00edan un camino de revoluci\u00f3n para dar nuestro primer grito de Independencia, pero de 1996, nuestro Movimiento nac\u00eda [&hellip;]<\/p>\n","protected":false},"author":5,"featured_media":13556,"comment_status":"closed","ping_status":"closed","sticky":false,"template":"","format":"standard","meta":{"_monsterinsights_skip_tracking":false,"_monsterinsights_sitenote_active":false,"_monsterinsights_sitenote_note":"","_monsterinsights_sitenote_category":0,"jnews-multi-image_gallery":[],"jnews_single_post":{"format":"standard"},"jnews_primary_category":[],"_joinchat":[],"footnotes":""},"categories":[141,61,79,76],"tags":[],"class_list":["post-13555","post","type-post","status-publish","format-standard","has-post-thumbnail","hentry","category-comunicacion-popular","category-especiales-riachuelo","category-nadie-se-salva-solo","category-salud-comunitaria"],"_links":{"self":[{"href":"http:\/\/fmriachuelo.it10.com.ar\/index.php\/wp-json\/wp\/v2\/posts\/13555","targetHints":{"allow":["GET"]}}],"collection":[{"href":"http:\/\/fmriachuelo.it10.com.ar\/index.php\/wp-json\/wp\/v2\/posts"}],"about":[{"href":"http:\/\/fmriachuelo.it10.com.ar\/index.php\/wp-json\/wp\/v2\/types\/post"}],"author":[{"embeddable":true,"href":"http:\/\/fmriachuelo.it10.com.ar\/index.php\/wp-json\/wp\/v2\/users\/5"}],"replies":[{"embeddable":true,"href":"http:\/\/fmriachuelo.it10.com.ar\/index.php\/wp-json\/wp\/v2\/comments?post=13555"}],"version-history":[{"count":1,"href":"http:\/\/fmriachuelo.it10.com.ar\/index.php\/wp-json\/wp\/v2\/posts\/13555\/revisions"}],"predecessor-version":[{"id":22766,"href":"http:\/\/fmriachuelo.it10.com.ar\/index.php\/wp-json\/wp\/v2\/posts\/13555\/revisions\/22766"}],"wp:featuredmedia":[{"embeddable":true,"href":"http:\/\/fmriachuelo.it10.com.ar\/index.php\/wp-json\/"}],"wp:attachment":[{"href":"http:\/\/fmriachuelo.it10.com.ar\/index.php\/wp-json\/wp\/v2\/media?parent=13555"}],"wp:term":[{"taxonomy":"category","embeddable":true,"href":"http:\/\/fmriachuelo.it10.com.ar\/index.php\/wp-json\/wp\/v2\/categories?post=13555"},{"taxonomy":"post_tag","embeddable":true,"href":"http:\/\/fmriachuelo.it10.com.ar\/index.php\/wp-json\/wp\/v2\/tags?post=13555"}],"curies":[{"name":"wp","href":"https:\/\/api.w.org\/{rel}","templated":true}]}}