{"id":13541,"date":"2021-05-28T18:48:10","date_gmt":"2021-05-28T18:48:10","guid":{"rendered":"http:\/\/fmriachuelo.com.ar\/?p=13541"},"modified":"2025-02-12T16:06:32","modified_gmt":"2025-02-12T19:06:32","slug":"organizaciones-populares-impulsan-acciones-de-solidaridad-internacional-por-colombia","status":"publish","type":"post","link":"http:\/\/fmriachuelo.it10.com.ar\/index.php\/2021\/05\/28\/organizaciones-populares-impulsan-acciones-de-solidaridad-internacional-por-colombia\/","title":{"rendered":"ORGANIZACIONES POPULARES IMPULSAN ACCIONES DE SOLIDARIDAD INTERNACIONAL POR COLOMBIA"},"content":{"rendered":"<p><strong>[FM Riachuelo 28\/05\/2021] Ayer por la tarde, con motivo del mes del inicio del Paro Nacional en Colombia, la organizaci\u00f3n Inquietando Desde El Margen de Chile realiz\u00f3 un conversatorio bajo el t\u00edtulo \u201cLuchas de los Pueblos de Colombia\u201d, que cont\u00f3 con el testimonio de referentes del proceso de lucha popular que vive ese pa\u00eds en los \u00faltimos d\u00edas. El encuentro ten\u00eda adem\u00e1s por objetivo la entrega simb\u00f3lica de un documento de apoyo y solidaridad con el Pueblo colombiano que reun\u00eda m\u00e1s de una centenar de firmas de organizaciones y referentes de todo el continente.<\/strong><\/p>\n<p>La actividad fue moderada por <strong>Abner Vega<\/strong> integrante de la <strong>Organizaci\u00f3n Pol\u00edtica Inquietando desde el Margen<\/strong> de Chile quien dio la bienvenida a todos los presentes y expres\u00f3: <em>\u201cEn esta actividad queremos hacer la entrega simb\u00f3lica de esta declaraci\u00f3n a los compa\u00f1eros y compa\u00f1eras de las organizaciones de Colombia, son firmas de apoyo a esas organizaciones que en estos d\u00edas desarrollan esas luchan tan importantes no solo para el pueblo colombiano sino para todos nuestros pueblos latinoamericanos\u201d.<\/em><\/p>\n<p>La actividad cont\u00f3 con el crudo y valioso testimonio de compa\u00f1eros y compa\u00f1eras que se encontraban en plena situaci\u00f3n de movilizaci\u00f3n.<strong> Marylen Serna Salinas<\/strong>, vocera del <strong>Congreso de los Pueblos de Colombia<\/strong> expres\u00f3:<em> \u201cEs un paro que tiene fines amplios de cambiar las pol\u00edticas de muerte, de exclusi\u00f3n, de empobrecimiento de este pa\u00eds. La represi\u00f3n a sido brutal, nosotros hablamos de un genocidio. Este gobierno le ha dado un tratamiento de guerra a las movilizaciones, la represi\u00f3n ha sido brutal, m\u00e1s de miles de agresiones en un mes\u201d.<\/em><\/p>\n<p>M\u00e1s adelante, <strong>Laura Serna Mu\u00f1oz, <\/strong>vocera de<strong> Ciudad en Movimiento<\/strong> ligada al sector juvenil habl\u00f3 sobre el desarrollo del paro nacional: <em>\u201cSe viene gestando una indignaci\u00f3n nacional desde el 2019, la pandemia profundiz\u00f3 la desigualdad en el pa\u00eds, nos revela mucha m\u00e1s injusticias, se evidencia m\u00e1s la corrupci\u00f3n econ\u00f3mica y social. Hay una fuerte vulneraci\u00f3n de los derechos humanos, hay un plan, una estrategia desde el gobierno nacional mediante sus fuerzas militares de operar y atacar la movilizaci\u00f3n. El gobierno ven\u00eda planificando c\u00f3mo contrarrestar la resurrecci\u00f3n popular hay una masacre continua de l\u00edderes y lideresas sociales, est\u00e1n incumpliendo los acuerdos de paz. Hay injusticias en cuatro elementos fundamentales: la vida, el territorio, la paz y la democracia\u201d.<\/em><\/p>\n<p>La actividad tambi\u00e9n cont\u00f3 con la participaci\u00f3n de referentes de Derechos Humanos y de movimientos populares de Brasil, Argentina, Espa\u00f1a y Suecia. Estos compa\u00f1eros y compa\u00f1eras tomaron la palabra para expresarle a los colombianos la preocupaci\u00f3n y la atenci\u00f3n sobre una lucha que desde cada pa\u00eds se\u00f1alaron como propia. En ese tono se pudo destacar la intervenci\u00f3n de <strong>Lito Borello<\/strong>, secretario de Derechos Humanos de la <strong>Uni\u00f3n de Trabajadores de la Econom\u00eda Popular<\/strong>, uno de los promotores del encuentro: <em>\u201cEste encuentro nace de la preocupaci\u00f3n de diversas organizaciones que entienden de la solidaridad no solamente con la lucha de los pueblos de Colombia, sino que esa lucha tambi\u00e9n es nuestra lucha. En medio de una contraofensiva restauradora global y en medio de un proceso de recolonizaci\u00f3n en Am\u00e9rica Latina; los pueblos se alzan, se unen, se organizan, resisten la embestida de los poderosos, y al mismo tiempo vamos construyendo las condiciones para un cambio profundo, para una transformaci\u00f3n donde vamos construyendo el poder popular necesario, ya no tan solo para resistir sino para construir una sociedad m\u00e1s justa, igualitaria, una sociedad que al decir de los zapatistas &#8216;Otro mundo posible, un mundo donde quepan todos los mundos&#8217;\u201d.<\/em><\/p>\n<p>Como conclusi\u00f3n del encuentro las diversas expresiones de movimientos del continente quedaron de acuerdo en seguir coordinando acciones que amplifiquen la solidaridad y apoyo a la movilizaci\u00f3n del Pueblo colombiano.<\/p>\n<p><strong><a href=\"https:\/\/www.facebook.com\/InquietandoDesdeelMargen\/videos\/845634739704093\" target=\"_blank\" rel=\"noopener\">MIR\u00c1 AC\u00c1 LA ACTIVIDAD<\/a><\/strong><\/p>\n","protected":false},"excerpt":{"rendered":"<p>[FM Riachuelo 28\/05\/2021] Ayer por la tarde, con motivo del mes del inicio del Paro Nacional en Colombia, la organizaci\u00f3n Inquietando Desde El Margen de Chile realiz\u00f3 un conversatorio bajo el t\u00edtulo \u201cLuchas de los Pueblos de Colombia\u201d, que cont\u00f3 con el testimonio de referentes del proceso de lucha popular que vive ese pa\u00eds en [&hellip;]<\/p>\n","protected":false},"author":5,"featured_media":13542,"comment_status":"closed","ping_status":"closed","sticky":false,"template":"","format":"standard","meta":{"_monsterinsights_skip_tracking":false,"_monsterinsights_sitenote_active":false,"_monsterinsights_sitenote_note":"","_monsterinsights_sitenote_category":0,"jnews-multi-image_gallery":[],"jnews_single_post":{"format":"standard"},"jnews_primary_category":[],"_joinchat":[],"footnotes":""},"categories":[145,79,58,130],"tags":[],"class_list":["post-13541","post","type-post","status-publish","format-standard","has-post-thumbnail","hentry","category-movimientos-populares","category-nadie-se-salva-solo","category-noticiariachuelo","category-patria-grande"],"_links":{"self":[{"href":"http:\/\/fmriachuelo.it10.com.ar\/index.php\/wp-json\/wp\/v2\/posts\/13541","targetHints":{"allow":["GET"]}}],"collection":[{"href":"http:\/\/fmriachuelo.it10.com.ar\/index.php\/wp-json\/wp\/v2\/posts"}],"about":[{"href":"http:\/\/fmriachuelo.it10.com.ar\/index.php\/wp-json\/wp\/v2\/types\/post"}],"author":[{"embeddable":true,"href":"http:\/\/fmriachuelo.it10.com.ar\/index.php\/wp-json\/wp\/v2\/users\/5"}],"replies":[{"embeddable":true,"href":"http:\/\/fmriachuelo.it10.com.ar\/index.php\/wp-json\/wp\/v2\/comments?post=13541"}],"version-history":[{"count":1,"href":"http:\/\/fmriachuelo.it10.com.ar\/index.php\/wp-json\/wp\/v2\/posts\/13541\/revisions"}],"predecessor-version":[{"id":22772,"href":"http:\/\/fmriachuelo.it10.com.ar\/index.php\/wp-json\/wp\/v2\/posts\/13541\/revisions\/22772"}],"wp:featuredmedia":[{"embeddable":true,"href":"http:\/\/fmriachuelo.it10.com.ar\/index.php\/wp-json\/"}],"wp:attachment":[{"href":"http:\/\/fmriachuelo.it10.com.ar\/index.php\/wp-json\/wp\/v2\/media?parent=13541"}],"wp:term":[{"taxonomy":"category","embeddable":true,"href":"http:\/\/fmriachuelo.it10.com.ar\/index.php\/wp-json\/wp\/v2\/categories?post=13541"},{"taxonomy":"post_tag","embeddable":true,"href":"http:\/\/fmriachuelo.it10.com.ar\/index.php\/wp-json\/wp\/v2\/tags?post=13541"}],"curies":[{"name":"wp","href":"https:\/\/api.w.org\/{rel}","templated":true}]}}