{"id":13512,"date":"2021-05-16T00:33:21","date_gmt":"2021-05-16T00:33:21","guid":{"rendered":"http:\/\/fmriachuelo.com.ar\/?p=13512"},"modified":"2025-02-12T16:14:05","modified_gmt":"2025-02-12T19:14:05","slug":"lanzamiento-del-podcast-aire-plurinacional","status":"publish","type":"post","link":"http:\/\/fmriachuelo.it10.com.ar\/index.php\/2021\/05\/16\/lanzamiento-del-podcast-aire-plurinacional\/","title":{"rendered":"LANZAMIENTO DEL PODCAST AIRE PLURINACIONAL"},"content":{"rendered":"<p><strong>[FM Riachuelo, 15\/05\/2021] En el d\u00eda de ayer se estren\u00f3 el podcast \u00ab+v+tu Ramiko Yandereta \/ Ancha llajtakunap wayra \/ Aire Plurinacional\u201d, una co-producci\u00f3n de OPINOA (Organizaciones de los Pueblos Ind\u00edgenas del NOA), la Universidad Nacional de Avellaneda (UNDAV) como parte de la Red Intercultural de Equipos de Acompa\u00f1amiento Ind\u00edgena (RIEDAI) y la FM Riachuelo.\u00a0Aire Plurinacional Podcast nace del segmento radial en Romp\u00e9 el Cerco de la FM Riachuelo. Para el lanzamiento se realiz\u00f3 un zoom donde participaron docentes y alumnxs de UNDAV, representantes de OPINOA y de RIEDAI y compa\u00f1erxs de la FM Riachuelo. La actividad que fue transmitida por Radio UNDAV y FM Riachuelo, cont\u00f3 con la apertura del rector de la UNDAV Jorge Calzoni.\u00a0<\/strong><\/p>\n<p>En el encuentro virtual, hablaron distintos representantes de los espacios que estuvieron en articulaci\u00f3n para producir este material. La apertura de Nora Dari, docente de la Universidad Nacional de Quilmes e integrante de la RIEDAI, habl\u00f3 sobre la importancia de la articulaci\u00f3n entre los Pueblos Ind\u00edgenas con las universidades: \u00ab<em>Esta es una forma de acercarnos a aquellas voces que fueron silenciadas sistem\u00e1ticamente durante much\u00edsimo tiempo. Es interesante que nos podamos acercar desde otra perspectiva, desde esta l\u00f3gica que intent\u00e1bamos plantear desde el \u00e1rea de extensi\u00f3n universitaria, trabajando desde la noci\u00f3n de interculturalidad con los diferentes recorridos, actores y presencias. Y que estas presencias que no son las que est\u00e1n tradicionalmente dentro del espacio universitario, puedan empezar a visualizarse<\/em>\u00ab.<\/p>\n<p><img loading=\"lazy\" decoding=\"async\" class=\" wp-image-13515 aligncenter\" src=\"http:\/\/fmriachuelo.com.ar\/wp-content\/uploads\/2021\/05\/IMG-20201211-WA0064-300x225.jpg\" alt=\"\" width=\"448\" height=\"336\" \/><\/p>\n<p>Adem\u00e1s en la actividad de presentaci\u00f3n tomaron la palabra Luc\u00eda Casajus, integrante de la Direcci\u00f3n de Medios de Radio UNDAV y UNDAV TV, y Rodrigo \u00c1vila Huidobro, docente de la UNDAV, que fue el moderador del encuentro. Representando al colectivo de la FM Riachuelo habl\u00f3 Marianela Balbiano. En su intervenci\u00f3n realiz\u00f3 un recorrido de c\u00f3mo surgi\u00f3 esta co-producci\u00f3n y el vinculo que se conform\u00f3 gracias a esta experiencia, y\u00a0 destac\u00f3 la importancia de la unidad para seguir construyendo una alternativa al sistema: \u00ab<em>No se puede cambiar al mundo solos, por eso necesitamos generar lazos, construyendo unidad para encontrarnos y tener intercambios, porque ninguno tiene la verdad absoluta, y justamente eso se construye a trav\u00e9s de la interculturalidad. Si hay algo que aprendimos el a\u00f1o pasado desde los movimientos populares es que nadie se salva solo<\/em>\u00ab.<\/p>\n<p>Por ultimo habl\u00f3 Walter Barraza, Kamachej de la Comunidad Wayra Rimaj, Autoridad del Consejo de la Naci\u00f3n Tonokot\u00e9 Llutky de Santiago del Estero y referente de OPINOA, nos habl\u00f3 sobre la importancia de recuperar la cultura y los conocimientos ancestrales de los diferentes Pueblos Ind\u00edgenas y los v\u00ednculos que ayudan a difundir su mensaje: \u00ab<em>Los territorios son vida. Para nosotros no tienen un significado mercantilista como lo tiene el sistema que va por los recursos naturales, la soja, la ganader\u00eda, que produce la contaminaci\u00f3n y el calentamiento global. El sistema produce todos estos problemas que la humanidad est\u00e1 tratando de revertir. Por eso nos parece muy importante que se nos escuche y conformar estas alianzas. Espiritualmente, este es un ciclo que se denomin\u00f3 Pachakuty, que fue anunciado por los grandes sabios de la cultura andina, que es la recuperaci\u00f3n de los conocimientos y la cultura ancestral, todo las cosas que nos hicieron vivir en armon\u00eda durante muchos siglos y este es un gran desaf\u00edo.(&#8230;)\u00a0La palabra interculturalidad logramos llevarla a la acci\u00f3n, porque esta experiencia que desarrollamos es tangible. Todo lo que producimos con la radio Riachuelo y la UNDAV, es una oportunidad para que nos escuchen y para escucharnos. Todo surge ah\u00ed, cuando compartimos nuestras propuestas y cuando escuchamos las propuestas de las universidades, de las organizaciones, de los centros culturales y de los sindicatos que conforman la red.<\/em>\u00bb<\/p>\n<p>&nbsp;<\/p>\n<p><a href=\"https:\/\/www.youtube.com\/watch?v=wmo_jx-RcN8&amp;ab_channel=UNDAVOficial-UNDAVOficial-\">Mir\u00e1 la transmisi\u00f3n completa<\/a><\/p>\n","protected":false},"excerpt":{"rendered":"<p>[FM Riachuelo, 15\/05\/2021] En el d\u00eda de ayer se estren\u00f3 el podcast \u00ab+v+tu Ramiko Yandereta \/ Ancha llajtakunap wayra \/ Aire Plurinacional\u201d, una co-producci\u00f3n de OPINOA (Organizaciones de los Pueblos Ind\u00edgenas del NOA), la Universidad Nacional de Avellaneda (UNDAV) como parte de la Red Intercultural de Equipos de Acompa\u00f1amiento Ind\u00edgena (RIEDAI) y la FM Riachuelo.\u00a0Aire [&hellip;]<\/p>\n","protected":false},"author":5,"featured_media":13514,"comment_status":"closed","ping_status":"closed","sticky":false,"template":"","format":"standard","meta":{"_monsterinsights_skip_tracking":false,"_monsterinsights_sitenote_active":false,"_monsterinsights_sitenote_note":"","_monsterinsights_sitenote_category":0,"jnews-multi-image_gallery":[],"jnews_single_post":{"format":"standard"},"jnews_primary_category":[],"_joinchat":[],"footnotes":""},"categories":[82,58,130],"tags":[],"class_list":["post-13512","post","type-post","status-publish","format-standard","has-post-thumbnail","hentry","category-derechos-humanos","category-noticiariachuelo","category-patria-grande"],"_links":{"self":[{"href":"http:\/\/fmriachuelo.it10.com.ar\/index.php\/wp-json\/wp\/v2\/posts\/13512","targetHints":{"allow":["GET"]}}],"collection":[{"href":"http:\/\/fmriachuelo.it10.com.ar\/index.php\/wp-json\/wp\/v2\/posts"}],"about":[{"href":"http:\/\/fmriachuelo.it10.com.ar\/index.php\/wp-json\/wp\/v2\/types\/post"}],"author":[{"embeddable":true,"href":"http:\/\/fmriachuelo.it10.com.ar\/index.php\/wp-json\/wp\/v2\/users\/5"}],"replies":[{"embeddable":true,"href":"http:\/\/fmriachuelo.it10.com.ar\/index.php\/wp-json\/wp\/v2\/comments?post=13512"}],"version-history":[{"count":1,"href":"http:\/\/fmriachuelo.it10.com.ar\/index.php\/wp-json\/wp\/v2\/posts\/13512\/revisions"}],"predecessor-version":[{"id":22781,"href":"http:\/\/fmriachuelo.it10.com.ar\/index.php\/wp-json\/wp\/v2\/posts\/13512\/revisions\/22781"}],"wp:featuredmedia":[{"embeddable":true,"href":"http:\/\/fmriachuelo.it10.com.ar\/index.php\/wp-json\/"}],"wp:attachment":[{"href":"http:\/\/fmriachuelo.it10.com.ar\/index.php\/wp-json\/wp\/v2\/media?parent=13512"}],"wp:term":[{"taxonomy":"category","embeddable":true,"href":"http:\/\/fmriachuelo.it10.com.ar\/index.php\/wp-json\/wp\/v2\/categories?post=13512"},{"taxonomy":"post_tag","embeddable":true,"href":"http:\/\/fmriachuelo.it10.com.ar\/index.php\/wp-json\/wp\/v2\/tags?post=13512"}],"curies":[{"name":"wp","href":"https:\/\/api.w.org\/{rel}","templated":true}]}}